{"id":48558,"date":"2015-12-31T15:12:58","date_gmt":"2015-12-31T12:12:58","guid":{"rendered":"https:\/\/www.enerjigazetesi.ist\/?p=48558"},"modified":"2015-12-31T15:12:58","modified_gmt":"2015-12-31T12:12:58","slug":"cin-insa-asamasinda-olan-nukleer-santral-kapasitesinde-ilk-sirada","status":"publish","type":"post","link":"https:\/\/www.enerjigazetesi.ist\/en\/cin-insa-asamasinda-olan-nukleer-santral-kapasitesinde-ilk-sirada\/","title":{"rendered":"(Turkish) \u00c7in, \u0130n\u015fa A\u015famas\u0131nda Olan N\u00fckleer Santral Kapasitesinde \u0130lk S\u0131rada&#8230;"},"content":{"rendered":"<p class=\"qtranxs-available-languages-message qtranxs-available-languages-message-en\">Sorry, this entry is only available in <a href=\"https:\/\/www.enerjigazetesi.ist\/tr\/wp-json\/wp\/v2\/posts\/48558\" class=\"qtranxs-available-language-link qtranxs-available-language-link-tr\" title=\"Turkish\">Turkish<\/a>. For the sake of viewer convenience, the content is shown below in the alternative language. You may click the link to switch the active language.<\/p><p><\/p>\n<p style=\"color: #0a0a0a;\"><strong>Kurulu n\u00fckleer enerji kapasitesinde d\u00fcnyada be\u015finci s\u0131rada bulunan \u00c7in\u2019in in\u015fa halinde olan kapasitede ilk s\u0131rada bulundu\u011fu bildirildi.<a href=\"https:\/\/www.enerjigazetesi.ist\/wp-content\/uploads\/2015\/12\/cin-insa-asamasinda-olan-nukleer-santral-kapasitesinde-ilk-sirada.jpg\"><img loading=\"lazy\" class=\"alignright size-medium wp-image-48559\" src=\"https:\/\/www.enerjigazetesi.ist\/wp-content\/uploads\/2015\/12\/cin-insa-asamasinda-olan-nukleer-santral-kapasitesinde-ilk-sirada-300x165.jpg\" alt=\"cin-insa-asamasinda-olan-nukleer-santral-kapasitesinde-ilk-sirada\" width=\"300\" height=\"165\" srcset=\"https:\/\/www.enerjigazetesi.ist\/wp-content\/uploads\/2015\/12\/cin-insa-asamasinda-olan-nukleer-santral-kapasitesinde-ilk-sirada-300x165.jpg 300w, https:\/\/www.enerjigazetesi.ist\/wp-content\/uploads\/2015\/12\/cin-insa-asamasinda-olan-nukleer-santral-kapasitesinde-ilk-sirada-500x276.jpg 500w, https:\/\/www.enerjigazetesi.ist\/wp-content\/uploads\/2015\/12\/cin-insa-asamasinda-olan-nukleer-santral-kapasitesinde-ilk-sirada-80x44.jpg 80w, https:\/\/www.enerjigazetesi.ist\/wp-content\/uploads\/2015\/12\/cin-insa-asamasinda-olan-nukleer-santral-kapasitesinde-ilk-sirada.jpg 696w\" sizes=\"(max-width: 300px) 100vw, 300px\" \/><\/a><\/strong><span id=\"more-75083\"><\/span><\/p>\n<p style=\"color: #0a0a0a;\">\u00c7in Ulusal Enerji \u0130daresi Ba\u015fkan\u0131 Nur Bekri, \u201c\u00c7in\u2019in onaylanm\u0131\u015f ve in\u015fa edilen yeni n\u00fckleer enerji projeleri y\u0131lda 32 milyon kilovat \u00fcretecek kapasitede. \u00c7in, in\u015fa a\u015famas\u0131nda olan n\u00fckleer santral kapasitesinde d\u00fcnyada en b\u00fcy\u00fck\u201d dedi.<\/p>\n<p style=\"color: #0a0a0a;\">Nur Bekri, \u00c7in\u2019in 2015 y\u0131l\u0131nda 8,2 milyon kilovat ilave n\u00fckleer enerji kapasitesini faaliyete soktu\u011funu ve 8,8 milyon kilovat kapasiteli yeni santrallerin in\u015fas\u0131n\u0131 onaylad\u0131\u011f\u0131n\u0131 belirtti.<\/p>\n<p style=\"color: #0a0a0a;\">Halihaz\u0131rda 25,5 milyon kilovat kurulu n\u00fckleer enerji kapasitesine sahip olan ve t\u00fcketiminin yakla\u015f\u0131k y\u00fczde 3\u2019\u00fcn\u00fc n\u00fckleerden sa\u011flayan \u00c7in, 2020 y\u0131l\u0131nda 58 milyon kilovat kapasiteye ula\u015fmay\u0131 hedefliyor.<\/p>\n<p style=\"color: #0a0a0a;\">Kaynak: Enerji Enstit\u00fcs\u00fc<\/p>\n<p><\/p>","protected":false},"excerpt":{"rendered":"<p>Sorry, this entry is only available in Turkish. For the sake of viewer convenience, the content is shown below in the alternative language. You may click the link to switch the active language. Kurulu n\u00fckleer enerji kapasitesinde d\u00fcnyada be\u015finci s\u0131rada bulunan \u00c7in\u2019in in\u015fa halinde olan kapasitede ilk s\u0131rada bulundu\u011fu bildirildi. \u00c7in Ulusal Enerji \u0130daresi Ba\u015fkan\u0131 [&hellip;]<\/p>\n","protected":false},"author":1,"featured_media":48559,"comment_status":"open","ping_status":"open","sticky":false,"template":"","format":"standard","meta":[],"categories":[53,43],"tags":[886,5208,63,67,1009,2698,165,71,21,24259,25480,88,2973],"views":1289,"_links":{"self":[{"href":"https:\/\/www.enerjigazetesi.ist\/en\/wp-json\/wp\/v2\/posts\/48558"}],"collection":[{"href":"https:\/\/www.enerjigazetesi.ist\/en\/wp-json\/wp\/v2\/posts"}],"about":[{"href":"https:\/\/www.enerjigazetesi.ist\/en\/wp-json\/wp\/v2\/types\/post"}],"author":[{"embeddable":true,"href":"https:\/\/www.enerjigazetesi.ist\/en\/wp-json\/wp\/v2\/users\/1"}],"replies":[{"embeddable":true,"href":"https:\/\/www.enerjigazetesi.ist\/en\/wp-json\/wp\/v2\/comments?post=48558"}],"version-history":[{"count":1,"href":"https:\/\/www.enerjigazetesi.ist\/en\/wp-json\/wp\/v2\/posts\/48558\/revisions"}],"predecessor-version":[{"id":48560,"href":"https:\/\/www.enerjigazetesi.ist\/en\/wp-json\/wp\/v2\/posts\/48558\/revisions\/48560"}],"wp:featuredmedia":[{"embeddable":true,"href":"https:\/\/www.enerjigazetesi.ist\/en\/wp-json\/wp\/v2\/media\/48559"}],"wp:attachment":[{"href":"https:\/\/www.enerjigazetesi.ist\/en\/wp-json\/wp\/v2\/media?parent=48558"}],"wp:term":[{"taxonomy":"category","embeddable":true,"href":"https:\/\/www.enerjigazetesi.ist\/en\/wp-json\/wp\/v2\/categories?post=48558"},{"taxonomy":"post_tag","embeddable":true,"href":"https:\/\/www.enerjigazetesi.ist\/en\/wp-json\/wp\/v2\/tags?post=48558"}],"curies":[{"name":"wp","href":"https:\/\/api.w.org\/{rel}","templated":true}]}}