{"id":48540,"date":"2015-12-30T21:30:59","date_gmt":"2015-12-30T18:30:59","guid":{"rendered":"https:\/\/www.enerjigazetesi.ist\/?p=48540"},"modified":"2015-12-30T21:30:59","modified_gmt":"2015-12-30T18:30:59","slug":"zorlu-enerji-catilara-musteriler-icin-gunes-paneli-kurup-isletecek","status":"publish","type":"post","link":"https:\/\/www.enerjigazetesi.ist\/en\/zorlu-enerji-catilara-musteriler-icin-gunes-paneli-kurup-isletecek\/","title":{"rendered":"(Turkish) Zorlu Enerji, \u00c7at\u0131lara M\u00fc\u015fteriler \u0130\u00e7in G\u00fcne\u015f Paneli Kurup \u0130\u015fletecek&#8230;"},"content":{"rendered":"<p class=\"qtranxs-available-languages-message qtranxs-available-languages-message-en\">Sorry, this entry is only available in <a href=\"https:\/\/www.enerjigazetesi.ist\/tr\/wp-json\/wp\/v2\/posts\/48540\" class=\"qtranxs-available-language-link qtranxs-available-language-link-tr\" title=\"Turkish\">Turkish<\/a>. For the sake of viewer convenience, the content is shown below in the alternative language. You may click the link to switch the active language.<\/p><p><\/p>\n<p style=\"color: #0a0a0a;\"><strong>G\u00fcne\u015f enerjisinde T\u00fcrkiye\u2019de \u00e7at\u0131 \u00fcst\u00fc uygulamalar\u0131 hen\u00fcz yayg\u0131nla\u015famad\u0131. Zorlu Enerji, yak\u0131nda \u00e7at\u0131lara \u00e7\u0131k\u0131p, m\u00fc\u015fteriler i\u00e7in panel kurup i\u015fletmeye haz\u0131rlan\u0131yor.<\/strong><\/p>\n<p style=\"color: #0a0a0a;\">T\u00fcrkiye, enerji kaynaklar\u0131n\u0131 \u00e7e\u015fitlendirme-nin yollar\u0131n\u0131 ararken, en b\u00fcy\u00fck potansiyel alanlardan birinin g<a href=\"https:\/\/www.enerjigazetesi.ist\/wp-content\/uploads\/2015\/12\/zorlu-enerji-catilara-musteriler-icin-gunes-paneli-kurup-isletecek.jpg\"><img loading=\"lazy\" class=\"alignright size-medium wp-image-48541\" src=\"https:\/\/www.enerjigazetesi.ist\/wp-content\/uploads\/2015\/12\/zorlu-enerji-catilara-musteriler-icin-gunes-paneli-kurup-isletecek-300x165.jpg\" alt=\"zorlu-enerji-catilara-musteriler-icin-gunes-paneli-kurup-isletecek\" width=\"300\" height=\"165\" srcset=\"https:\/\/www.enerjigazetesi.ist\/wp-content\/uploads\/2015\/12\/zorlu-enerji-catilara-musteriler-icin-gunes-paneli-kurup-isletecek-300x165.jpg 300w, https:\/\/www.enerjigazetesi.ist\/wp-content\/uploads\/2015\/12\/zorlu-enerji-catilara-musteriler-icin-gunes-paneli-kurup-isletecek-500x276.jpg 500w, https:\/\/www.enerjigazetesi.ist\/wp-content\/uploads\/2015\/12\/zorlu-enerji-catilara-musteriler-icin-gunes-paneli-kurup-isletecek-80x44.jpg 80w, https:\/\/www.enerjigazetesi.ist\/wp-content\/uploads\/2015\/12\/zorlu-enerji-catilara-musteriler-icin-gunes-paneli-kurup-isletecek.jpg 696w\" sizes=\"(max-width: 300px) 100vw, 300px\" \/><\/a>\u00fcne\u015f enerjisi oldu\u011fu a\u015fik\u00e2r. D\u00fcnya enerji \u00fcretim kapasitesinin en az 4\u2019te 1\u2019inin g\u00fcne\u015fe d\u00f6nece\u011fini tahmin ettiklerini s\u00f6yleyen Zorlu Enerji\u2019nin Genel M\u00fcd\u00fcr\u00fc Sinan Ak, T\u00fcrkiye i\u00e7in de en b\u00fcy\u00fck do\u011fal kayna\u011f\u0131n g\u00fcne\u015f ve r\u00fczgar enerjisi oldu\u011funu vurguluyor. \u201cAlmanya\u2019da bug\u00fcn 40 bin megavat (MW) g\u00fcne\u015f enerjisi kapasitesi varsa, T\u00fcrkiye\u2019de rahatl\u0131kla 140 bin MW olur\u201d diyen Ak, \u00e7at\u0131lar\u0131 kiralay\u0131p, elektrik satmay\u0131 yat\u0131r\u0131m planlar\u0131 aras\u0131na ald\u0131klar\u0131n\u0131 s\u00f6yl\u00fcyor.<\/p>\n<p style=\"color: #0a0a0a;\">Ak, \u201cEvlerin \u00e7at\u0131lar\u0131na panel yerle\u015ftirmeyi hedefliyoruz. Bu i\u015f i\u00e7in 40 MW\u2019l\u0131k panel sat\u0131n ald\u0131k. 40 MW, 5 bin eve tekab\u00fcl ediyor. \u0130ki y\u00f6ntemle sat\u0131\u015f olabilir: Biri paneli koyabiliriz ve m\u00fc\u015fteri sonras\u0131 ile kendi ilgilenir. Ya da hizmet vermeye devam ederiz, \u00e7at\u0131s\u0131n\u0131 kiralar\u0131z, paneli \u00e7at\u0131s\u0131na koyar\u0131z; kar\u015f\u0131l\u0131\u011f\u0131nda indirimli fatura taahh\u00fct ediyoruz. S\u00fcreyi de 12 y\u0131l d\u00fc\u015f\u00fcn\u00fcyoruz. 12 y\u0131l indirimli fatura ile ya\u015fayacak, 12-13 y\u0131ll\u0131k kira s\u00f6zle\u015fmesinin sonunda da panelleri ev sahibine teslim edece\u011fiz. Birka\u00e7 pilot \u00e7al\u0131\u015fmam\u0131z var\u201d diyor.<\/p>\n<p style=\"color: #0a0a0a;\"><strong>\u00c7ATILARA G\u00dcNE\u015e<\/strong><\/p>\n<p style=\"color: #0a0a0a;\">H\u00fcrriyet Ekonomi M\u00fcd\u00fcr\u00fc Sefer Levent ile bir araya geldi\u011fimiz Zorlu Enerji Genel M\u00fcd\u00fcr\u00fc Sinan Ak, \u00e7at\u0131larda ba\u015flatacaklar\u0131 g\u00fcne\u015f enerjisi i\u015fletme sisteminin nas\u0131l \u00e7al\u0131\u015faca\u011f\u0131 hakk\u0131nda \u201cPanel g\u00fcnd\u00fcz elektrik \u00fcretirken, ev tamam\u0131n\u0131 t\u00fcketemiyor. T\u00fcketemedi\u011fi k\u0131sm\u0131n\u0131 belli bir al\u0131m garantisi \u00fczerinden sisteme sat\u0131yoruz. Al\u0131m garantisini biz tahsil ediyoruz, ki o paneli \u00f6d\u00fcyor zaten. \u00d6teki taraftan gece t\u00fcketti\u011fi elektri\u011fi de biz m\u00fc\u015fteriye sat\u0131yoruz, ba\u015fka kaynaklar\u0131m\u0131zdan. T\u00fcketicinin bir-iki faturas\u0131 olacak. Bir satt\u0131\u011f\u0131 elektrik i\u00e7in fatura kesecek. Gece ald\u0131\u011f\u0131 elektrik i\u00e7in de ona bir fatura kesilecek. Hesab\u0131nda alacak-verecek olacak, elektrik faturas\u0131 mevcut tarifeye g\u00f6re neyse, o sadece yar\u0131s\u0131n\u0131 \u00f6deyecek. M\u00fcstakil evler bu i\u015f i\u00e7in kolay \u00e7\u00fcnk\u00fc tek ki\u015fi ile karar veriliyor. Apartman \u00e7at\u0131lar\u0131na da konabilir ama t\u00fcm kat maliklerinin ortak karar almas\u0131 gerekiyor. Apartmanda \u00fcretilen elektri\u011fin tamam\u0131n\u0131 t\u00fcketmezlerse, \u00fcst\u00fcne para da kazanabilirler. 100 bin konuta kadar gidebiliriz\u201d \u015feklinde konu\u015fuyor. G\u00fcne\u015f enerjisi sekt\u00f6r\u00fc d\u00fcnyada h\u0131zla b\u00fcy\u00fcd\u00fck\u00e7e, g\u00fcne\u015f paneli i\u015finin de \u00e7ok h\u0131zl\u0131 ilerledi\u011fini kaydeden Ak, \u201cPiyasada y\u00fczde 12-13 verimlilikte paneller oldu\u011fu gibi, y\u00fczde 15-16 verimlilikte paneller de var. T\u00fcrkiye bir panel \u00e7\u00f6pl\u00fc\u011f\u00fcne d\u00f6n\u00fc\u015fs\u00fcn istemiyoruz. Devlet kalitesiz mallara kar\u015f\u0131 ad\u0131mlar at\u0131yor fakat yat\u0131r\u0131mc\u0131lara kaliteli mal sunabilmek i\u00e7in mutlaka ama mutlaka T\u00fcrkiye\u2019de bu panellerin \u00fcretimini sa\u011flamam\u0131z gerekiyor. Ayn\u0131 zamanda bu panellerin son teknoloji ile \u00fcretilmesi ve s\u00fcrd\u00fcr\u00fclebilir \u015fekilde geli\u015ftirilmesini sa\u011flamam\u0131z gerekiyor\u201d diye konu\u015fuyor.<\/p>\n<p style=\"color: #0a0a0a;\"><strong>YERL\u0130 \u00dcRET\u0130M \u00dcSS\u00dc<\/strong><\/p>\n<p style=\"color: #0a0a0a;\">Grubun, yerli g\u00fcne\u015f paneli \u00fcretimine haz\u0131r oldu\u011funu da s\u00f6yleyen Ak, \u201cY\u00fczde 100 yerli yap\u0131labilir mi\u201d sorumuzu \u015f\u00f6yle yan\u0131tl\u0131yor: \u201cG\u00fcne\u015f paneli \u00fcretiminde iki farkl\u0131 teknoloji var. Biri ince film, di\u011feri normal kristal dedi\u011fimiz teknoloji. Biz ince film teknolojisine yat\u0131r\u0131m yapaca\u011f\u0131z. Y\u00fczde 100 yerli olabiliyor. Hammaddesinden, madenine kadar yerli. Bir tek makineleri yurtd\u0131\u015f\u0131ndan getirmeniz gerekiyor.\u201d G\u00fcne\u015f paneli \u00fcretimi ile ilgili Ar-Ge yapmad\u0131klar\u0131n\u0131 ancak en son teknolojiyi T\u00fcrkiye\u2019ye getirerek, burada geli\u015ftirmeyi hedeflediklerini anlatan Ak, \u201cBuran\u0131n \u00fcretim \u00fcss\u00fc olmas\u0131n\u0131 istiyoruz. Yeniden s\u0131f\u0131rdan bir teknoloji ke\u015ffetmeye \u00e7al\u0131\u015fmak vakit kaybettirebilir, sonu\u00e7ta teknolojiyi getirdi\u011finiz zaman T\u00fcrkiye\u2019ye, o tamamen yerli oluyor. Bir televizyon gibi de\u011fil. Al\u0131p geli\u015ftirelim istiyoruz. Bir de cam var, cam\u0131n T\u00fcrkiye\u2019de geli\u015ftirilmesini sa\u011flayaca\u011f\u0131z. Cam sanayinin Ar-Ge\u2019si zaten \u00e7ok ileri. \u0130kincisi de panelde kullan\u0131lacak cam\u0131n i\u00e7ine d\u00f6kece\u011finiz bile\u015fim. O teknoloji de ilerliyor, art\u0131k trene binmek laz\u0131m\u201d diyor.<\/p>\n<p style=\"color: #0a0a0a;\"><strong>Yar\u0131n deseler haz\u0131r\u0131z<\/strong><\/p>\n<p style=\"color: #0a0a0a;\">AK, yerli panel \u00fcretimine ne zaman ba\u015flayacak-lar\u0131n\u0131 sordu\u011fumuzda \u201cKonya\u2019da 3 bin MW\u2019l\u0131k enerji ihtisas alan\u0131 olu\u015fturuldu. O b\u00f6lgede b\u00fcy\u00fck 300-500 MW\u2019l\u0131k panel \u00fcretim tesislerinin kurulmas\u0131 \u00f6ng\u00f6r\u00fcl\u00fcyor. H\u00fck\u00fcmet te\u015fviklerle ilgili bir tak\u0131m \u00e7al\u0131\u015fmalar yap\u0131yor. Son noktaya getirecekler. A\u00e7\u0131k\u00e7a s\u00f6ylemek gerekirse, biz haz\u0131r\u0131z. Yar\u0131n deseler biz ba\u015flayabile-cek durumday\u0131z\u201d yan\u0131t\u0131n\u0131 veriyor. Devletin bu alanda ne t\u00fcr te\u015fvikler sa\u011flad\u0131\u011f\u0131 konusunda ise Ak, \u015funlar\u0131 anlat\u0131yor: \u201cDevlet asl\u0131nda birtak\u0131m te\u015fvikler ortaya koydu. Fabrika kurulmas\u0131yla alakal\u0131 te\u015fvik var fakat bu fabrikay\u0131 5 y\u0131l kullan\u0131p, sonra \u00e7\u00f6pe atacak \u015fekilde olmamal\u0131. Bunun d\u00fcnya maliyetlerinde \u00fcretim yapabilecek bir tesis olmas\u0131 laz\u0131m. Biz buradan her yere sat\u0131\u015f yapmak istiyoruz. Fabrika kurmak isteyen ba\u015fka firmalar da var. Proje bazl\u0131 gibi daha k\u00fc\u00e7\u00fck d\u00fc\u015f\u00fcn\u00fcyorlar. Biz minimum y\u0131ll\u0131k 500 MW ile ba\u015flamak istiyoruz. D\u00fcnyada g\u00fcne\u015f paneli \u00fcreten \u00fclkelere bakt\u0131\u011f\u0131n\u0131zda iki yer \u00f6ne \u00e7\u0131k\u0131yor: Biri \u00c7in, di\u011feri de Malezya. Malezya o kadar a\u011fa\u00e7l\u0131k ki, panel yerle\u015ftirebilece\u011finiz alan yok. Ama \u015fu an d\u00fcnyan\u0131n en b\u00fcy\u00fck ikinci panel \u00fcreticisi \u00e7\u00fcnk\u00fc te\u015fvikler ona g\u00f6re haz\u0131rlanm\u0131\u015f. T\u00fcrkiye\u2019de stratejik yat\u0131r\u0131m te\u015fviki \u00e7o\u011falt\u0131labilirse, o zaman T\u00fcrkiye g\u00fcne\u015f panelinde bir \u00fcretim \u00fcss\u00fc haline gelebilir. \u00c7evremizde Kuzey Afrika var, Avrupa\u2019da zaten \u00c7in mallar\u0131na birtak\u0131m k\u0131s\u0131tlamalar var, ayn\u0131 zamanda Ortado\u011fu.\u201d<\/p>\n<p style=\"color: #0a0a0a;\">Yazan: Merve Erdil<\/p>\n<p style=\"color: #0a0a0a;\">Haberin Devam\u0131 i\u00e7in\u00a0<a style=\"color: #1e73be;\" href=\"http:\/\/www.hurriyet.com.tr\/gunes-topla-benim-icin-40033563\" target=\"_blank\" rel=\"nofollow\">t\u0131klay\u0131n\u0131z&gt;&gt;&gt;<\/a><\/p>\n<p style=\"color: #0a0a0a;\">Kaynak: H\u00fcrriyet<\/p>\n<p><\/p>","protected":false},"excerpt":{"rendered":"<p>Sorry, this entry is only available in Turkish. For the sake of viewer convenience, the content is shown below in the alternative language. You may click the link to switch the active language. G\u00fcne\u015f enerjisinde T\u00fcrkiye\u2019de \u00e7at\u0131 \u00fcst\u00fc uygulamalar\u0131 hen\u00fcz yayg\u0131nla\u015famad\u0131. Zorlu Enerji, yak\u0131nda \u00e7at\u0131lara \u00e7\u0131k\u0131p, m\u00fc\u015fteriler i\u00e7in panel kurup i\u015fletmeye haz\u0131rlan\u0131yor. T\u00fcrkiye, enerji kaynaklar\u0131n\u0131 [&hellip;]<\/p>\n","protected":false},"author":1,"featured_media":48541,"comment_status":"open","ping_status":"open","sticky":false,"template":"","format":"standard","meta":[],"categories":[53,49],"tags":[26125,27743,63,67,1009,2698,165,227,13,23133,142,4269,344],"views":1575,"_links":{"self":[{"href":"https:\/\/www.enerjigazetesi.ist\/en\/wp-json\/wp\/v2\/posts\/48540"}],"collection":[{"href":"https:\/\/www.enerjigazetesi.ist\/en\/wp-json\/wp\/v2\/posts"}],"about":[{"href":"https:\/\/www.enerjigazetesi.ist\/en\/wp-json\/wp\/v2\/types\/post"}],"author":[{"embeddable":true,"href":"https:\/\/www.enerjigazetesi.ist\/en\/wp-json\/wp\/v2\/users\/1"}],"replies":[{"embeddable":true,"href":"https:\/\/www.enerjigazetesi.ist\/en\/wp-json\/wp\/v2\/comments?post=48540"}],"version-history":[{"count":1,"href":"https:\/\/www.enerjigazetesi.ist\/en\/wp-json\/wp\/v2\/posts\/48540\/revisions"}],"predecessor-version":[{"id":48542,"href":"https:\/\/www.enerjigazetesi.ist\/en\/wp-json\/wp\/v2\/posts\/48540\/revisions\/48542"}],"wp:featuredmedia":[{"embeddable":true,"href":"https:\/\/www.enerjigazetesi.ist\/en\/wp-json\/wp\/v2\/media\/48541"}],"wp:attachment":[{"href":"https:\/\/www.enerjigazetesi.ist\/en\/wp-json\/wp\/v2\/media?parent=48540"}],"wp:term":[{"taxonomy":"category","embeddable":true,"href":"https:\/\/www.enerjigazetesi.ist\/en\/wp-json\/wp\/v2\/categories?post=48540"},{"taxonomy":"post_tag","embeddable":true,"href":"https:\/\/www.enerjigazetesi.ist\/en\/wp-json\/wp\/v2\/tags?post=48540"}],"curies":[{"name":"wp","href":"https:\/\/api.w.org\/{rel}","templated":true}]}}