{"id":48516,"date":"2015-12-30T13:57:39","date_gmt":"2015-12-30T10:57:39","guid":{"rendered":"https:\/\/www.enerjigazetesi.ist\/?p=48516"},"modified":"2015-12-30T13:57:39","modified_gmt":"2015-12-30T10:57:39","slug":"gumruk-ve-ticaret-bakani-tufenkci-rusya-ile-enerji-krizi-yasanmaz","status":"publish","type":"post","link":"https:\/\/www.enerjigazetesi.ist\/en\/gumruk-ve-ticaret-bakani-tufenkci-rusya-ile-enerji-krizi-yasanmaz\/","title":{"rendered":"(Turkish) G\u00fcmr\u00fck ve Ticaret Bakan\u0131 T\u00fcfenkci: \u201dRusya \u0130le Enerji Krizi Ya\u015fanmaz!\u201d"},"content":{"rendered":"<p class=\"qtranxs-available-languages-message qtranxs-available-languages-message-en\">Sorry, this entry is only available in <a href=\"https:\/\/www.enerjigazetesi.ist\/tr\/wp-json\/wp\/v2\/posts\/48516\" class=\"qtranxs-available-language-link qtranxs-available-language-link-tr\" title=\"Turkish\">Turkish<\/a>. For the sake of viewer convenience, the content is shown below in the alternative language. You may click the link to switch the active language.<\/p><p><\/p>\n<p style=\"color: #0a0a0a;\"><strong>G\u00fcmr\u00fck ve Ticaret Bakan\u0131 T\u00fcfenkci, \u201cHem Avrupa Birli\u011fi hem uluslararas\u0131 anla\u015fmalar gere\u011fi k\u0131sa vadede Rusya ile enerji krizi ya\u015fanmayaca\u011f\u0131na inan\u0131yorum\u201d dedi.<a href=\"https:\/\/www.enerjigazetesi.ist\/wp-content\/uploads\/2015\/12\/gumruk-ve-ticaret-bakani-tufenkci-rusya-ile-enerji-krizi-yasanmaz.jpg\"><img loading=\"lazy\" class=\"alignright size-medium wp-image-48517\" src=\"https:\/\/www.enerjigazetesi.ist\/wp-content\/uploads\/2015\/12\/gumruk-ve-ticaret-bakani-tufenkci-rusya-ile-enerji-krizi-yasanmaz-300x165.jpg\" alt=\"gumruk-ve-ticaret-bakani-tufenkci-rusya-ile-enerji-krizi-yasanmaz\" width=\"300\" height=\"165\" srcset=\"https:\/\/www.enerjigazetesi.ist\/wp-content\/uploads\/2015\/12\/gumruk-ve-ticaret-bakani-tufenkci-rusya-ile-enerji-krizi-yasanmaz-300x165.jpg 300w, https:\/\/www.enerjigazetesi.ist\/wp-content\/uploads\/2015\/12\/gumruk-ve-ticaret-bakani-tufenkci-rusya-ile-enerji-krizi-yasanmaz-500x276.jpg 500w, https:\/\/www.enerjigazetesi.ist\/wp-content\/uploads\/2015\/12\/gumruk-ve-ticaret-bakani-tufenkci-rusya-ile-enerji-krizi-yasanmaz-80x44.jpg 80w, https:\/\/www.enerjigazetesi.ist\/wp-content\/uploads\/2015\/12\/gumruk-ve-ticaret-bakani-tufenkci-rusya-ile-enerji-krizi-yasanmaz.jpg 696w\" sizes=\"(max-width: 300px) 100vw, 300px\" \/><\/a><\/strong><span id=\"more-75030\"><\/span><\/p>\n<p style=\"color: #0a0a0a;\">G\u00fcmr\u00fck ve Ticaret Bakan\u0131 B\u00fclent T\u00fcfenkci, Rusya\u2019n\u0131n tavr\u0131n\u0131 devam ettirmesi halinde T\u00fcrkiye\u2019ye verece\u011fi etkinin tahmin edilece\u011finden daha az olaca\u011f\u0131na inand\u0131\u011f\u0131n\u0131 s\u00f6yledi.<\/p>\n<p style=\"color: #0a0a0a;\">T\u00fcfenkci, T\u00fcrkiye\u2019nin enerji konusunda gerekli tedbirleri ald\u0131\u011f\u0131n\u0131 ifade ederek, \u201cDo\u011falgazla ilgili Enerji Bakanl\u0131\u011f\u0131m\u0131z gerekli giri\u015fimlerde bulundu ve k\u0131sa, orta ve uzun vadeli tedbir ve senaryolar\u0131n\u0131 \u00e7al\u0131\u015ft\u0131. Dolay\u0131s\u0131yla k\u0131sa vadede bir kriz olaca\u011f\u0131na inanm\u0131yorum. \u00c7\u00fcnk\u00fc hem Avrupa Birli\u011fi hem uluslararas\u0131 anla\u015fmalar gere\u011fi bunun k\u0131sa vadede m\u00fcmk\u00fcn olmad\u0131\u011f\u0131n\u0131 d\u00fc\u015f\u00fcn\u00fcyorum. Dolay\u0131s\u0131yla yak\u0131n zamanda Rusya ile enerji krizi ya\u015fanmayaca\u011f\u0131na inan\u0131yorum\u201d diye konu\u015ftu.<\/p>\n<p style=\"color: #0a0a0a;\">Kaynak: Enerji Enstit\u00fcs\u00fc<\/p>\n<p><\/p>","protected":false},"excerpt":{"rendered":"<p>Sorry, this entry is only available in Turkish. For the sake of viewer convenience, the content is shown below in the alternative language. You may click the link to switch the active language. G\u00fcmr\u00fck ve Ticaret Bakan\u0131 T\u00fcfenkci, \u201cHem Avrupa Birli\u011fi hem uluslararas\u0131 anla\u015fmalar gere\u011fi k\u0131sa vadede Rusya ile enerji krizi ya\u015fanmayaca\u011f\u0131na inan\u0131yorum\u201d dedi. G\u00fcmr\u00fck [&hellip;]<\/p>\n","protected":false},"author":1,"featured_media":48517,"comment_status":"open","ping_status":"open","sticky":false,"template":"","format":"standard","meta":[],"categories":[46,53],"tags":[27739,63,67,1009,2698,165,27737,1772,885,27738],"views":724,"_links":{"self":[{"href":"https:\/\/www.enerjigazetesi.ist\/en\/wp-json\/wp\/v2\/posts\/48516"}],"collection":[{"href":"https:\/\/www.enerjigazetesi.ist\/en\/wp-json\/wp\/v2\/posts"}],"about":[{"href":"https:\/\/www.enerjigazetesi.ist\/en\/wp-json\/wp\/v2\/types\/post"}],"author":[{"embeddable":true,"href":"https:\/\/www.enerjigazetesi.ist\/en\/wp-json\/wp\/v2\/users\/1"}],"replies":[{"embeddable":true,"href":"https:\/\/www.enerjigazetesi.ist\/en\/wp-json\/wp\/v2\/comments?post=48516"}],"version-history":[{"count":1,"href":"https:\/\/www.enerjigazetesi.ist\/en\/wp-json\/wp\/v2\/posts\/48516\/revisions"}],"predecessor-version":[{"id":48518,"href":"https:\/\/www.enerjigazetesi.ist\/en\/wp-json\/wp\/v2\/posts\/48516\/revisions\/48518"}],"wp:featuredmedia":[{"embeddable":true,"href":"https:\/\/www.enerjigazetesi.ist\/en\/wp-json\/wp\/v2\/media\/48517"}],"wp:attachment":[{"href":"https:\/\/www.enerjigazetesi.ist\/en\/wp-json\/wp\/v2\/media?parent=48516"}],"wp:term":[{"taxonomy":"category","embeddable":true,"href":"https:\/\/www.enerjigazetesi.ist\/en\/wp-json\/wp\/v2\/categories?post=48516"},{"taxonomy":"post_tag","embeddable":true,"href":"https:\/\/www.enerjigazetesi.ist\/en\/wp-json\/wp\/v2\/tags?post=48516"}],"curies":[{"name":"wp","href":"https:\/\/api.w.org\/{rel}","templated":true}]}}