{"id":48407,"date":"2015-12-27T23:30:00","date_gmt":"2015-12-27T20:30:00","guid":{"rendered":"https:\/\/www.enerjigazetesi.ist\/?p=48407"},"modified":"2015-12-27T23:30:00","modified_gmt":"2015-12-27T20:30:00","slug":"dogalgaz-yerine-biyogaz-onerisi","status":"publish","type":"post","link":"https:\/\/www.enerjigazetesi.ist\/en\/dogalgaz-yerine-biyogaz-onerisi\/","title":{"rendered":"(Turkish) Do\u011falgaz Yerine Biyogaz\u201d \u00d6nerisi!"},"content":{"rendered":"<p class=\"qtranxs-available-languages-message qtranxs-available-languages-message-en\">Sorry, this entry is only available in <a href=\"https:\/\/www.enerjigazetesi.ist\/tr\/wp-json\/wp\/v2\/posts\/48407\" class=\"qtranxs-available-language-link qtranxs-available-language-link-tr\" title=\"Turkish\">Turkish<\/a>. For the sake of viewer convenience, the content is shown below in the alternative language. You may click the link to switch the active language.<\/p><p><\/p>\n<p style=\"color: #363636;\"><strong>Nam\u0131k Kemal \u00dcniversitesi (NK\u00dc) Ziraat Fak\u00fcltesi Biyosistem M\u00fchendisli\u011fi B\u00f6l\u00fcm\u00fc \u00d6\u011fretim \u00dcyesi Prof. Dr. T\u00fcrkan Akta\u015f, T\u00fcrkiye\u2019nin yenilenebilir enerjiye y\u00f6nelmesi gerekti\u011fini belirterek, \u201cSadece biyogaz olarak bakarsak, \u015fu an harcad\u0131\u011f\u0131m\u0131z do\u011falgaz\u0131n y\u00fczde 80\u2032ini kar\u015f\u0131layabilece\u011fimiz biyok\u00fctle potansiyeline sahibiz\u201d dedi.<\/strong><\/p>\n<p style=\"color: #363636;\">Prof. Dr. Akta\u015f, AA muhabirine <img loading=\"lazy\" class=\"alignleft  wp-image-48408\" src=\"https:\/\/www.enerjigazetesi.ist\/wp-content\/uploads\/2015\/12\/dogalgaz-yerine-biyogaz-onerisi.jpg\" alt=\"dogalgaz-yerine-biyogaz-onerisi\" width=\"300\" height=\"230\" \/>yapt\u0131\u011f\u0131 a\u00e7\u0131klamada, gelecek 50 y\u0131lda ya\u015fanacak problemlerin ba\u015f\u0131nda enerjinin geldi\u011fini s\u00f6yledi.<\/p>\n<p style=\"color: #363636;\">Trakya\u2019n\u0131n tar\u0131m ve hayvanc\u0131l\u0131k bak\u0131m\u0131ndan g\u00fc\u00e7l\u00fc bir b\u00f6lge oldu\u011funa i\u015faret eden Akta\u015f, Tekirda\u011f\u2019daki hayvansal at\u0131klar\u0131n de\u011ferlendirilmesi noktas\u0131nda Trakya Kalk\u0131nma Ajans\u0131n\u0131n deste\u011fiyle haz\u0131rlad\u0131klar\u0131 projeye de\u011findi.<\/p>\n<p style=\"color: #363636;\">Projeyle il baz\u0131nda b\u00fcy\u00fckba\u015f, k\u00fc\u00e7\u00fckba\u015f ve kanatl\u0131 hayvan \u00fcretimi yap\u0131lan i\u015fletmeleri gezip, saha \u00e7al\u0131\u015fmas\u0131 ger\u00e7ekle\u015ftirdiklerini ifade eden Akta\u015f, laboratuvar ortam\u0131nda, toplad\u0131klar\u0131 \u00f6rneklerin biyogaz i\u00e7eri\u011fini saptad\u0131klar\u0131n\u0131 anlatt\u0131. Akta\u015f, \u201cBunlardan yola \u00e7\u0131karak \u2018Ne kadarl\u0131k elektrik \u00fcretimi olur\u2019, \u2018Ne kadarl\u0131k organik g\u00fcbre olur\u2019 gibi sonu\u00e7lara vard\u0131k\u201d diye konu\u015ftu.<\/p>\n<p style=\"color: #363636;\"><strong>\u201cTekirda\u011f\u2019da 13,3 megavatl\u0131k tesis kurulabilir\u201d<\/strong><\/p>\n<p style=\"color: #363636;\">Sadece \u00fclkenin ko\u015fullar\u0131n\u0131 d\u00fc\u015f\u00fcnerek, elektrik \u00fcretimi ve g\u00fcbre sat\u0131\u015f\u0131 gibi konular\u0131 ele ald\u0131klar\u0131n\u0131 bildiren Akta\u015f, saha \u00e7al\u0131\u015fmalar\u0131 sonucunda Tekirda\u011f\u2019\u0131n, sadece hayvan d\u0131\u015fk\u0131lar\u0131n\u0131n kullan\u0131lmas\u0131yla 13,3 megavatl\u0131k elektrik \u00fcretimi potansiyeli bulundu\u011funu belirlediklerini vurgulad\u0131.<\/p>\n<p style=\"color: #363636;\">Akta\u015f, \u201cMalkara il\u00e7esinde 5 megavatl\u0131k bir tesis kurabilece\u011fimizi g\u00f6rd\u00fck. Bu tesis kapasitesini saptarken, eri\u015filebilir at\u0131k miktar\u0131n\u0131 g\u00f6z \u00f6n\u00fcne ald\u0131k. Ayr\u0131ca di\u011fer il\u00e7elerde de 2-2,5 megavatl\u0131k tesisler kurulabilece\u011fi sonucuna vard\u0131k\u201d dedi.<\/p>\n<p style=\"color: #363636;\"><strong>\u201cT\u00fcrkiye\u2019nin yenilenebilir enerji potansiyeli \u00e7ok y\u00fcksek\u201d<\/strong><\/p>\n<p style=\"color: #363636;\">T\u00fcrkiye\u2019nin yenilenebilir enerji alanlar\u0131na y\u00f6nelmesinin \u00f6nemine dikkati \u00e7eken Akta\u015f, \u201cAsl\u0131nda sadece bu yenilenebilir enerji kaynaklar\u0131yla b\u00fct\u00fcn enerji ihtiyac\u0131m\u0131z\u0131 kar\u015f\u0131layabiliriz. Sadece biyogaz olarak bakacak olursak, \u015fu an harcad\u0131\u011f\u0131m\u0131z do\u011falgaz\u0131n y\u00fczde 80\u2032ini kar\u015f\u0131layabilece\u011fimiz biyok\u00fctle potansiyeline sahibiz\u201d ifadelerini kulland\u0131.<\/p>\n<p style=\"color: #363636;\">Trakya Kalk\u0131nma Ajans\u0131n\u0131n, biyogaz konusunda yapt\u0131klar\u0131 \u00e7al\u0131\u015fmalara s\u0131cak bakt\u0131\u011f\u0131n\u0131 kaydeden Prof. Dr. Akta\u015f, fak\u00fclte olarak haz\u0131rlad\u0131klar\u0131 \u201c\u00c7iftlik Park\u201d projesi kapsam\u0131nda \u00f6rnek biyogaz tesisi kurmay\u0131 planlad\u0131klar\u0131n\u0131 s\u00f6zlerine ekledi.<\/p>\n<p style=\"color: #363636;\">Kaynak: AA<\/p>\n<p><\/p>","protected":false},"excerpt":{"rendered":"<p>Sorry, this entry is only available in Turkish. For the sake of viewer convenience, the content is shown below in the alternative language. You may click the link to switch the active language. Nam\u0131k Kemal \u00dcniversitesi (NK\u00dc) Ziraat Fak\u00fcltesi Biyosistem M\u00fchendisli\u011fi B\u00f6l\u00fcm\u00fc \u00d6\u011fretim \u00dcyesi Prof. Dr. T\u00fcrkan Akta\u015f, T\u00fcrkiye\u2019nin yenilenebilir enerjiye y\u00f6nelmesi gerekti\u011fini belirterek, \u201cSadece [&hellip;]<\/p>\n","protected":false},"author":1,"featured_media":48408,"comment_status":"open","ping_status":"open","sticky":false,"template":"","format":"standard","meta":[],"categories":[22893,46,53],"tags":[640,92,68,19,63,67,1009,2698,165,27709,27710,27711,105],"views":1156,"_links":{"self":[{"href":"https:\/\/www.enerjigazetesi.ist\/en\/wp-json\/wp\/v2\/posts\/48407"}],"collection":[{"href":"https:\/\/www.enerjigazetesi.ist\/en\/wp-json\/wp\/v2\/posts"}],"about":[{"href":"https:\/\/www.enerjigazetesi.ist\/en\/wp-json\/wp\/v2\/types\/post"}],"author":[{"embeddable":true,"href":"https:\/\/www.enerjigazetesi.ist\/en\/wp-json\/wp\/v2\/users\/1"}],"replies":[{"embeddable":true,"href":"https:\/\/www.enerjigazetesi.ist\/en\/wp-json\/wp\/v2\/comments?post=48407"}],"version-history":[{"count":1,"href":"https:\/\/www.enerjigazetesi.ist\/en\/wp-json\/wp\/v2\/posts\/48407\/revisions"}],"predecessor-version":[{"id":48409,"href":"https:\/\/www.enerjigazetesi.ist\/en\/wp-json\/wp\/v2\/posts\/48407\/revisions\/48409"}],"wp:featuredmedia":[{"embeddable":true,"href":"https:\/\/www.enerjigazetesi.ist\/en\/wp-json\/wp\/v2\/media\/48408"}],"wp:attachment":[{"href":"https:\/\/www.enerjigazetesi.ist\/en\/wp-json\/wp\/v2\/media?parent=48407"}],"wp:term":[{"taxonomy":"category","embeddable":true,"href":"https:\/\/www.enerjigazetesi.ist\/en\/wp-json\/wp\/v2\/categories?post=48407"},{"taxonomy":"post_tag","embeddable":true,"href":"https:\/\/www.enerjigazetesi.ist\/en\/wp-json\/wp\/v2\/tags?post=48407"}],"curies":[{"name":"wp","href":"https:\/\/api.w.org\/{rel}","templated":true}]}}