{"id":48392,"date":"2015-12-26T15:43:03","date_gmt":"2015-12-26T12:43:03","guid":{"rendered":"https:\/\/www.enerjigazetesi.ist\/?p=48392"},"modified":"2015-12-26T15:44:43","modified_gmt":"2015-12-26T12:44:43","slug":"elektrik-muhendisleri-odasi-61-yasinda","status":"publish","type":"post","link":"https:\/\/www.enerjigazetesi.ist\/en\/elektrik-muhendisleri-odasi-61-yasinda\/","title":{"rendered":"(Turkish) Elektrik M\u00fchendisleri Odas\u0131 61 Ya\u015f\u0131nda!"},"content":{"rendered":"<p class=\"qtranxs-available-languages-message qtranxs-available-languages-message-en\">Sorry, this entry is only available in <a href=\"https:\/\/www.enerjigazetesi.ist\/tr\/wp-json\/wp\/v2\/posts\/48392\" class=\"qtranxs-available-language-link qtranxs-available-language-link-tr\" title=\"Turkish\">Turkish<\/a>. For the sake of viewer convenience, the content is shown below in the alternative language. You may click the link to switch the active language.<\/p><p><strong>Elektrik M\u00fchendisleri Odas\u0131 (EMO) 61 ya\u015f\u0131na bast\u0131. Elektrik M\u00fchendisleri Odas\u0131`ndan yap\u0131lan a\u00e7\u0131klamada, &#8220;EMO olarak, kurulu\u015fumuzun 61. y\u0131l\u0131n\u0131, mesleki m\u00fccadelenin \u00fclkemizin i\u00e7inde bulundu\u011fu ger\u00e7eklerden kopuk y\u00fcr\u00fct\u00fclemeyece\u011fi bilinci i\u00e7inde kutluyoruz&#8221; denildi.<\/strong><\/p>\n<p>A\u00e7\u0131klaman\u0131n devam\u0131 \u015f\u00f6yle:<\/p>\n<p>&#8220;Teknolojik geli\u015fmenin sa\u011flanabilmesi ve insanl\u0131\u011f\u0131n hizmetine sunulabilmesi i\u00e7in \u00f6ncelikle &#8220;\u00f6zg\u00fcr, d<img loading=\"lazy\" class=\"alignright size-medium wp-image-48393\" src=\"https:\/\/www.enerjigazetesi.ist\/wp-content\/uploads\/2015\/12\/elektrik-muhendisleri-odasi-61-yasinda-300x224.jpg\" alt=\"elektrik-muhendisleri-odasi-61-yasinda\" width=\"300\" height=\"224\" srcset=\"https:\/\/www.enerjigazetesi.ist\/wp-content\/uploads\/2015\/12\/elektrik-muhendisleri-odasi-61-yasinda-300x224.jpg 300w, https:\/\/www.enerjigazetesi.ist\/wp-content\/uploads\/2015\/12\/elektrik-muhendisleri-odasi-61-yasinda-500x373.jpg 500w, https:\/\/www.enerjigazetesi.ist\/wp-content\/uploads\/2015\/12\/elektrik-muhendisleri-odasi-61-yasinda-66x50.jpg 66w, https:\/\/www.enerjigazetesi.ist\/wp-content\/uploads\/2015\/12\/elektrik-muhendisleri-odasi-61-yasinda.jpg 615w\" sizes=\"(max-width: 300px) 100vw, 300px\" \/>emokratik ve bar\u0131\u015f i\u00e7inde bir toplumda ya\u015fama ihtiyac\u0131&#8221; bulunmaktad\u0131r. Ne yaz\u0131k ki bilimsel d\u00fc\u015f\u00fcncenin yok say\u0131larak, geri yap\u0131lanmalar\u0131n ortaya \u00e7\u0131kar\u0131ld\u0131\u011f\u0131; d\u00fc\u015f\u00fcnce ve fikir \u00f6zg\u00fcrl\u00fc\u011f\u00fcn\u00fcn, haber alma hakk\u0131n\u0131n yok edilmek istendi\u011fi \u00fclkemizde, rant h\u0131rs\u0131yla kamu yarar\u0131n\u0131n yok say\u0131ld\u0131\u011f\u0131 bir d\u00f6nem ya\u015f\u0131yoruz.<br \/>\nHem mesleki alanlar\u0131m\u0131zda hizmet \u00fcreten meslekta\u015flar\u0131m\u0131z\u0131n, hem de bu hizmetlerden yararlanan kamunun ortak yarar\u0131n\u0131n &#8220;bilim ve akl\u0131n egemenli\u011finden&#8221; ge\u00e7ti\u011fini biliyoruz. \u00dclkemizin getirildi\u011fi noktada bu temeli an\u0131msatmak zorunda kalmaktan derin \u00fcz\u00fcnt\u00fc duyuyoruz.<\/p>\n<p>Mesleki alanlar\u0131m\u0131z rant odakl\u0131 yakla\u015f\u0131mlara teslim edilirken, bu alanlarda y\u00fcksek \u00fccretlerle &#8220;s\u00f6zde bilimsel&#8221; sempozyumlar d\u00fczenlenmekte ve bu etkinlikler iktidar\u0131n taltifine muhatap olmaktad\u0131r. EMO ise \u00fcyelerinden ald\u0131\u011f\u0131 g\u00fc\u00e7le, mesleki alanlar\u0131nda kamunun kat\u0131l\u0131m\u0131na a\u00e7\u0131k, \u00fccretsiz bilimsel etkinlikler d\u00fczenlemekte; iktidar\u0131n ya da belli lobilerin de\u011fil, bilimsel akl\u0131n sesi olmaya \u00e7al\u0131\u015fmaktad\u0131r. Enerjiden elektromanyetik alanlara, ileti\u015fim teknolojilerinden m\u00fchendislik e\u011fitimine, elektrikli ula\u015f\u0131m sistemlerinden asans\u00f6re, yang\u0131ndan parlay\u0131c\u0131 ve patlay\u0131c\u0131 maddelerle ilgili g\u00fcvenlik sorunlar\u0131na var\u0131ncaya kadar teknik olarak g\u00f6r\u00fclen ancak g\u00fcnl\u00fck ya\u015fam\u0131m\u0131zda herhangi bir sorunla birlikte can yak\u0131c\u0131 \u015fekilde varl\u0131\u011f\u0131n\u0131 hissettiren alanlar\u0131m\u0131zda kamuoyunu bilin\u00e7lendirmeye \u00e7al\u0131\u015f\u0131yoruz. Mesleki alanlar\u0131m\u0131zdaki sorunlara bilimsel akl\u0131n y\u00f6n g\u00f6stericili\u011finde \u00e7\u00f6z\u00fcmler \u00fcretti\u011fimiz bu etkinliklerde, meslekta\u015flar\u0131m\u0131z\u0131n, akademisyenlerin ile sanayicilerin fikir al\u0131\u015fveri\u015finde bulunmalar\u0131n\u0131 sa\u011fl\u0131yoruz.<\/p>\n<p>Bug\u00fcne kadar mesleki alanlar\u0131m\u0131zla ilgili kamu yarar\u0131na ayk\u0131r\u0131 d\u00fczenlemelere ve uygulamalara kar\u015f\u0131 hem hukuki hem de demokratik platformlarda gerekli uyar\u0131lar\u0131 yap\u0131p, itirazlarda bulunduk. Mesleki alanlar\u0131m\u0131z m\u00fchendislerimizin ve t\u00fcm \u00e7al\u0131\u015fanlar\u0131n i\u015f g\u00fcvenli\u011fi dahi yok say\u0131larak, d\u00fc\u015f\u00fck \u00fccret politikas\u0131yla y\u00f6netilmeye \u00e7al\u0131\u015f\u0131lmaktad\u0131r. Bu yakla\u015f\u0131m\u0131n a\u00e7\u0131k sonucu ya\u015fanan yang\u0131n, asans\u00f6r kazalar\u0131 gibi g\u00f6z g\u00f6re g\u00f6re gelen \u00f6l\u00fcmler, i\u015f kazalar\u0131na kurban giden insanlar\u0131m\u0131z, s\u0131k s\u0131k kesilen elektriklerle ar\u0131zalanan ve haklar\u0131n\u0131 arayamayan elektrik kullan\u0131c\u0131lar\u0131; m\u00fchendislik hizmetlerinin \u00fccretleri d\u00fc\u015f\u00fcr\u00fcl\u00fcrken bu hizmetleri alan kullan\u0131c\u0131lar\u0131n kabaran faturalar\u0131 olarak kar\u015f\u0131m\u0131za \u00e7\u0131kmaktad\u0131r.<\/p>\n<p>\u00dclkemizde m\u00fchendislik mesle\u011finin geli\u015fimi ve bilimin kamu yarar\u0131na kullan\u0131lmas\u0131nda \u00f6nc\u00fcl\u00fck yapan EMO, \u00f6n\u00fcm\u00fczdeki y\u0131llarda da TMMOB ve ba\u011fl\u0131 odalar\u0131 ile birlikte kamu yarar\u0131n\u0131 temel alarak bilimsel \u00f6zg\u00fcrl\u00fc\u011f\u00fc rehber edinen bir anlay\u0131\u015f i\u00e7erisinde, onurlu y\u00fcr\u00fcy\u00fc\u015f\u00fcne ve dik duru\u015funa devam edecektir. Meslek, meslekta\u015f ve \u00fclke sorunlar\u0131n\u0131n \u00e7\u00f6z\u00fcm\u00fcn\u00fcn bar\u0131\u015f, \u00f6zg\u00fcrl\u00fck ve demokrasi u\u011fruna m\u00fccadeleden ge\u00e7ti\u011fi bilinci ile her zaman bu u\u011furdaki m\u00fccadelenin i\u00e7inde yer alacakt\u0131r.&#8221;<\/p>\n<p>Kaynak: B\u00fcltenler<\/p>","protected":false},"excerpt":{"rendered":"<p>Sorry, this entry is only available in Turkish. For the sake of viewer convenience, the content is shown below in the alternative language. You may click the link to switch the active language.Elektrik M\u00fchendisleri Odas\u0131 (EMO) 61 ya\u015f\u0131na bast\u0131. Elektrik M\u00fchendisleri Odas\u0131`ndan yap\u0131lan a\u00e7\u0131klamada, &#8220;EMO olarak, kurulu\u015fumuzun 61. y\u0131l\u0131n\u0131, mesleki m\u00fccadelenin \u00fclkemizin i\u00e7inde bulundu\u011fu ger\u00e7eklerden [&hellip;]<\/p>\n","protected":false},"author":1,"featured_media":48393,"comment_status":"open","ping_status":"open","sticky":false,"template":"","format":"standard","meta":[],"categories":[51,53],"tags":[27697,68,61,19638,1887,2873,1103,63,67,1009,2698,165],"views":781,"_links":{"self":[{"href":"https:\/\/www.enerjigazetesi.ist\/en\/wp-json\/wp\/v2\/posts\/48392"}],"collection":[{"href":"https:\/\/www.enerjigazetesi.ist\/en\/wp-json\/wp\/v2\/posts"}],"about":[{"href":"https:\/\/www.enerjigazetesi.ist\/en\/wp-json\/wp\/v2\/types\/post"}],"author":[{"embeddable":true,"href":"https:\/\/www.enerjigazetesi.ist\/en\/wp-json\/wp\/v2\/users\/1"}],"replies":[{"embeddable":true,"href":"https:\/\/www.enerjigazetesi.ist\/en\/wp-json\/wp\/v2\/comments?post=48392"}],"version-history":[{"count":1,"href":"https:\/\/www.enerjigazetesi.ist\/en\/wp-json\/wp\/v2\/posts\/48392\/revisions"}],"predecessor-version":[{"id":48394,"href":"https:\/\/www.enerjigazetesi.ist\/en\/wp-json\/wp\/v2\/posts\/48392\/revisions\/48394"}],"wp:featuredmedia":[{"embeddable":true,"href":"https:\/\/www.enerjigazetesi.ist\/en\/wp-json\/wp\/v2\/media\/48393"}],"wp:attachment":[{"href":"https:\/\/www.enerjigazetesi.ist\/en\/wp-json\/wp\/v2\/media?parent=48392"}],"wp:term":[{"taxonomy":"category","embeddable":true,"href":"https:\/\/www.enerjigazetesi.ist\/en\/wp-json\/wp\/v2\/categories?post=48392"},{"taxonomy":"post_tag","embeddable":true,"href":"https:\/\/www.enerjigazetesi.ist\/en\/wp-json\/wp\/v2\/tags?post=48392"}],"curies":[{"name":"wp","href":"https:\/\/api.w.org\/{rel}","templated":true}]}}