{"id":48384,"date":"2015-12-26T15:31:14","date_gmt":"2015-12-26T12:31:14","guid":{"rendered":"https:\/\/www.enerjigazetesi.ist\/?p=48384"},"modified":"2015-12-26T15:32:23","modified_gmt":"2015-12-26T12:32:23","slug":"yargitaydan-elektrik-kayip-kacak-bedelinin-10-yil-geriye-donuk-iade-karari","status":"publish","type":"post","link":"https:\/\/www.enerjigazetesi.ist\/en\/yargitaydan-elektrik-kayip-kacak-bedelinin-10-yil-geriye-donuk-iade-karari\/","title":{"rendered":"(Turkish) Yarg\u0131tay\u2019dan, Elektrik Kay\u0131p Ka\u00e7ak Bedelinin 10 y\u0131l Geriye D\u00f6n\u00fck \u0130ade Karar\u0131!"},"content":{"rendered":"<p class=\"qtranxs-available-languages-message qtranxs-available-languages-message-en\">Sorry, this entry is only available in <a href=\"https:\/\/www.enerjigazetesi.ist\/tr\/wp-json\/wp\/v2\/posts\/48384\" class=\"qtranxs-available-language-link qtranxs-available-language-link-tr\" title=\"Turkish\">Turkish<\/a>. For the sake of viewer convenience, the content is shown below in the alternative language. You may click the link to switch the active language.<\/p><p><\/p>\n<p style=\"color: #0a0a0a;\"><strong>\u0130zmir\u2019in Urla \u0130l\u00e7esi\u2019nde ya\u015fayan 58 ya\u015f\u0131ndaki Nail G\u00fc\u00e7l\u00fc, 4 y\u0131l \u00f6nce elektrik faturas\u0131na yans\u0131t\u0131lan kay\u0131p ka\u00e7ak bedelini geri almak i\u00e7in ba\u015flatt\u0131\u011f\u0131 hukuk m\u00fccadelesini kazand\u0131. Yarg\u0131tay 3\u2019\u00fcnc\u00fc Hukuk Dairesi, \u0130zmir 1\u2019inci T\u00fcketici Mahkemesi\u2019nin verdi\u011fi \u2019Kay\u0131p ka\u00e7ak bedelinin 10 y\u0131l geriye d\u00f6n\u00fck olarak aboneye \u00f6denmesi\u2019 y\u00f6n\u00fcndeki karar\u0131 onad\u0131.<\/strong><span id=\"more-74978\"><\/span><\/p>\n<p style=\"color: #0a0a0a;\">Urla \u0130l\u00e7esi\u2019nde ya\u015fayan emekli emniyet mensubu Nail G\u00fc\u00e7l\u00fc, elektrik faturas\u0131nda kay\u0131p ka\u00e7ak bedeli al\u0131nd\u0131<a href=\"https:\/\/www.enerjigazetesi.ist\/wp-content\/uploads\/2015\/12\/yargitaydan-elektrik-kayip-kacak-bedelinin-10-yil-geriye-donuk-iade-karari.jpg\"><img loading=\"lazy\" class=\"alignright size-medium wp-image-48385\" src=\"https:\/\/www.enerjigazetesi.ist\/wp-content\/uploads\/2015\/12\/yargitaydan-elektrik-kayip-kacak-bedelinin-10-yil-geriye-donuk-iade-karari-300x165.jpg\" alt=\"yargitaydan-elektrik-kayip-kacak-bedelinin-10-yil-geriye-donuk-iade-karari\" width=\"300\" height=\"165\" srcset=\"https:\/\/www.enerjigazetesi.ist\/wp-content\/uploads\/2015\/12\/yargitaydan-elektrik-kayip-kacak-bedelinin-10-yil-geriye-donuk-iade-karari-300x165.jpg 300w, https:\/\/www.enerjigazetesi.ist\/wp-content\/uploads\/2015\/12\/yargitaydan-elektrik-kayip-kacak-bedelinin-10-yil-geriye-donuk-iade-karari-500x276.jpg 500w, https:\/\/www.enerjigazetesi.ist\/wp-content\/uploads\/2015\/12\/yargitaydan-elektrik-kayip-kacak-bedelinin-10-yil-geriye-donuk-iade-karari-80x44.jpg 80w, https:\/\/www.enerjigazetesi.ist\/wp-content\/uploads\/2015\/12\/yargitaydan-elektrik-kayip-kacak-bedelinin-10-yil-geriye-donuk-iade-karari.jpg 696w\" sizes=\"(max-width: 300px) 100vw, 300px\" \/><\/a>\u011f\u0131n\u0131 fark edince yakla\u015f\u0131k 4 y\u0131l \u00f6nce hukuk m\u00fccadelesi ba\u015flatt\u0131. \u0130lk etapta Urla T\u00fcketici Sorunlar\u0131 Hakem Heyeti\u2019ne ba\u015fvuran G\u00fc\u00e7l\u00fc, bedelin iadesi talebiyle dilek\u00e7e verdi. Dilek\u00e7eyi de\u011ferlendiren hakem heyeti \u2019Kay\u0131p ka\u00e7ak bedelinin 10 y\u0131l geriye d\u00f6n\u00fck olarak aboneye \u00f6denmesi\u2019 y\u00f6n\u00fcnde karar verdi. Bunun \u00fczerine Gediz Elektrik Da\u011f\u0131t\u0131m A.\u015e.\u2019ye ba\u015fvuran Nail G\u00fc\u00e7l\u00fc s\u00fcreci \u015f\u00f6yle anlatt\u0131:<\/p>\n<p style=\"color: #0a0a0a;\">\u201cGediz Elektrik Da\u011f\u0131t\u0131m A.\u015e.\u2019nin avukatlar\u0131 hakem heyetinin verdi\u011fi karar\u0131 \u0130zmir 1\u2019inci T\u00fcketici Mahkemesi\u2019ne ta\u015f\u0131d\u0131. Dava 3 y\u0131l s\u00fcrd\u00fc ve bizim hakl\u0131 oldu\u011fumuz orada da kabul g\u00f6rd\u00fc. Ancak bunu da kabul etmeyip davay\u0131 Yarg\u0131tay\u2019a ta\u015f\u0131d\u0131lar. Yakla\u015f\u0131k 1 y\u0131ll\u0131k s\u00fcrecin ard\u0131ndan da Yarg\u0131tay 3\u2019\u00fcnc\u00fc Hukuk Dairesi, 1\u2019inci T\u00fcketici Mahkemesi\u2019nin verdi\u011fi karar\u0131 onad\u0131. Bundan sonra Gediz Elektrik Da\u011f\u0131t\u0131m A.\u015e.\u2019deki 10 y\u0131ll\u0131k kay\u0131p ka\u00e7ak bedelinin geri al\u0131nmas\u0131yla ilgili s\u00fcre\u00e7 ba\u015flayacak. Vatanda\u015flar\u0131m\u0131zdan bu i\u015fin pe\u015fine d\u00fc\u015fmesini ve hi\u00e7 kimseye hak etmedi\u011fi paray\u0131 \u00f6dememesini \u00f6neriyorum.\u201d<\/p>\n<p style=\"color: #0a0a0a;\">Kay\u0131p ka\u00e7ak bedelinin hesaplanmas\u0131 i\u00e7in daha \u00f6nce ba\u015fvuruda bulundu\u011funu belirten Nail G\u00fc\u00e7l\u00fc, bundan sonraki s\u00fcre\u00e7te kay\u0131p ka\u00e7ak bedeli alt\u0131nda elektrik faturas\u0131na para yans\u0131t\u0131lmas\u0131 durumunda tekrar hukuk m\u00fccadelesi ba\u015flataca\u011f\u0131n\u0131 s\u00f6yledi.<\/p>\n<p style=\"color: #0a0a0a;\">Kaynak: <a href=\"http:\/\/www.hurriyet.com.tr\/yargitaydan-elektrik-kayip-kacak-bedeline-iade-karari-40031822\" target=\"_blank\" rel=\"nofollow\">H\u00fcrriyet<\/a><\/p>\n<p><\/p>","protected":false},"excerpt":{"rendered":"<p>Sorry, this entry is only available in Turkish. For the sake of viewer convenience, the content is shown below in the alternative language. You may click the link to switch the active language. \u0130zmir\u2019in Urla \u0130l\u00e7esi\u2019nde ya\u015fayan 58 ya\u015f\u0131ndaki Nail G\u00fc\u00e7l\u00fc, 4 y\u0131l \u00f6nce elektrik faturas\u0131na yans\u0131t\u0131lan kay\u0131p ka\u00e7ak bedelini geri almak i\u00e7in ba\u015flatt\u0131\u011f\u0131 hukuk [&hellip;]<\/p>\n","protected":false},"author":1,"featured_media":48385,"comment_status":"open","ping_status":"open","sticky":false,"template":"","format":"standard","meta":[],"categories":[51,53],"tags":[68,61,1229,19638,2873,4062,63,67,1009,2698,165,5197,7293,20415,498,16416],"views":1147,"_links":{"self":[{"href":"https:\/\/www.enerjigazetesi.ist\/en\/wp-json\/wp\/v2\/posts\/48384"}],"collection":[{"href":"https:\/\/www.enerjigazetesi.ist\/en\/wp-json\/wp\/v2\/posts"}],"about":[{"href":"https:\/\/www.enerjigazetesi.ist\/en\/wp-json\/wp\/v2\/types\/post"}],"author":[{"embeddable":true,"href":"https:\/\/www.enerjigazetesi.ist\/en\/wp-json\/wp\/v2\/users\/1"}],"replies":[{"embeddable":true,"href":"https:\/\/www.enerjigazetesi.ist\/en\/wp-json\/wp\/v2\/comments?post=48384"}],"version-history":[{"count":3,"href":"https:\/\/www.enerjigazetesi.ist\/en\/wp-json\/wp\/v2\/posts\/48384\/revisions"}],"predecessor-version":[{"id":48388,"href":"https:\/\/www.enerjigazetesi.ist\/en\/wp-json\/wp\/v2\/posts\/48384\/revisions\/48388"}],"wp:featuredmedia":[{"embeddable":true,"href":"https:\/\/www.enerjigazetesi.ist\/en\/wp-json\/wp\/v2\/media\/48385"}],"wp:attachment":[{"href":"https:\/\/www.enerjigazetesi.ist\/en\/wp-json\/wp\/v2\/media?parent=48384"}],"wp:term":[{"taxonomy":"category","embeddable":true,"href":"https:\/\/www.enerjigazetesi.ist\/en\/wp-json\/wp\/v2\/categories?post=48384"},{"taxonomy":"post_tag","embeddable":true,"href":"https:\/\/www.enerjigazetesi.ist\/en\/wp-json\/wp\/v2\/tags?post=48384"}],"curies":[{"name":"wp","href":"https:\/\/api.w.org\/{rel}","templated":true}]}}