{"id":48364,"date":"2015-12-26T14:13:53","date_gmt":"2015-12-26T11:13:53","guid":{"rendered":"https:\/\/www.enerjigazetesi.ist\/?p=48364"},"modified":"2015-12-26T14:13:53","modified_gmt":"2015-12-26T11:13:53","slug":"enerji-ve-tabii-kaynaklar-bakanligi-mustesari-fatih-donmez-oldu","status":"publish","type":"post","link":"https:\/\/www.enerjigazetesi.ist\/en\/enerji-ve-tabii-kaynaklar-bakanligi-mustesari-fatih-donmez-oldu\/","title":{"rendered":"(Turkish) Enerji ve Tabii Kaynaklar Bakanl\u0131\u011f\u0131 M\u00fcste\u015far\u0131 Fatih D\u00f6nmez Oldu&#8230;"},"content":{"rendered":"<p class=\"qtranxs-available-languages-message qtranxs-available-languages-message-en\">Sorry, this entry is only available in <a href=\"https:\/\/www.enerjigazetesi.ist\/tr\/wp-json\/wp\/v2\/posts\/48364\" class=\"qtranxs-available-language-link qtranxs-available-language-link-tr\" title=\"Turkish\">Turkish<\/a>. For the sake of viewer convenience, the content is shown below in the alternative language. You may click the link to switch the active language.<\/p><p><\/p>\n<p style=\"color: #0a0a0a;\"><strong>Enerji ve Tabii Kaynaklar Bakanl\u0131\u011f\u0131\u2019na ait atama kararlar\u0131, Resmi Gazete\u2019de yay\u0131mland\u0131. Enerji ve Tabii Kaynaklar Bakanl\u0131\u011f\u0131 M\u00fcste\u015farl\u0131\u011f\u0131\u2019na Fatih D\u00f6nmez atand\u0131.<\/strong><span id=\"more-74924\"><\/span><\/p>\n<p style=\"color: #0a0a0a;\"><strong>Fatih D\u00f6nmez kimdir?<\/strong><\/p>\n<p style=\"color: #0a0a0a;\">1965 y\u0131l\u0131nda Bilecik\u2019te do\u011fan Fatih D\u00f6nmez, 1987 y\u0131l\u0131nda Y\u0131ld\u0131z Teknik \u00dcniversitesi Elektronik m\u00fchendisli<a href=\"https:\/\/www.enerjigazetesi.ist\/wp-content\/uploads\/2015\/12\/enerji-ve-tabii-kaynaklar-bakanligi-mustesari-fatih-donmez-oldu.jpg\"><img loading=\"lazy\" class=\"alignright size-medium wp-image-48365\" src=\"https:\/\/www.enerjigazetesi.ist\/wp-content\/uploads\/2015\/12\/enerji-ve-tabii-kaynaklar-bakanligi-mustesari-fatih-donmez-oldu-300x165.jpg\" alt=\"enerji-ve-tabii-kaynaklar-bakanligi-mustesari-fatih-donmez-oldu\" width=\"300\" height=\"165\" srcset=\"https:\/\/www.enerjigazetesi.ist\/wp-content\/uploads\/2015\/12\/enerji-ve-tabii-kaynaklar-bakanligi-mustesari-fatih-donmez-oldu-300x165.jpg 300w, https:\/\/www.enerjigazetesi.ist\/wp-content\/uploads\/2015\/12\/enerji-ve-tabii-kaynaklar-bakanligi-mustesari-fatih-donmez-oldu-500x276.jpg 500w, https:\/\/www.enerjigazetesi.ist\/wp-content\/uploads\/2015\/12\/enerji-ve-tabii-kaynaklar-bakanligi-mustesari-fatih-donmez-oldu-80x44.jpg 80w, https:\/\/www.enerjigazetesi.ist\/wp-content\/uploads\/2015\/12\/enerji-ve-tabii-kaynaklar-bakanligi-mustesari-fatih-donmez-oldu.jpg 696w\" sizes=\"(max-width: 300px) 100vw, 300px\" \/><\/a>\u011fi b\u00f6l\u00fcm\u00fcn\u00fc bitirdi. Kamu ve \u00f6zel sekt\u00f6r kurulu\u015flar\u0131nda enerji ve telekom\u00fcnikasyon \u00fczerine \u00e7e\u015fitli y\u00f6neticilik g\u00f6revleri yapt\u0131. \u0130\u015f d\u00fcnyas\u0131na NETA\u015e\u2019ta Ar-Ge m\u00fchendisi olarak ad\u0131m att\u0131. Daha sonra T\u00fcrk Telekom A.\u015e. ve bir Siemens \u00e7\u00f6z\u00fcm orta\u011f\u0131nda y\u00f6netici-ortak olarak g\u00f6rev ald\u0131.<\/p>\n<p style=\"color: #0a0a0a;\">1994 y\u0131l\u0131ndan itibaren \u0130stanbul Gaz Da\u011f\u0131t\u0131m A.\u015e (\u0130GDA\u015e)\u2019ta elektronik sistemler m\u00fcd\u00fcr\u00fc, et\u00fct ve proje m\u00fcd\u00fcr\u00fc, genel m\u00fcd\u00fcr yard\u0131mc\u0131s\u0131 ve y\u00f6netim kurulu \u00fcyesi olarak \u00e7al\u0131\u015ft\u0131. 2002 y\u0131l\u0131nda \u0130stanbul B\u00fcy\u00fck\u015fehir Belediyesinde g\u00f6rev alan ve \u0130\u015ftirakler Genel Koordinat\u00f6r\u00fc olan D\u00f6nmez, ayn\u0131 zamanda bu \u015firketlerin y\u00f6netim kurullar\u0131nda ba\u015fkan ve \u00fcye olarak g\u00f6rev yapt\u0131.<\/p>\n<p style=\"color: #0a0a0a;\">D\u00f6nmez ayn\u0131 zamanda T\u00fcrkiye Elektrik Sanayi Birli\u011fi\u2019nin (TESAB) kurucular\u0131ndan biridir. 4 Ocak 2008 tarihinde Resmi Gazete\u2019de yay\u0131mlanan Bakanlar Kurulu Karar\u0131 ile EPDK (Enerji Piyasas\u0131 D\u00fczenleme Kurumu) \u00fcyeli\u011fine atanan Fatih D\u00f6nmez, Enerji ve Tabii Kaynaklar Bakanl\u0131\u011f\u0131 m\u00fcste\u015farl\u0131k g\u00f6revine atanmadan \u00f6nce bu g\u00f6revini s\u00fcrd\u00fcr\u00fcyordu. Fatih D\u00f6nmez \u0130ngilizce bilmekte olup, evli ve 3 \u00e7ocuk babas\u0131d\u0131r.<\/p>\n<p style=\"color: #0a0a0a;\">Kaynak: Enerji Enstit\u00fcs\u00fc<\/p>\n<p><\/p>","protected":false},"excerpt":{"rendered":"<p>Sorry, this entry is only available in Turkish. For the sake of viewer convenience, the content is shown below in the alternative language. You may click the link to switch the active language. Enerji ve Tabii Kaynaklar Bakanl\u0131\u011f\u0131\u2019na ait atama kararlar\u0131, Resmi Gazete\u2019de yay\u0131mland\u0131. Enerji ve Tabii Kaynaklar Bakanl\u0131\u011f\u0131 M\u00fcste\u015farl\u0131\u011f\u0131\u2019na Fatih D\u00f6nmez atand\u0131. Fatih D\u00f6nmez [&hellip;]<\/p>\n","protected":false},"author":1,"featured_media":48365,"comment_status":"open","ping_status":"open","sticky":false,"template":"","format":"standard","meta":[],"categories":[53],"tags":[63,67,1009,165,27530,1394,27529],"views":1116,"_links":{"self":[{"href":"https:\/\/www.enerjigazetesi.ist\/en\/wp-json\/wp\/v2\/posts\/48364"}],"collection":[{"href":"https:\/\/www.enerjigazetesi.ist\/en\/wp-json\/wp\/v2\/posts"}],"about":[{"href":"https:\/\/www.enerjigazetesi.ist\/en\/wp-json\/wp\/v2\/types\/post"}],"author":[{"embeddable":true,"href":"https:\/\/www.enerjigazetesi.ist\/en\/wp-json\/wp\/v2\/users\/1"}],"replies":[{"embeddable":true,"href":"https:\/\/www.enerjigazetesi.ist\/en\/wp-json\/wp\/v2\/comments?post=48364"}],"version-history":[{"count":1,"href":"https:\/\/www.enerjigazetesi.ist\/en\/wp-json\/wp\/v2\/posts\/48364\/revisions"}],"predecessor-version":[{"id":48366,"href":"https:\/\/www.enerjigazetesi.ist\/en\/wp-json\/wp\/v2\/posts\/48364\/revisions\/48366"}],"wp:featuredmedia":[{"embeddable":true,"href":"https:\/\/www.enerjigazetesi.ist\/en\/wp-json\/wp\/v2\/media\/48365"}],"wp:attachment":[{"href":"https:\/\/www.enerjigazetesi.ist\/en\/wp-json\/wp\/v2\/media?parent=48364"}],"wp:term":[{"taxonomy":"category","embeddable":true,"href":"https:\/\/www.enerjigazetesi.ist\/en\/wp-json\/wp\/v2\/categories?post=48364"},{"taxonomy":"post_tag","embeddable":true,"href":"https:\/\/www.enerjigazetesi.ist\/en\/wp-json\/wp\/v2\/tags?post=48364"}],"curies":[{"name":"wp","href":"https:\/\/api.w.org\/{rel}","templated":true}]}}