{"id":48313,"date":"2015-12-24T22:01:29","date_gmt":"2015-12-24T19:01:29","guid":{"rendered":"https:\/\/www.enerjigazetesi.ist\/?p=48313"},"modified":"2015-12-24T22:01:46","modified_gmt":"2015-12-24T19:01:46","slug":"prof-dr-tanay-sidki-uyar-turkiye-enerjide-buyuk-bir-firsati-kaciriyor","status":"publish","type":"post","link":"https:\/\/www.enerjigazetesi.ist\/en\/prof-dr-tanay-sidki-uyar-turkiye-enerjide-buyuk-bir-firsati-kaciriyor\/","title":{"rendered":"(Turkish) Prof. Dr. Tanay S\u0131dk\u0131 Uyar: T\u00fcrkiye Enerjide B\u00fcy\u00fck Bir F\u0131rsat\u0131 Ka\u00e7\u0131r\u0131yor!"},"content":{"rendered":"<p class=\"qtranxs-available-languages-message qtranxs-available-languages-message-en\">Sorry, this entry is only available in <a href=\"https:\/\/www.enerjigazetesi.ist\/tr\/wp-json\/wp\/v2\/posts\/48313\" class=\"qtranxs-available-language-link qtranxs-available-language-link-tr\" title=\"Turkish\">Turkish<\/a>. For the sake of viewer convenience, the content is shown below in the alternative language. You may click the link to switch the active language.<\/p><p><strong>D\u00fcnya R\u00fczg\u00e2r Enerji Birli\u011fi ve D\u00fcnya Biyoenerji Birli\u011fi Ba\u015fkan Yard\u0131mc\u0131s\u0131 Prof. Dr. Tanay S\u0131dk\u0131 Uyar, Paris\u2019teki iklim zirvesi sonras\u0131nda sadece \u00f6nde gelen \u00e7evre \u00f6rg\u00fctlerinin de\u011fil, devletlerin de \u201cYenilenebilir Enerjiyi\u201d \u00e7\u00f6z\u00fcm olarak i\u015faret etti\u011fi bir d\u00f6nemde, T\u00fcrkiye\u2019nin g\u00f6z g\u00f6re g\u00f6re bir f\u0131rsat\u0131 ka\u00e7\u0131rmak \u00fczere oldu\u011funu ifade ediyor.<a href=\"https:\/\/www.enerjigazetesi.ist\/wp-content\/uploads\/2015\/12\/prof-dr-tanay-sidki-uyar-turkiye-enerjide-buyuk-bir-firsati-kaciriyor.jpg\"><img loading=\"lazy\" class=\"alignright size-medium wp-image-48314\" src=\"https:\/\/www.enerjigazetesi.ist\/wp-content\/uploads\/2015\/12\/prof-dr-tanay-sidki-uyar-turkiye-enerjide-buyuk-bir-firsati-kaciriyor-300x200.jpg\" alt=\"prof-dr-tanay-sidki-uyar-turkiye-enerjide-buyuk-bir-firsati-kaciriyor\" width=\"300\" height=\"200\" srcset=\"https:\/\/www.enerjigazetesi.ist\/wp-content\/uploads\/2015\/12\/prof-dr-tanay-sidki-uyar-turkiye-enerjide-buyuk-bir-firsati-kaciriyor-300x200.jpg 300w, https:\/\/www.enerjigazetesi.ist\/wp-content\/uploads\/2015\/12\/prof-dr-tanay-sidki-uyar-turkiye-enerjide-buyuk-bir-firsati-kaciriyor-1024x682.jpg 1024w, https:\/\/www.enerjigazetesi.ist\/wp-content\/uploads\/2015\/12\/prof-dr-tanay-sidki-uyar-turkiye-enerjide-buyuk-bir-firsati-kaciriyor-500x333.jpg 500w, https:\/\/www.enerjigazetesi.ist\/wp-content\/uploads\/2015\/12\/prof-dr-tanay-sidki-uyar-turkiye-enerjide-buyuk-bir-firsati-kaciriyor-75x50.jpg 75w\" sizes=\"(max-width: 300px) 100vw, 300px\" \/><\/a><\/strong><\/p>\n<p><strong>\u0130\u015fte R\u00fczgar ve G\u00fcne\u015f Enerjisi alan\u0131nda d\u00fcnyan\u0131n \u00f6nde gelen otoritelerden biri olan Prof. Dr. Uyar\u2019dan sat\u0131r ba\u015flar\u0131:<\/strong><\/p>\n<p>T\u00fcrkiye s\u0131n\u0131rs\u0131z kaynaklara sahipken yenilenebilir enerji \u00fcretimi ve kullan\u0131m\u0131 konusunda bir\u00e7ok \u00fclkenin gerisinde kal\u0131yor. Y\u00fczde 100 yenilenebilir kaynaklar\u0131 kullanan ve kendi enerjisini \u00fcreten, ekolojik ve demokratik topluma ge\u00e7i\u015f ancak bilin\u00e7li bir toplum ve enerjide \u00e7\u00f6z\u00fcmden yana yerel, ulusal karar vericilerce ger\u00e7ekle\u015febilecek.<\/p>\n<p>30 Kas\u0131m\u2019da Paris\u2019te ger\u00e7ekle\u015fen COP21 \u0130klim De\u011fi\u015fikli\u011fi Konferans\u0131\u2019nda da yine yenilebilir enerji g\u00fcndeme geldi ve bu sene y\u00fczde y\u00fcz yenilenebilir enerjinin global iklim de\u011fi\u015fikli\u011fi ve enerji kaynaklar\u0131n\u0131n t\u00fcketimine \u00e7\u00f6z\u00fcm oldu\u011fu konu\u015fulmaya ba\u015fland\u0131.T\u00fcrkiye ise yenilenebilir enerji kaynaklar\u0131 konusunda hen\u00fcz \u00e7ok yeni bir oyuncu, \u00fclkemizde yenilenebilir enerjiden elde edilen \u00fcretim 4.000 megavat. Elektrik \u00fcretiminin sadece y\u00fczde 4\u2019\u00fc r\u00fczgar enerjisinden elde ediliyor. Amerika ve \u00c7in ise T\u00fcrkiye\u2019nin toplam elektrik ihtiyac\u0131n\u0131n iki mislini yenilenebilir enerjiyle \u00fcretiyor, Hindistan da bu y\u00f6nde planlamalar yap\u0131yor.<\/p>\n<p>T\u00fcrkiye yat\u0131r\u0131m tercihlerini end\u00fcstrile\u015fmi\u015f \u00fclkelerde art\u0131k terk edilmeye ba\u015flanan enerji teknolojilerine yaparken; di\u011fer \u00fclkeler kaynak maliyeti olmayan ve bu nedenle daha da ucuz olan biyoenerji, r\u00fczgar ve g\u00fcne\u015f enerjisi kullan\u0131m\u0131 i\u00e7in \u00e7oktan harekete ge\u00e7mi\u015f durumda. Biyoenerji \u00fcretimi ise orman, tar\u0131m ve belediye at\u0131klar\u0131n\u0131n de\u011ferlendirilmesi ve i\u015fe ko\u015fulmas\u0131 anlam\u0131na geliyor.Oysa T\u00fcrkiye\u2019de r\u00fczgar, g\u00fcne\u015f ve biyoenerjiden faydalanmad\u0131\u011f\u0131m\u0131z her g\u00fcn bu maliyetsiz kaynaklar yabana gidiyor.<\/p>\n<p>\u00dclkemizin r\u00fczg\u00e2r\u0131n\u0131, g\u00fcne\u015fini ve di\u011fer yenilenebilir enerji kaynaklar\u0131n\u0131 daha aktif bir \u015fekilde nas\u0131l kullanaca\u011f\u0131z bunu d\u00fc\u015f\u00fcnmemiz gerekiyor.T\u00fcrkiye yenilenebilir enerji kullan\u0131m\u0131nda nas\u0131l daha etkin olur sorusunun yan\u0131tlar\u0131 ise olduk\u00e7a basit; \u00f6ncelikle mevcut kullan\u0131lan kaynaklarla, yenilenebilir enerji kaynaklar\u0131n\u0131n kar\u015f\u0131la\u015ft\u0131rmal\u0131 bir stratejik ara\u015ft\u0131rmas\u0131 haz\u0131rlanmal\u0131, enerjinin etkin kullan\u0131m\u0131na \u00f6ncelik verilmeli ve T\u00fcrkiye\u2019nin ekonomi, enerji ve ekoloji karar destek sistemi kurularak gelece\u011fin enerji modellemesi ve uzun vadeli stratejik planlamas\u0131 yap\u0131lmal\u0131.<\/p>\n<p>T\u00fcrkiye\u2019nin her yeri g\u00fcne\u015fli ve her yerde o kentin elektri\u011fini \u00fcretecek kadar kaynak var; ak\u0131ll\u0131 \u015febeke altyap\u0131lar\u0131 olu\u015fturarak istenilen yerde, da\u011f\u0131t\u0131lm\u0131\u015f \u00fcretim ve g\u00fcne\u015fin ula\u015ft\u0131\u011f\u0131, r\u00fczgar\u0131n ula\u015ft\u0131\u011f\u0131 her yerde, yerinde t\u00fcketim m\u00fcmk\u00fcn. Ak\u0131ll\u0131 \u015febeke sistemiyle \u00fcretilen elektrikten, her konut, her kent g\u00fcne\u015f enerjisinden faydalanabiliyor.R\u00fczgar ve g\u00fcne\u015f enerjisi ile elektrik \u00fcretimi; kayna\u011f\u0131 \u00fccretsiz en ucuz \u00fcretim y\u00f6ntemi. T\u00fcrkiye\u2019nin yenilenebilir enerji kullan\u0131m\u0131 konusunda acil ad\u0131mlar almas\u0131, do\u011fru bir stratejiyle hareket etmesi gerekiyor. Enerjide d\u0131\u015f kaynaklara ba\u011fl\u0131 olmayan bir T\u00fcrkiye i\u00e7in; yerel ve ulusal y\u00f6netimlerin ve toplumun; y\u00fcksek yat\u0131r\u0131m maliyetlerine sahip konvansiyonel enerji \u00fcretimini, yani eski teknolojiyi terk edip, \u00e7evre ve ekonomi dostu yenilenebilir enerjiye ge\u00e7mesi gerekiyor.<\/p>\n<p>Kaynak: B\u00fcltenler<\/p>","protected":false},"excerpt":{"rendered":"<p>Sorry, this entry is only available in Turkish. For the sake of viewer convenience, the content is shown below in the alternative language. You may click the link to switch the active language.D\u00fcnya R\u00fczg\u00e2r Enerji Birli\u011fi ve D\u00fcnya Biyoenerji Birli\u011fi Ba\u015fkan Yard\u0131mc\u0131s\u0131 Prof. Dr. Tanay S\u0131dk\u0131 Uyar, Paris\u2019teki iklim zirvesi sonras\u0131nda sadece \u00f6nde gelen \u00e7evre [&hellip;]<\/p>\n","protected":false},"author":1,"featured_media":48314,"comment_status":"open","ping_status":"open","sticky":false,"template":"","format":"standard","meta":[],"categories":[22893,53,49,50],"tags":[7131,63,67,1009,2698,165,227,13,8743,69,16,846,105],"views":1941,"_links":{"self":[{"href":"https:\/\/www.enerjigazetesi.ist\/en\/wp-json\/wp\/v2\/posts\/48313"}],"collection":[{"href":"https:\/\/www.enerjigazetesi.ist\/en\/wp-json\/wp\/v2\/posts"}],"about":[{"href":"https:\/\/www.enerjigazetesi.ist\/en\/wp-json\/wp\/v2\/types\/post"}],"author":[{"embeddable":true,"href":"https:\/\/www.enerjigazetesi.ist\/en\/wp-json\/wp\/v2\/users\/1"}],"replies":[{"embeddable":true,"href":"https:\/\/www.enerjigazetesi.ist\/en\/wp-json\/wp\/v2\/comments?post=48313"}],"version-history":[{"count":2,"href":"https:\/\/www.enerjigazetesi.ist\/en\/wp-json\/wp\/v2\/posts\/48313\/revisions"}],"predecessor-version":[{"id":48316,"href":"https:\/\/www.enerjigazetesi.ist\/en\/wp-json\/wp\/v2\/posts\/48313\/revisions\/48316"}],"wp:featuredmedia":[{"embeddable":true,"href":"https:\/\/www.enerjigazetesi.ist\/en\/wp-json\/wp\/v2\/media\/48314"}],"wp:attachment":[{"href":"https:\/\/www.enerjigazetesi.ist\/en\/wp-json\/wp\/v2\/media?parent=48313"}],"wp:term":[{"taxonomy":"category","embeddable":true,"href":"https:\/\/www.enerjigazetesi.ist\/en\/wp-json\/wp\/v2\/categories?post=48313"},{"taxonomy":"post_tag","embeddable":true,"href":"https:\/\/www.enerjigazetesi.ist\/en\/wp-json\/wp\/v2\/tags?post=48313"}],"curies":[{"name":"wp","href":"https:\/\/api.w.org\/{rel}","templated":true}]}}