{"id":48258,"date":"2015-12-23T21:37:58","date_gmt":"2015-12-23T18:37:58","guid":{"rendered":"https:\/\/www.enerjigazetesi.ist\/?p=48258"},"modified":"2015-12-23T21:37:58","modified_gmt":"2015-12-23T18:37:58","slug":"abdden-temiz-enerji-endustrisine-destek","status":"publish","type":"post","link":"https:\/\/www.enerjigazetesi.ist\/en\/abdden-temiz-enerji-endustrisine-destek\/","title":{"rendered":"(Turkish) ABD\u2019den Temiz Enerji End\u00fcstrisine Destek&#8230;"},"content":{"rendered":"<p class=\"qtranxs-available-languages-message qtranxs-available-languages-message-en\">Sorry, this entry is only available in <a href=\"https:\/\/www.enerjigazetesi.ist\/tr\/wp-json\/wp\/v2\/posts\/48258\" class=\"qtranxs-available-language-link qtranxs-available-language-link-tr\" title=\"Turkish\">Turkish<\/a>. For the sake of viewer convenience, the content is shown below in the alternative language. You may click the link to switch the active language.<\/p><p><strong>Amerika\u2019da g\u00fcne\u015f ve r\u00fczg\u00e2r enerjisi adaptasyonunu sa\u011flayan, temiz enerji \u00fcreten \u00f6nemli firmalar i\u00e7in, vergi kredileri sa\u011flanmas\u0131 g\u00fcndemde.<\/strong><\/p>\n<p>Amerika\u2019da ger\u00e7ekle\u015fen son meclis oturumunda <strong>temiz enerji <\/strong>politikalar\u0131na ait \u00f6nemli kararlar al\u0131nd\u0131. Ana harcama pusulas\u0131n\u0131n g\u00f6r\u00fc\u015f\u00fcld\u00fc\u011f\u00fc toplant\u0131da, Amerika\u2019da <strong>g\u00fcne\u015f ve r\u00fczg\u00e2r enerjisi<\/strong> adaptasyonunu sa\u011flayan, <strong>temiz enerji <\/strong>\u00fcreten \u00f6nemli firmalar i\u00e7i<a href=\"https:\/\/www.enerjigazetesi.ist\/wp-content\/uploads\/2015\/12\/abdden-temiz-enerji-endustrisine-destek.jpg\"><img loading=\"lazy\" class=\"alignleft  wp-image-48259\" src=\"https:\/\/www.enerjigazetesi.ist\/wp-content\/uploads\/2015\/12\/abdden-temiz-enerji-endustrisine-destek-300x110.jpg\" alt=\"abdden-temiz-enerji-endustrisine-destek\" width=\"300\" height=\"176\" \/><\/a>n, vergi kredileri sa\u011flanmas\u0131 g\u00fcndemde. Ba\u015fkan Obama\u2019n\u0131n yeni paketi yak\u0131nda imzalamas\u0131 bekleniyor.<br \/>\nYat\u0131r\u0131m vergi kredileri olarak adland\u0131r\u0131lan kurum ya da ITC, g\u00fcne\u015f enerjisi \u00fcreten firmalara g\u00fcne\u015f sisteminin fiyat\u0131 \u00fczerinden y\u00fczde 30 vergi indirimi sa\u011fl\u0131yor.<\/p>\n<p>Planlara g\u00f6re sa\u011flanacak krediler, uzun vadede sekt\u00f6r krediye ihtiya\u00e7 duymayacak olgunlu\u011fa eri\u015fene kadar devam edecek. End\u00fcstrinin b\u00fcy\u00fcmesi ile vergi kredilerinin 2019\u2019da iyi bir seviyeye gelesi bekleniyor. Bu noktadan sonra 2022\u2019ye kadar derece derece y\u00fczde 10\u2019a kadar azalacak.<\/p>\n<p>GTM Ara\u015ft\u0131rma \u015firketi analistleri, yeni politika sayesinde Amerika\u2019da 2024\u2019e kadar <strong>g\u00fcne\u015f enerji santral kurumlar\u0131n\u0131n<\/strong> y\u00fczde 54 artaca\u011f\u0131n\u0131 belirtiyorlar. Yetkililer, gelecek 5 y\u0131l i\u00e7erisinde ise <strong>g\u00fcne\u015f enerji da\u011f\u0131t\u0131m <\/strong>kapasitesine 25 gigawatt daha eklenece\u011fini s\u00f6zlerine ekliyorlar.<\/p>\n<p>A\u00e7\u0131klamalara g\u00f6re, sekt\u00f6rdeki geni\u015flemenin en b\u00fcy\u00fck yans\u0131mas\u0131n\u0131n <strong>g\u00fcne\u015f enerji sistemleri<\/strong> \u00fczerinde olmas\u0131 bekleniyor. <strong>G\u00fcne\u015f enerji projelerinin<\/strong> 2020\u2019ye kadar y\u00fczde 73 b\u00fcy\u00fcyece\u011fi \u00f6ng\u00f6r\u00fcl\u00fcyor.<br \/>\nBloomberg New Energy Finans ara\u015ft\u0131rmac\u0131lar\u0131n\u0131n yapt\u0131\u011f\u0131 a\u00e7\u0131klamaya g\u00f6re, destek olmadan Amerika\u2019da 2021\u2019e kadar 25 gigawat\u2019l\u0131k yeni r\u00fczgar \u00e7iftliklerinin kurulabilece\u011fi beklenirken, destek paket ile birlikte ile ya\u015fanacak geni\u015fleme sayesinde gelecek 6 y\u0131lda <strong>r\u00fczgar enerjisine<\/strong> yap\u0131lacak yat\u0131r\u0131mlara y\u00f6nelik \u00f6ng\u00f6r\u00fcler yakla\u015f\u0131k iki kat\u0131na \u00e7\u0131k\u0131yor ve 44 gigawattl\u0131k bir kurulumun olabilece\u011fi belirtiliyor.<\/p>\n<p>Kaynak: Alternatif Enerji<\/p>","protected":false},"excerpt":{"rendered":"<p>Sorry, this entry is only available in Turkish. For the sake of viewer convenience, the content is shown below in the alternative language. You may click the link to switch the active language.Amerika\u2019da g\u00fcne\u015f ve r\u00fczg\u00e2r enerjisi adaptasyonunu sa\u011flayan, temiz enerji \u00fcreten \u00f6nemli firmalar i\u00e7in, vergi kredileri sa\u011flanmas\u0131 g\u00fcndemde. Amerika\u2019da ger\u00e7ekle\u015fen son meclis oturumunda temiz [&hellip;]<\/p>\n","protected":false},"author":1,"featured_media":48259,"comment_status":"open","ping_status":"open","sticky":false,"template":"","format":"standard","meta":[],"categories":[53,49],"tags":[1198,63,67,1009,2698,165,227,469,13,23133,4269,69,16,23318,4784,842],"views":998,"_links":{"self":[{"href":"https:\/\/www.enerjigazetesi.ist\/en\/wp-json\/wp\/v2\/posts\/48258"}],"collection":[{"href":"https:\/\/www.enerjigazetesi.ist\/en\/wp-json\/wp\/v2\/posts"}],"about":[{"href":"https:\/\/www.enerjigazetesi.ist\/en\/wp-json\/wp\/v2\/types\/post"}],"author":[{"embeddable":true,"href":"https:\/\/www.enerjigazetesi.ist\/en\/wp-json\/wp\/v2\/users\/1"}],"replies":[{"embeddable":true,"href":"https:\/\/www.enerjigazetesi.ist\/en\/wp-json\/wp\/v2\/comments?post=48258"}],"version-history":[{"count":1,"href":"https:\/\/www.enerjigazetesi.ist\/en\/wp-json\/wp\/v2\/posts\/48258\/revisions"}],"predecessor-version":[{"id":48260,"href":"https:\/\/www.enerjigazetesi.ist\/en\/wp-json\/wp\/v2\/posts\/48258\/revisions\/48260"}],"wp:featuredmedia":[{"embeddable":true,"href":"https:\/\/www.enerjigazetesi.ist\/en\/wp-json\/wp\/v2\/media\/48259"}],"wp:attachment":[{"href":"https:\/\/www.enerjigazetesi.ist\/en\/wp-json\/wp\/v2\/media?parent=48258"}],"wp:term":[{"taxonomy":"category","embeddable":true,"href":"https:\/\/www.enerjigazetesi.ist\/en\/wp-json\/wp\/v2\/categories?post=48258"},{"taxonomy":"post_tag","embeddable":true,"href":"https:\/\/www.enerjigazetesi.ist\/en\/wp-json\/wp\/v2\/tags?post=48258"}],"curies":[{"name":"wp","href":"https:\/\/api.w.org\/{rel}","templated":true}]}}