{"id":48199,"date":"2015-12-22T20:49:21","date_gmt":"2015-12-22T17:49:21","guid":{"rendered":"https:\/\/www.enerjigazetesi.ist\/?p=48199"},"modified":"2015-12-22T20:51:09","modified_gmt":"2015-12-22T17:51:09","slug":"global-compactin-kadin-guclenirse-toplum-guclenir-calismalari-suruyor","status":"publish","type":"post","link":"https:\/\/www.enerjigazetesi.ist\/en\/global-compactin-kadin-guclenirse-toplum-guclenir-calismalari-suruyor\/","title":{"rendered":"(Turkish) Global Compact&#8217;\u0131n T\u00fcrkiye Kad\u0131n\u0131n G\u00fc\u00e7lenmesi \u00c7al\u0131\u015fma Grubu \u00c7al\u0131\u015fmalar\u0131 S\u00fcr\u00fcyor&#8230;"},"content":{"rendered":"<p class=\"qtranxs-available-languages-message qtranxs-available-languages-message-en\">Sorry, this entry is only available in <a href=\"https:\/\/www.enerjigazetesi.ist\/tr\/wp-json\/wp\/v2\/posts\/48199\" class=\"qtranxs-available-language-link qtranxs-available-language-link-tr\" title=\"Turkish\">Turkish<\/a>. For the sake of viewer convenience, the content is shown below in the alternative language. You may click the link to switch the active language.<\/p><p><strong>Global Compact \u00fcyeleri ve destek\u00e7ilerinden olu\u015fan Global Compact T\u00fcrkiye Kad\u0131n\u0131n G\u00fc\u00e7lenmesi \u00c7al\u0131\u015fma Grubu, \u201cKad\u0131n G\u00fc\u00e7lenirse, Toplum G\u00fc\u00e7lenir\u201d slogan\u0131 ile \u00e7al\u0131\u015fmalar\u0131na devam ediyor.<\/strong><\/p>\n<p class=\"p1\">Global Compact T\u00fcrkiye Sekretaryas\u0131n\u0131 T\u00dcS\u0130AD ile ortak y\u00fcr\u00fcten T\u0130SK\u2019in koordinasyonunda, Birle\u015fmi\u015f Milletler N\u00fcfus Fonu (UNFPA) ve Birle\u015fmi\u015f Milletler Toplumsal Cinsiyet E\u015fitli\u011fi ve Kad\u0131n\u0131n G\u00fc\u00e7lenmesi Birimi\u2019nin (UN Women) deste\u011fiyle Kas\u0131m ay\u0131nda 4\u2019\u00fcnc\u00fc defa b<a href=\"https:\/\/www.enerjigazetesi.ist\/wp-content\/uploads\/2015\/12\/global-compact-kadin-guclenirse-toplum-guclenir-calismalari-suruyor.jpg\"><img loading=\"lazy\" class=\"alignleft  wp-image-48200\" src=\"https:\/\/www.enerjigazetesi.ist\/wp-content\/uploads\/2015\/12\/global-compact-kadin-guclenirse-toplum-guclenir-calismalari-suruyor-300x137.jpg\" alt=\"global-compact-kadin-guclenirse-toplum-guclenir-calismalari-suruyor\" width=\"291\" height=\"186\" \/><\/a>iraraya gelen Kad\u0131n\u0131n G\u00fc\u00e7lenmesi \u00c7al\u0131\u015fma Grubu\u2019na,\u00a0 \u00e7o\u011funlu\u011fu \u015firketler olmak \u00fczere, \u00fcniversiteler, STK\u2019lar, meslek \u00f6rg\u00fctleri ve belediyelerin de kat\u0131l\u0131m\u0131yla 50\u2019den fazla kurum ve kurulu\u015f \u00fcye oldu. Global Compact T\u00fcrkiye\u2019nin \u00fcye say\u0131s\u0131 en fazla \u00e7al\u0131\u015fma grubu olma \u00f6zelli\u011fini ta\u015f\u0131yan Kad\u0131n\u0131n G\u00fc\u00e7lenmesi \u00c7al\u0131\u015fma Grubu\u2019nun (KG\u00c7G) ge\u00e7mi\u015f d\u00f6nem toplant\u0131lar\u0131nda \u00e7al\u0131\u015fma \u015fekli,\u00a0 hedefleri ve belirlenen hedeflere y\u00f6nelik faaliyet planlar\u0131 olu\u015fturuldu.<\/p>\n<p class=\"p1\">Haziran 2014\u2019de faaliyetlerine ba\u015flayan KG\u00c7G\u2019nun ama\u00e7lar\u0131; \u00f6zel sekt\u00f6r\u00fcn toplumsal cinsiyet e\u015fitli\u011fi giri\u015fimlerini biraraya getirerek \u015firketler aras\u0131 \u00f6\u011frenme s\u00fcre\u00e7lerinin desteklenmesi ve Kad\u0131n\u0131n G\u00fc\u00e7lenmesi Prensipleri\u2019nin (WEPs) \u00fclke \u00e7ap\u0131nda yay\u0131l\u0131m\u0131na katk\u0131 sa\u011flanmas\u0131 olarak belirlendi. KG\u00c7G\u2019nun ama\u00e7lar\u0131na y\u00f6nelik faaliyetlerin yerine getirilmesi i\u00e7in 6 ayr\u0131 ekip olu\u015fturuldu. Bunlar; \u0130leti\u015fim, Materyal Olu\u015fturma, WEPs Uygulama Rehberi Haz\u0131rlama, E\u011fitim Materyalleri, Ment\u00f6rl\u00fck ve Destek Ekibi.<\/p>\n<p class=\"p1\">2015 sonu itibariyle d\u00fcnya \u00e7ap\u0131nda 1000\u2019den fazla imzac\u0131s\u0131 bulunan WEPs giri\u015fiminin 2014 y\u0131l\u0131nda T\u00fcrkiye\u2019de 25 olan imzac\u0131 say\u0131s\u0131n\u0131n 2015\u2019de 53\u2019e ula\u015fmas\u0131yla, T\u00fcrkiye, d\u00fcnyada en fazla WEPs imzac\u0131s\u0131na sahip 5\u2019inci \u00fclke konumuna y\u00fckseldi.<\/p>\n<p class=\"p1\">Global Compact T\u00fcrkiye Kad\u0131n\u0131n G\u00fc\u00e7lenmesi \u00c7al\u0131\u015fma Grubu <strong>12 Kas\u0131m 2015<\/strong> tarihinde <strong>Ankara\u2019da<\/strong> Birle\u015fmi\u015f Milletler Merkezi\u2019nde yap\u0131lan <strong>d\u00f6rd\u00fcnc\u00fc toplant\u0131s\u0131na<\/strong> 38 temsilci kat\u0131ld\u0131.<\/p>\n<p class=\"p1\">Toplant\u0131da, Birle\u015fmi\u015f Milletler (BM) Enformasyon M\u00fcd\u00fcr\u00fc Ahmet Parla, BM vizyonu, BM T\u00fcrkiye faaliyetleri, S\u00fcrd\u00fcr\u00fclebilir Kalk\u0131nma Hedefleri (SKH) ve 17 Hedef\u2019in i\u00e7eri\u011fi konusunda kat\u0131l\u0131mc\u0131lara bilgi verdi.<\/p>\n<p class=\"p1\">Daha sonra s\u00f6z alan UNFPA T\u00fcrkiye Temsilci Yard\u0131mc\u0131s\u0131 Zeynep Ba\u015farankut Kan ise, daha \u00f6nce 2015\u2019te ula\u015f\u0131lmas\u0131 \u00f6ng\u00f6r\u00fclm\u00fc\u015f olan Biny\u0131l Kalk\u0131nma Hedefleri konusunda ilerleme kaydedildi\u011fini, fakat \u00f6zellikle sa\u011fl\u0131k ve toplumsal cinsiyet e\u015fitli\u011fi konular\u0131ndaki hedeflerde T\u00fcrkiye\u2019nin zay\u0131f performans sergiledi\u011fini belirtti. Sa\u011fl\u0131k konusunda T\u00fcrkiye\u2019nin makro g\u00f6stergelerdeki ba\u015far\u0131l\u0131 performans\u0131na kar\u015f\u0131n, b\u00f6lgeler aras\u0131 e\u015fitsizli\u011fin g\u00f6zlendi\u011fini; toplumsal cinsiyet e\u015fitli\u011finde mikro ve makro \u00f6l\u00e7ekte e\u015fitsizliklerin devam etti\u011fini; 2015 sonras\u0131 kalk\u0131nma g\u00fcndemini belirleyen hedefler aras\u0131nda \u00f6zellikle 3\u2019\u00fcnc\u00fc (sa\u011fl\u0131k) ve 5\u2019inci (cinsiyet e\u015fitli\u011fi) hedefin UNFPA\u2019in g\u00fcndeminde oldu\u011funu s\u00f6zlerine ekledi. Ba\u015farankut Kan, \u00f6zel sekt\u00f6r ile ortak yapt\u0131klar\u0131 \u00e7al\u0131\u015fmalara da de\u011finerek, kad\u0131na yat\u0131r\u0131m yapman\u0131n ve istihdama katman\u0131n i\u015fletmelere de \u00f6nemli getirisi oldu\u011funu belirtti.<\/p>\n<p class=\"p1\">BM Toplumsal Cinsiyet E\u015fitli\u011fi Uzman\u0131 Zeliha \u00dcnald\u0131, \u201cS\u00fcrd\u00fcr\u00fclebilir Kalk\u0131nma Hedeflerine Cinsiyet E\u015fitli\u011fi \u00c7er\u00e7evesinden Bak\u0131\u015f\u201d ba\u015fl\u0131kl\u0131 sunumunda, hedeflerin kapsay\u0131c\u0131 ve kat\u0131l\u0131mc\u0131 bir yakla\u015f\u0131mla olu\u015fturuldu\u011funu,\u00a0<span class=\"Apple-converted-space\">\u00a0<\/span>hedeflerin \u00f6zel sekt\u00f6re \u00f6nemli f\u0131rsatlar sunman\u0131n yan\u0131 s\u0131ra sorumluluklar da y\u00fckledi\u011fini, 5\u2019inci hedefin (Toplumsal cinsiyet e\u015fitli\u011finin sa\u011flanmas\u0131 ve t\u00fcm kad\u0131nlar\u0131n ve k\u0131z \u00e7ocuklar\u0131n\u0131n g\u00fc\u00e7lenmesi) T\u00fcrkiye i\u00e7in \u00f6nem te\u015fkil etti\u011fini, ilgili g\u00f6stergelerin yerelle\u015ftirilmesi ve savunulmas\u0131 konusunda Kad\u0131n\u0131n G\u00fc\u00e7lenmesi \u00c7al\u0131\u015fma Grubu\u2019nun rol oynayabilece\u011fini ifade etti.<\/p>\n<p class=\"p1\">KAG\u0130DER Y\u00f6netim Kurulu \u00dcyesi Devrim Erol, komite ba\u015fkanl\u0131\u011f\u0131n\u0131 KAG\u0130DER\u2019in y\u00fcr\u00fctt\u00fc\u011f\u00fc; 16-17 Ekim 2015 tarihlerinde \u0130stanbul\u2019da ger\u00e7ekle\u015ftirilen Women 20 Zirvesi ve sonu\u00e7 bildirisi hakk\u0131nda bilgilendirmede bulundu.<\/p>\n<p class=\"p1\"><a style=\"color: #00546e;\" href=\"http:\/\/www.globalcompactturkiye.org\/wp-content\/uploads\/2015\/12\/KadinCalismaToplanti-12112015-2.jpg\"><img loading=\"lazy\" class=\"wp-image-2764 aligncenter\" src=\"http:\/\/www.globalcompactturkiye.org\/wp-content\/uploads\/2015\/12\/KadinCalismaToplanti-12112015-2.jpg\" alt=\"KadinCalismaToplanti-12112015-2\" width=\"597\" height=\"274\" \/><\/a><\/p>\n<p class=\"p1\">Global Compact T\u00fcrkiye Sekretaryas\u0131\u2019n\u0131n yapt\u0131\u011f\u0131 sunumda ise 15-16 Mart 2016 tarihlerinde New York\u2019da d\u00fczenlenecek WEPs Y\u0131ll\u0131k Konferans\u0131; 2016 WEPs Liderlik \u00d6d\u00fclleri ba\u015fvurular\u0131; SUTEKS Grup ile WEPs Sekretaryas\u0131 aras\u0131nda kad\u0131n-erkek e\u015fitli\u011fini, WEPs\u2019in imzalanmas\u0131 ve uygulanmas\u0131n\u0131 te\u015fvik etmek \u00fczere imzalanan ortakl\u0131k anla\u015fmas\u0131; \u00c7al\u0131\u015fma Grubu Teknik Ekip \u00dcyeleri\u2019nce haz\u0131rlanan \u201cWEPs Savunuculu\u011fu G\u00f6rev Tan\u0131m\u0131\u201dn\u0131n sunu\u015fu konular\u0131 ele al\u0131nd\u0131.<\/p>\n<p class=\"p1\">SUTEKS Grup Y\u00f6netim Kurulu Ba\u015fkan\u0131 Nur Ger, SUTEKS Grup olarak kad\u0131n\u0131n g\u00fc\u00e7lenmesi konusunda yapt\u0131klar\u0131 \u00e7al\u0131\u015fmalar, Kad\u0131n\u0131n G\u00fc\u00e7lenmesi \u0130lkelerinin \u015firket i\u00e7indeki uygulamalar\u0131 hakk\u0131nda bilgi verdi. WEPs\u2019in \u00fclkemizdeki etkinli\u011fini de\u011ferlendiren, mevcut f\u0131rsatlar ve geli\u015ftirilmesi gereken alanlar hakk\u0131ndaki g\u00f6r\u00fc\u015flerini belirten Ger, WEPs Savunuculu\u011fu Rol\u00fc kapsam\u0131nda WEPs imzac\u0131 say\u0131s\u0131n\u0131n art\u0131r\u0131lmas\u0131, ilgili kaynaklar\u0131n olu\u015fturulmas\u0131, iyi \u00f6rneklerin payla\u015f\u0131lmas\u0131 ve uygulamalar\u0131n art\u0131r\u0131lmas\u0131 konular\u0131nda destek vereceklerini belirtti. \u00c7al\u0131\u015fma Grubu \u00dcyelerinin onay\u0131 do\u011frultusunda, Nur Ger, 2 y\u0131ll\u0131k WEPs Savunuculu\u011fu\u2019na se\u00e7ildi.<\/p>\n<p class=\"p1\">\u0130leti\u015fim Ekibi ad\u0131na s\u00f6z alan, Ye\u015fim Tekstil Kurumsal \u0130leti\u015fim Direkt\u00f6r\u00fc Dilek Cesur, kat\u0131l\u0131mc\u0131lara \u0130leti\u015fim Ekibi faaliyetleri hakk\u0131nda bilgi verdi. Cesur, ger\u00e7ekle\u015ftirilen bas\u0131n ziyaretlerinden, Kad\u0131n G\u00fc\u00e7lenirse Toplum G\u00fc\u00e7lenir konulu e-b\u00fcltenden, Borsa \u0130stanbul ortakl\u0131\u011f\u0131nda Mart 2015\u2019de d\u00fczenlenen \u201cBorsa Zilinin E\u015fitlik i\u00e7in \u00c7al\u0131nmas\u0131\u201d etkinli\u011finden ve bas\u0131n yans\u0131malar\u0131ndan bahsetti. \u00dcyelerin ortak karar\u0131 ile 2016 y\u0131l\u0131nda da bas\u0131n ziyaretlerine devam edilmesine, e-b\u00fcltenin tekrarlanmas\u0131na ve farkl\u0131 ileti\u015fim y\u00f6ntemleri bulunmas\u0131 konusunda \u00e7al\u0131\u015fmalar yap\u0131lmas\u0131na karar verildi.<\/p>\n<p class=\"p1\">WEPs Uygulama Rehberi Ekibini temsilen s\u00f6z alan UN Women Proje Sorumlusu Ay\u015feg\u00fcl Ba\u011f, Taslak Rehberin amac\u0131n\u0131 ve i\u00e7eri\u011fini a\u00e7\u0131klayarak, Rehber haz\u0131rl\u0131\u011f\u0131 konusunda Ya\u015fama Dair Vakf\u0131 uzmanlar\u0131 ile ortak \u00e7al\u0131\u015fma yap\u0131ld\u0131\u011f\u0131n\u0131 kaydetti.<\/p>\n<p class=\"p1\"><strong>Kad\u0131n\u0131n G\u00fc\u00e7lenmesi \u00c7al\u0131\u015fma Grubu\u2019nun<\/strong> <span style=\"text-decoration: underline;\">be\u015finci toplant\u0131s\u0131<\/span> <strong>2016 \u015eubat ay\u0131<\/strong> i\u00e7inde \u0130stanbul\u2019da yap\u0131lacak.<\/p>\n<p>Toplant\u0131ya a\u015fa\u011f\u0131daki kurum ve kurulu\u015flar\u0131n temsilcileri kat\u0131l\u0131m g\u00f6sterdi:<\/p>\n<p>Bilim \u0130la\u00e7, BM T\u00fcrkiye, BPW T\u00fcrkiye, BU\u0130KAD, \u00c7\u0130MSA, Development Analytics, <strong>Enve Enerji<\/strong>, Frans\u0131z Kalk\u0131nma Ajans\u0131, Garanti Bankas\u0131, H\u00fcrriyet Gazetesi, IEEE Women in Engineering T\u00fcrkiye, ILO, <strong>KA M\u00fchendislik<\/strong>, KAG\u0130DER, KalDer, Profesyonel \u0130\u015f Kad\u0131nlar\u0131 Derne\u011fi , Sabanc\u0131 \u00dcniversitesi \u2013 Kurumsal Y\u00f6netim Forumu, SUTEKS A.\u015e., T\u0130SK TOBB, T\u00fcrkiye Kad\u0131n Dernekleri Federasyonu, T\u00fcrkiye Soroptimist Kul\u00fcpleri Federasyonu, UNFPA, UN Women, Unilever, Vodafone, YADA Vakf\u0131, Ya\u015far Holding ve Ye\u015fim Tekstil&#8230;<\/p>\n<p>T\u00fcrkiye WEPs imzac\u0131s\u0131 \u015firketlerin listesine\u00a0<a style=\"color: #00546e;\" href=\"http:\/\/weprinciples.org\/Site\/Companies\/#search\" target=\"_blank\" rel=\"nofollow\">buradan ula\u015fabilirsiniz&gt;&gt;&gt;<\/a><\/p>\n<p>Kaynak: B\u00fcltenler<\/p>","protected":false},"excerpt":{"rendered":"<p>Sorry, this entry is only available in Turkish. For the sake of viewer convenience, the content is shown below in the alternative language. You may click the link to switch the active language.Global Compact \u00fcyeleri ve destek\u00e7ilerinden olu\u015fan Global Compact T\u00fcrkiye Kad\u0131n\u0131n G\u00fc\u00e7lenmesi \u00c7al\u0131\u015fma Grubu, \u201cKad\u0131n G\u00fc\u00e7lenirse, Toplum G\u00fc\u00e7lenir\u201d slogan\u0131 ile \u00e7al\u0131\u015fmalar\u0131na devam ediyor. Global [&hellip;]<\/p>\n","protected":false},"author":1,"featured_media":48200,"comment_status":"open","ping_status":"open","sticky":false,"template":"","format":"standard","meta":[],"categories":[53],"tags":[63,67,1009,2698,165,27613,27614,27615],"views":1187,"_links":{"self":[{"href":"https:\/\/www.enerjigazetesi.ist\/en\/wp-json\/wp\/v2\/posts\/48199"}],"collection":[{"href":"https:\/\/www.enerjigazetesi.ist\/en\/wp-json\/wp\/v2\/posts"}],"about":[{"href":"https:\/\/www.enerjigazetesi.ist\/en\/wp-json\/wp\/v2\/types\/post"}],"author":[{"embeddable":true,"href":"https:\/\/www.enerjigazetesi.ist\/en\/wp-json\/wp\/v2\/users\/1"}],"replies":[{"embeddable":true,"href":"https:\/\/www.enerjigazetesi.ist\/en\/wp-json\/wp\/v2\/comments?post=48199"}],"version-history":[{"count":4,"href":"https:\/\/www.enerjigazetesi.ist\/en\/wp-json\/wp\/v2\/posts\/48199\/revisions"}],"predecessor-version":[{"id":48204,"href":"https:\/\/www.enerjigazetesi.ist\/en\/wp-json\/wp\/v2\/posts\/48199\/revisions\/48204"}],"wp:featuredmedia":[{"embeddable":true,"href":"https:\/\/www.enerjigazetesi.ist\/en\/wp-json\/wp\/v2\/media\/48200"}],"wp:attachment":[{"href":"https:\/\/www.enerjigazetesi.ist\/en\/wp-json\/wp\/v2\/media?parent=48199"}],"wp:term":[{"taxonomy":"category","embeddable":true,"href":"https:\/\/www.enerjigazetesi.ist\/en\/wp-json\/wp\/v2\/categories?post=48199"},{"taxonomy":"post_tag","embeddable":true,"href":"https:\/\/www.enerjigazetesi.ist\/en\/wp-json\/wp\/v2\/tags?post=48199"}],"curies":[{"name":"wp","href":"https:\/\/api.w.org\/{rel}","templated":true}]}}