{"id":48175,"date":"2015-12-21T18:59:53","date_gmt":"2015-12-21T15:59:53","guid":{"rendered":"https:\/\/www.enerjigazetesi.ist\/?p=48175"},"modified":"2015-12-21T19:00:40","modified_gmt":"2015-12-21T16:00:40","slug":"iran-9-ton-zenginlestirilmis-uranyum-rusyaya-gonderilecek","status":"publish","type":"post","link":"https:\/\/www.enerjigazetesi.ist\/en\/iran-9-ton-zenginlestirilmis-uranyum-rusyaya-gonderilecek\/","title":{"rendered":"(Turkish) \u0130ran: \u201c9 Ton Zenginle\u015ftirilmi\u015f Uranyum Rusya\u2019ya G\u00f6nderilecek&#8230;\u201d"},"content":{"rendered":"<p class=\"qtranxs-available-languages-message qtranxs-available-languages-message-en\">Sorry, this entry is only available in <a href=\"https:\/\/www.enerjigazetesi.ist\/tr\/wp-json\/wp\/v2\/posts\/48175\" class=\"qtranxs-available-language-link qtranxs-available-language-link-tr\" title=\"Turkish\">Turkish<\/a>. For the sake of viewer convenience, the content is shown below in the alternative language. You may click the link to switch the active language.<\/p><p><\/p>\n<p style=\"color: #0a0a0a;\"><strong>\u0130ran Cumhurba\u015fkan\u0131 Ruhani\u2019nin ard\u0131ndan Atom Enerjisi Kurumu Ba\u015fkan\u0131 Salihi de \u0130ran\u2019a uygulanan yapt\u0131r\u0131mlar\u0131n iki ila \u00fc\u00e7 hafta i\u00e7inde kald\u0131r\u0131laca\u011f\u0131n\u0131 a\u00e7\u0131klad\u0131. Salihi ayr\u0131ca, \u0130ran\u2019daki 9 ton zenginle\u015ftirilmi\u015f uranyumun Rusya\u2019ya g\u00f6nderilece\u011fini belirtti.<\/strong><span id=\"more-74854\"><\/span><\/p>\n<p style=\"color: #0a0a0a;\">Uluslararas\u0131 Atom Enerjisi Kurumu\u2019nun \u0130ran\u2019\u0131n n\u00fckleer silah geli\u015ftirdi\u011fi endi\u015fesiyle 12 y\u0131l \u00f6nce ba\u015flatt\u0131\u011f\u0131 soru\u015fturman\u0131n sona ermesini de\u011ferlendir<a href=\"https:\/\/www.enerjigazetesi.ist\/wp-content\/uploads\/2015\/12\/iran-9-ton-zenginlestirilmis-uranyum-rusyaya-gonderilecek.jpg\"><img loading=\"lazy\" class=\"alignleft size-medium wp-image-48176\" src=\"https:\/\/www.enerjigazetesi.ist\/wp-content\/uploads\/2015\/12\/iran-9-ton-zenginlestirilmis-uranyum-rusyaya-gonderilecek-300x165.jpg\" alt=\"iran-9-ton-zenginlestirilmis-uranyum-rusyaya-gonderilecek\" width=\"300\" height=\"165\" srcset=\"https:\/\/www.enerjigazetesi.ist\/wp-content\/uploads\/2015\/12\/iran-9-ton-zenginlestirilmis-uranyum-rusyaya-gonderilecek-300x165.jpg 300w, https:\/\/www.enerjigazetesi.ist\/wp-content\/uploads\/2015\/12\/iran-9-ton-zenginlestirilmis-uranyum-rusyaya-gonderilecek-500x276.jpg 500w, https:\/\/www.enerjigazetesi.ist\/wp-content\/uploads\/2015\/12\/iran-9-ton-zenginlestirilmis-uranyum-rusyaya-gonderilecek-80x44.jpg 80w, https:\/\/www.enerjigazetesi.ist\/wp-content\/uploads\/2015\/12\/iran-9-ton-zenginlestirilmis-uranyum-rusyaya-gonderilecek.jpg 696w\" sizes=\"(max-width: 300px) 100vw, 300px\" \/><\/a>en \u0130ran Atom Enerjisi Kurumu Ba\u015fkan\u0131 Ali Ekber Salihi, santrif\u00fcjleri toplama \u00e7al\u0131\u015fmas\u0131n\u0131n ba\u015far\u0131l\u0131 \u015fekilde s\u00fcrd\u00fc\u011f\u00fcn\u00fc ifade etti.<\/p>\n<p style=\"color: #0a0a0a;\">Arak reakt\u00f6r\u00fc i\u00e7in \u00f6n haz\u0131rl\u0131klar\u0131n tamamland\u0131\u011f\u0131n\u0131 ve Viyana\u2019da yeni bir belgenin imzalanmas\u0131n\u0131 beklediklerini belirten Salihi, n\u00fckleer yak\u0131t takas\u0131 hakk\u0131nda da a\u00e7\u0131klamalarda bulundu. Salihi, Rusya\u2019dan 137 ton \u2018sar\u0131 pasta\u2019 ithal ettiklerini ve \u00f6n\u00fcm\u00fczdeki g\u00fcnlerde 9 ton zenginle\u015ftirilmi\u015f uranyumun Rusya\u2019ya sevk edilece\u011fini kaydetti.<\/p>\n<p style=\"color: #0a0a0a;\">Rusya\u2019n\u0131n BM Viyana Daimi Temsilcisi Vladimir Voronkov, bu hafta ba\u015f\u0131nda yapt\u0131\u011f\u0131 a\u00e7\u0131klamada, \u201c\u0130ran, \u00f6n\u00fcm\u00fczdeki g\u00fcnlerde Rusya\u2019ya zenginle\u015ftirilmi\u015f uranyum sevk edecek. Uranyum, Bu\u015fehr kentindeki limanda y\u00fcklenerek, Rusya\u2019ya g\u00f6nderilecek\u201d demi\u015fti.<\/p>\n<p style=\"color: #0a0a0a;\"><strong>YAPTIRIMLAR \u0130K\u0130 YA DA \u00dc\u00c7 HAFTA \u0130\u00c7\u0130NDE KALDIRILACAK<\/strong><\/p>\n<p style=\"color: #0a0a0a;\">Salihi ayr\u0131ca, yapt\u0131r\u0131mlar\u0131n da iki ila \u00fc\u00e7 hafta i\u00e7inde kald\u0131r\u0131laca\u011f\u0131n\u0131 da belirtti.<\/p>\n<p style=\"color: #0a0a0a;\">Benzer bir a\u00e7\u0131klama \u0130ran Cumhurba\u015fkan\u0131 Hasan Ruhani\u2019den de gelmi\u015f, Ruhani \u0130ran\u2019a uygulanan yapt\u0131r\u0131mlar\u0131n ocak ay\u0131nda kalkaca\u011f\u0131na dair umutlu oldu\u011funu s\u00f6ylemi\u015fti.<\/p>\n<p style=\"color: #0a0a0a;\">Kaynak: <a href=\"http:\/\/tr.sputniknews.com\/ortadogu\/20151220\/1019768097\/iran-rusya-uranyum-takas-yaptirim.html\" target=\"_blank\" rel=\"nofollow\">Sputnik<\/a><\/p>\n<p><\/p>","protected":false},"excerpt":{"rendered":"<p>Sorry, this entry is only available in Turkish. For the sake of viewer convenience, the content is shown below in the alternative language. You may click the link to switch the active language. \u0130ran Cumhurba\u015fkan\u0131 Ruhani\u2019nin ard\u0131ndan Atom Enerjisi Kurumu Ba\u015fkan\u0131 Salihi de \u0130ran\u2019a uygulanan yapt\u0131r\u0131mlar\u0131n iki ila \u00fc\u00e7 hafta i\u00e7inde kald\u0131r\u0131laca\u011f\u0131n\u0131 a\u00e7\u0131klad\u0131. Salihi ayr\u0131ca, [&hellip;]<\/p>\n","protected":false},"author":1,"featured_media":48176,"comment_status":"open","ping_status":"open","sticky":false,"template":"","format":"standard","meta":[],"categories":[53,43],"tags":[27598,63,67,1009,2698,165,1333,71,21,25480,2973,885,1452,13766],"views":1059,"_links":{"self":[{"href":"https:\/\/www.enerjigazetesi.ist\/en\/wp-json\/wp\/v2\/posts\/48175"}],"collection":[{"href":"https:\/\/www.enerjigazetesi.ist\/en\/wp-json\/wp\/v2\/posts"}],"about":[{"href":"https:\/\/www.enerjigazetesi.ist\/en\/wp-json\/wp\/v2\/types\/post"}],"author":[{"embeddable":true,"href":"https:\/\/www.enerjigazetesi.ist\/en\/wp-json\/wp\/v2\/users\/1"}],"replies":[{"embeddable":true,"href":"https:\/\/www.enerjigazetesi.ist\/en\/wp-json\/wp\/v2\/comments?post=48175"}],"version-history":[{"count":1,"href":"https:\/\/www.enerjigazetesi.ist\/en\/wp-json\/wp\/v2\/posts\/48175\/revisions"}],"predecessor-version":[{"id":48177,"href":"https:\/\/www.enerjigazetesi.ist\/en\/wp-json\/wp\/v2\/posts\/48175\/revisions\/48177"}],"wp:featuredmedia":[{"embeddable":true,"href":"https:\/\/www.enerjigazetesi.ist\/en\/wp-json\/wp\/v2\/media\/48176"}],"wp:attachment":[{"href":"https:\/\/www.enerjigazetesi.ist\/en\/wp-json\/wp\/v2\/media?parent=48175"}],"wp:term":[{"taxonomy":"category","embeddable":true,"href":"https:\/\/www.enerjigazetesi.ist\/en\/wp-json\/wp\/v2\/categories?post=48175"},{"taxonomy":"post_tag","embeddable":true,"href":"https:\/\/www.enerjigazetesi.ist\/en\/wp-json\/wp\/v2\/tags?post=48175"}],"curies":[{"name":"wp","href":"https:\/\/api.w.org\/{rel}","templated":true}]}}