{"id":48139,"date":"2015-12-21T14:43:49","date_gmt":"2015-12-21T11:43:49","guid":{"rendered":"https:\/\/www.enerjigazetesi.ist\/?p=48139"},"modified":"2015-12-21T14:43:49","modified_gmt":"2015-12-21T11:43:49","slug":"turkiyenin-en-buyuk-gunes-santralinin-18-5mwlik-fazi-devreye-giriyor","status":"publish","type":"post","link":"https:\/\/www.enerjigazetesi.ist\/en\/turkiyenin-en-buyuk-gunes-santralinin-18-5mwlik-fazi-devreye-giriyor\/","title":{"rendered":"(Turkish) T\u00fcrkiye\u2019nin En B\u00fcy\u00fck G\u00fcne\u015f Santralinin 18.5MW&#8217;l\u0131k Faz\u0131 Devreye Giriyor!"},"content":{"rendered":"<p class=\"qtranxs-available-languages-message qtranxs-available-languages-message-en\">Sorry, this entry is only available in <a href=\"https:\/\/www.enerjigazetesi.ist\/tr\/wp-json\/wp\/v2\/posts\/48139\" class=\"qtranxs-available-language-link qtranxs-available-language-link-tr\" title=\"Turkish\">Turkish<\/a>. For the sake of viewer convenience, the content is shown below in the alternative language. You may click the link to switch the active language.<\/p><p><\/p>\n<p style=\"color: #0a0a0a;\"><strong>Toplamda 22,5 MW\u2019a ula\u015facak olan T\u00fcrkiye\u2019nin En b\u00fcy\u00fck G\u00fcne\u015f Enerji Santralinin ilk faz\u0131 olan 18,5 MW faaliyete ge\u00e7iyor.<\/strong><span id=\"more-74810\"><\/span><\/p>\n<p style=\"color: #0a0a0a;\"><b>Fotovoltaik Enerji<\/b>\u00a0Sekt\u00f6r\u00fcn\u00fcn en prestijli firmas\u0131 olan Tekno Ray Solar,\u00a0<b>T\u00fcrkiye\u2019nin<\/b><b>\u00a0en b\u00fcy\u00fck G\u00fcne\u015f Enerjisi Santrali\u00a0<\/b>nin ( GES ) ilk<a href=\"https:\/\/www.enerjigazetesi.ist\/wp-content\/uploads\/2015\/12\/turkiyenin-en-buyuk-gunes-santralinin-18-5mwlik-fazi-devreye-giriyor.jpg\"><img loading=\"lazy\" class=\"alignleft size-medium wp-image-48140\" src=\"https:\/\/www.enerjigazetesi.ist\/wp-content\/uploads\/2015\/12\/turkiyenin-en-buyuk-gunes-santralinin-18-5mwlik-fazi-devreye-giriyor-300x165.jpg\" alt=\"turkiyenin-en-buyuk-gunes-santralinin-18-5mwlik-fazi-devreye-giriyor\" width=\"300\" height=\"165\" srcset=\"https:\/\/www.enerjigazetesi.ist\/wp-content\/uploads\/2015\/12\/turkiyenin-en-buyuk-gunes-santralinin-18-5mwlik-fazi-devreye-giriyor-300x165.jpg 300w, https:\/\/www.enerjigazetesi.ist\/wp-content\/uploads\/2015\/12\/turkiyenin-en-buyuk-gunes-santralinin-18-5mwlik-fazi-devreye-giriyor-500x276.jpg 500w, https:\/\/www.enerjigazetesi.ist\/wp-content\/uploads\/2015\/12\/turkiyenin-en-buyuk-gunes-santralinin-18-5mwlik-fazi-devreye-giriyor-80x44.jpg 80w, https:\/\/www.enerjigazetesi.ist\/wp-content\/uploads\/2015\/12\/turkiyenin-en-buyuk-gunes-santralinin-18-5mwlik-fazi-devreye-giriyor.jpg 696w\" sizes=\"(max-width: 300px) 100vw, 300px\" \/><\/a> faz\u0131n\u0131 devreye al\u0131yor. Konya\u2019da bulunan ve toplamda 22,5 MW kapasiteli olan G\u00fcne\u015f\u00a0Enerjisi Santralinin ilk faz\u0131 18,5 MW olarak faaliyete ge\u00e7iyor.<\/p>\n<p style=\"color: #0a0a0a;\">T\u00fcrkiye\u2019de \u00f6rnek olarak g\u00f6sterilebilecek donan\u0131ma sahip olan GES, y\u00fcksek verimli sistem tasar\u0131m\u0131 ve uzaktan izlenebilme \u00f6zelli\u011fi ile \u00fcretim de\u011ferlerini\u00a0 anl\u0131k izleme f\u0131rsat\u0131 sa\u011flayarak, yat\u0131r\u0131mc\u0131lara b\u00fcy\u00fck avantajlar sa\u011fl\u0131yor. En y\u00fcksek kalitede ekipmanlar\u0131n kullan\u0131ld\u0131\u011f\u0131 G\u00fcne\u015f Enerjisi Santrali \u201con line scada\u201d mimarisine sahip<b>T\u00fcrkiye\u2019deki tek G\u00fcne\u015f Enerjisi Santrali<\/b>\u00a0olma \u00f6zelli\u011fini de ta\u015f\u0131yor.<\/p>\n<p style=\"color: #0a0a0a;\">Yenilenebilir ve s\u0131n\u0131rs\u0131z enerji kayna\u011f\u0131 g\u00fcne\u015f enerjisinin, teknolojik alt yap\u0131 ve Tekno Ray Solar\u2019\u0131n tasar\u0131m ekibiyle birle\u015fti\u011fi bu proje ile y\u0131ll\u0131k ortalama 12000 ton CO2 sal\u0131n\u0131m\u0131n\u0131n engellenmesi hedefleniyor.<\/p>\n<p style=\"color: #0a0a0a;\">Kaynak: B\u00fcltenler<\/p>\n<p><\/p>","protected":false},"excerpt":{"rendered":"<p>Sorry, this entry is only available in Turkish. For the sake of viewer convenience, the content is shown below in the alternative language. You may click the link to switch the active language. Toplamda 22,5 MW\u2019a ula\u015facak olan T\u00fcrkiye\u2019nin En b\u00fcy\u00fck G\u00fcne\u015f Enerji Santralinin ilk faz\u0131 olan 18,5 MW faaliyete ge\u00e7iyor. Fotovoltaik Enerji\u00a0Sekt\u00f6r\u00fcn\u00fcn en prestijli [&hellip;]<\/p>\n","protected":false},"author":1,"featured_media":48140,"comment_status":"open","ping_status":"open","sticky":false,"template":"","format":"standard","meta":[],"categories":[53,49],"tags":[63,67,1009,2698,165,2326,227,13,2569,23133,4269,10332],"views":813,"_links":{"self":[{"href":"https:\/\/www.enerjigazetesi.ist\/en\/wp-json\/wp\/v2\/posts\/48139"}],"collection":[{"href":"https:\/\/www.enerjigazetesi.ist\/en\/wp-json\/wp\/v2\/posts"}],"about":[{"href":"https:\/\/www.enerjigazetesi.ist\/en\/wp-json\/wp\/v2\/types\/post"}],"author":[{"embeddable":true,"href":"https:\/\/www.enerjigazetesi.ist\/en\/wp-json\/wp\/v2\/users\/1"}],"replies":[{"embeddable":true,"href":"https:\/\/www.enerjigazetesi.ist\/en\/wp-json\/wp\/v2\/comments?post=48139"}],"version-history":[{"count":1,"href":"https:\/\/www.enerjigazetesi.ist\/en\/wp-json\/wp\/v2\/posts\/48139\/revisions"}],"predecessor-version":[{"id":48141,"href":"https:\/\/www.enerjigazetesi.ist\/en\/wp-json\/wp\/v2\/posts\/48139\/revisions\/48141"}],"wp:featuredmedia":[{"embeddable":true,"href":"https:\/\/www.enerjigazetesi.ist\/en\/wp-json\/wp\/v2\/media\/48140"}],"wp:attachment":[{"href":"https:\/\/www.enerjigazetesi.ist\/en\/wp-json\/wp\/v2\/media?parent=48139"}],"wp:term":[{"taxonomy":"category","embeddable":true,"href":"https:\/\/www.enerjigazetesi.ist\/en\/wp-json\/wp\/v2\/categories?post=48139"},{"taxonomy":"post_tag","embeddable":true,"href":"https:\/\/www.enerjigazetesi.ist\/en\/wp-json\/wp\/v2\/tags?post=48139"}],"curies":[{"name":"wp","href":"https:\/\/api.w.org\/{rel}","templated":true}]}}