{"id":48124,"date":"2015-12-20T17:22:31","date_gmt":"2015-12-20T14:22:31","guid":{"rendered":"https:\/\/www.enerjigazetesi.ist\/?p=48124"},"modified":"2015-12-20T17:22:31","modified_gmt":"2015-12-20T14:22:31","slug":"temiz-enerjinin-dunu-bugunu","status":"publish","type":"post","link":"https:\/\/www.enerjigazetesi.ist\/en\/temiz-enerjinin-dunu-bugunu\/","title":{"rendered":"(Turkish) Temiz Enerjinin D\u00fcn\u00fc Bug\u00fcn\u00fc&#8230;"},"content":{"rendered":"<p class=\"qtranxs-available-languages-message qtranxs-available-languages-message-en\">Sorry, this entry is only available in <a href=\"https:\/\/www.enerjigazetesi.ist\/tr\/wp-json\/wp\/v2\/posts\/48124\" class=\"qtranxs-available-language-link qtranxs-available-language-link-tr\" title=\"Turkish\">Turkish<\/a>. For the sake of viewer convenience, the content is shown below in the alternative language. You may click the link to switch the active language.<\/p><p><strong>Temiz Enerji Vakf\u0131, kurucusu Prof. Dr. Demir \u0130nan`\u0131 d\u00fczenledi\u011fi bir panelle anacak. Temiz Enerjinin D\u00fcn\u00fc Bug\u00fcn\u00fc Prof. Dr. Demir \u0130nan Anma Program\u0131, 23 Aral\u0131k 2015 tarihinde 13:00 &#8211; 17:00 saatleri aras\u0131nda Hacettepe \u00dcniversitesi Beytepe Kamp\u00fcs\u00fc Mehmet Akif Ersoy Toplant\u0131 Salonu`nda ger\u00e7ekle\u015ftirilecek.<\/strong><\/p>\n<p>\u00d6zlem Yavan`\u0131n sunumuyla ger\u00e7ekle\u015fecek program\u0131n a\u00e7\u0131l\u0131\u015f konu\u015fmalar\u0131n\u0131 TEMEV Ba\u015fkan\u0131 T\u00fclin Keskin, Prof. Dr. Aynur Eray, Prof. Dr. M<a href=\"https:\/\/www.enerjigazetesi.ist\/wp-content\/uploads\/2015\/12\/temiz-enerjinin-dunu-bugunu.jpg\"><img loading=\"lazy\" class=\"alignleft size-medium wp-image-48125\" src=\"https:\/\/www.enerjigazetesi.ist\/wp-content\/uploads\/2015\/12\/temiz-enerjinin-dunu-bugunu-300x221.jpg\" alt=\"temiz-enerjinin-dunu-bugunu\" width=\"300\" height=\"221\" srcset=\"https:\/\/www.enerjigazetesi.ist\/wp-content\/uploads\/2015\/12\/temiz-enerjinin-dunu-bugunu-300x221.jpg 300w, https:\/\/www.enerjigazetesi.ist\/wp-content\/uploads\/2015\/12\/temiz-enerjinin-dunu-bugunu-500x369.jpg 500w, https:\/\/www.enerjigazetesi.ist\/wp-content\/uploads\/2015\/12\/temiz-enerjinin-dunu-bugunu-67x50.jpg 67w, https:\/\/www.enerjigazetesi.ist\/wp-content\/uploads\/2015\/12\/temiz-enerjinin-dunu-bugunu.jpg 695w\" sizes=\"(max-width: 300px) 100vw, 300px\" \/><\/a>urat Tuncer ile T\u00dcB\u0130TAK Ba\u015fkan\u0131 Prof. Dr. Arif Ergin yapacak.<\/p>\n<p>Anma etkinli\u011finde, TEMEV Kurucu Ba\u015fkan\u0131 Prof. Dr. Demir \u0130nan`\u0131n ya\u015fam\u0131ndan kesitlerin yer alaca\u011f\u0131 bir slayt g\u00f6sterisi de yer alacak.<\/p>\n<p>Program\u0131n, Prof. Dr. G\u00f6k\u00e7e Bing\u00f6l`\u00fcn moderat\u00f6rl\u00fc\u011f\u00fcnde\u00a0yap\u0131lacak Temiz Enerji An\u0131lar\u0131 \u0130le Prof. Demir \u0130nan ba\u015fl\u0131kl\u0131 oturumda, Dr. Abdullah Zarars\u0131z, Prof. Dr. \u00c7etin G\u00f6ksu, Prof. Dr. Engin Kendi, Engin K\u0131ran, Selahattin Baysal, Tevfik Kaya ve Prof. Dr. Turhan \u00d6zbey konu\u015fmac\u0131 olarak yer al\u0131yor<\/p>\n<p>Prof. Dr. \u015eener Oktik ba\u015fkanl\u0131\u011f\u0131nda ger\u00e7ekle\u015ftirilecek &#8220;Ni\u00e7in Temiz Enerji, Bug\u00fcn Neredepiz, Nereye Gidiyoruz?&#8221; ba\u015fl\u0131kl\u0131 panelin konu\u015fmac\u0131lar\u0131 ise Prof. Dr. Filiz Karaosmano\u011flu, Metin ATamer, Osman \u00d6zberk, Sabahattin \u00d6z ve Prof. Dr. \u015eakir \u015eim\u015fek&#8230;<\/p>\n<p>&#8220;Gen\u00e7ler Temiz Enerji \u0130\u00e7in Ne Diyor&#8221; ba\u015fl\u0131kl\u0131 b\u00f6l\u00fcmde ise Uluslararas\u0131 G\u00fcne\u015f Enerjisi Toplulu\u011fu T\u00fcrkiye B\u00f6l\u00fcm\u00fc G\u00dcNDER Ba\u015fkan\u0131 Dr. Kemal Gani Bayraktar`\u0131n moderat\u00f6rl\u00fc\u011f\u00fcnde G\u00f6zde Odaba\u015f, Erman Fenerci ve Sait Zoutini adl\u0131 \u00f6\u011frenciler g\u00f6r\u00fc\u015f ve de\u011ferlendirmelerini aktaracak.<\/p>\n<p>Kaynak: B\u00fcltenler<\/p>","protected":false},"excerpt":{"rendered":"<p>Sorry, this entry is only available in Turkish. For the sake of viewer convenience, the content is shown below in the alternative language. You may click the link to switch the active language.Temiz Enerji Vakf\u0131, kurucusu Prof. Dr. Demir \u0130nan`\u0131 d\u00fczenledi\u011fi bir panelle anacak. Temiz Enerjinin D\u00fcn\u00fc Bug\u00fcn\u00fc Prof. Dr. Demir \u0130nan Anma Program\u0131, 23 [&hellip;]<\/p>\n","protected":false},"author":1,"featured_media":48125,"comment_status":"open","ping_status":"open","sticky":false,"template":"","format":"standard","meta":[],"categories":[51,53,49,50],"tags":[27563,27566,63,67,1009,2698,165,27565,1296,27562,842,27564],"views":1106,"_links":{"self":[{"href":"https:\/\/www.enerjigazetesi.ist\/en\/wp-json\/wp\/v2\/posts\/48124"}],"collection":[{"href":"https:\/\/www.enerjigazetesi.ist\/en\/wp-json\/wp\/v2\/posts"}],"about":[{"href":"https:\/\/www.enerjigazetesi.ist\/en\/wp-json\/wp\/v2\/types\/post"}],"author":[{"embeddable":true,"href":"https:\/\/www.enerjigazetesi.ist\/en\/wp-json\/wp\/v2\/users\/1"}],"replies":[{"embeddable":true,"href":"https:\/\/www.enerjigazetesi.ist\/en\/wp-json\/wp\/v2\/comments?post=48124"}],"version-history":[{"count":1,"href":"https:\/\/www.enerjigazetesi.ist\/en\/wp-json\/wp\/v2\/posts\/48124\/revisions"}],"predecessor-version":[{"id":48126,"href":"https:\/\/www.enerjigazetesi.ist\/en\/wp-json\/wp\/v2\/posts\/48124\/revisions\/48126"}],"wp:featuredmedia":[{"embeddable":true,"href":"https:\/\/www.enerjigazetesi.ist\/en\/wp-json\/wp\/v2\/media\/48125"}],"wp:attachment":[{"href":"https:\/\/www.enerjigazetesi.ist\/en\/wp-json\/wp\/v2\/media?parent=48124"}],"wp:term":[{"taxonomy":"category","embeddable":true,"href":"https:\/\/www.enerjigazetesi.ist\/en\/wp-json\/wp\/v2\/categories?post=48124"},{"taxonomy":"post_tag","embeddable":true,"href":"https:\/\/www.enerjigazetesi.ist\/en\/wp-json\/wp\/v2\/tags?post=48124"}],"curies":[{"name":"wp","href":"https:\/\/api.w.org\/{rel}","templated":true}]}}