{"id":48118,"date":"2015-12-20T17:10:01","date_gmt":"2015-12-20T14:10:01","guid":{"rendered":"https:\/\/www.enerjigazetesi.ist\/?p=48118"},"modified":"2015-12-20T17:10:01","modified_gmt":"2015-12-20T14:10:01","slug":"almanyanin-ruzgardan-elektrik-uretim-maliyetleri-geriliyor","status":"publish","type":"post","link":"https:\/\/www.enerjigazetesi.ist\/en\/almanyanin-ruzgardan-elektrik-uretim-maliyetleri-geriliyor\/","title":{"rendered":"(Turkish) Almanya\u2019n\u0131n R\u00fczgardan Elektrik \u00dcretim Maliyetleri Geriliyor&#8230;"},"content":{"rendered":"<p class=\"qtranxs-available-languages-message qtranxs-available-languages-message-en\">Sorry, this entry is only available in <a href=\"https:\/\/www.enerjigazetesi.ist\/tr\/wp-json\/wp\/v2\/posts\/48118\" class=\"qtranxs-available-language-link qtranxs-available-language-link-tr\" title=\"Turkish\">Turkish<\/a>. For the sake of viewer convenience, the content is shown below in the alternative language. You may click the link to switch the active language.<\/p><p><\/p>\n<p style=\"color: #444444;\"><strong>Almanya\u2019dan r\u00fczgar enerjisinden elektrik \u00fcretim ve r\u00fczgar enerjisi yat\u0131r\u0131m maliyetlerinin h\u0131zla geriledi\u011fi bildirildi.<\/strong><\/p>\n<p style=\"color: #444444;\">Alman m\u00fchendislik \u015firketi VDMA Power Systems ile \u00fclkenin en b\u00fcy\u00fck r\u00fczgar enerjisi birli\u011fi BWE i\u015fbirli\u011fi ile karasal r\u00fczgar enerjisi sekt\u00f6r\u00fc \u00fczerine yap\u0131<a href=\"https:\/\/www.enerjigazetesi.ist\/wp-content\/uploads\/2015\/12\/almanyanin-ruzgardan-elektrik-uretim-maliyetleri-geriliyor.jpg\"><img loading=\"lazy\" class=\"alignleft size-medium wp-image-48119\" src=\"https:\/\/www.enerjigazetesi.ist\/wp-content\/uploads\/2015\/12\/almanyanin-ruzgardan-elektrik-uretim-maliyetleri-geriliyor-300x163.jpg\" alt=\"almanyanin-ruzgardan-elektrik-uretim-maliyetleri-geriliyor\" width=\"300\" height=\"163\" srcset=\"https:\/\/www.enerjigazetesi.ist\/wp-content\/uploads\/2015\/12\/almanyanin-ruzgardan-elektrik-uretim-maliyetleri-geriliyor-300x163.jpg 300w, https:\/\/www.enerjigazetesi.ist\/wp-content\/uploads\/2015\/12\/almanyanin-ruzgardan-elektrik-uretim-maliyetleri-geriliyor-80x43.jpg 80w, https:\/\/www.enerjigazetesi.ist\/wp-content\/uploads\/2015\/12\/almanyanin-ruzgardan-elektrik-uretim-maliyetleri-geriliyor.jpg 460w\" sizes=\"(max-width: 300px) 100vw, 300px\" \/><\/a>lan\u00a0bir \u00e7al\u0131\u015fmaya g\u00f6re, r\u00fczgar t\u00fcrbini teknolojilerindeki ilerlemeler ve finansman maliyetlerindeki gerilemeler bu durumun ana belirleyicisi.<\/p>\n<p style=\"color: #444444;\">\u00c7al\u0131\u015fmada ula\u015f\u0131lan sonu\u00e7lara g\u00f6re 2016\/2017 d\u00f6neminde devreye girecek olan bir r\u00fczgar enerjisi santralindeki elektrik \u00fcretim maliyeti, santralin yer alaca\u011f\u0131 b\u00f6lgenin co\u011frafi ko\u015fullar\u0131na ba\u011fl\u0131 olarak, kilovat-saat ba\u015f\u0131na 5,3 ila 9,6 avro-sent olabilecek. Bu rakam ise 2012\/2013 d\u00f6neminde devreye giren bir santrale g\u00f6re y\u00fczde 12\u2019lik gerileme anlam\u0131na geliyor.<\/p>\n<p style=\"color: #444444;\">Yat\u0131r\u0131m maliyetleri, t\u00fcrbinlerin g\u00fc\u00e7leri, kule y\u00fckseklikleri gibi fakt\u00f6rlere ba\u011fl\u0131 olarak de\u011fi\u015fmek ile birlikte, nakliye ve in\u015fa dahil olmak \u00fczere kilovat ba\u015f\u0131na 980 ila 1.380 avro aras\u0131nda ger\u00e7ekle\u015febilecek iken, bu rakamlar da d\u00f6rt y\u0131l \u00f6nceye g\u00f6re y\u00fczde 7\u2019lik bir d\u00fc\u015f\u00fc\u015f sa\u011fland\u0131\u011f\u0131n\u0131 g\u00f6steriyor.<\/p>\n<p style=\"color: #444444;\">\u00c7al\u0131\u015fmada elde edilen verilere ise Almanya r\u00fczgar t\u00fcrbini pazar\u0131n\u0131n y\u00fczde 97\u2019sini temsil eden firmalar\u0131n pazara sundu\u011fu 46 r\u00fczgar t\u00fcrbininin incelemesi ile ula\u015f\u0131lm\u0131\u015f.<\/p>\n<p style=\"color: #444444;\">Bununla birlikte BWE\u2019nin konu ile a\u00e7\u0131klamas\u0131nda Almanya y\u00f6netiminin 2017 sonras\u0131 al\u0131m garantilerini kald\u0131r\u0131p, yerini ihalelere dayal\u0131 bir destek sistemi getirmeyi planlad\u0131\u011f\u0131 hat\u0131rlat\u0131l\u0131rken bu rakamlar\u0131n 2017 sonras\u0131nda ne y\u00f6nde de\u011fi\u015febilece\u011finin belirsiz oldu\u011funa da vurgu yap\u0131ld\u0131.<\/p>\n<p style=\"color: #444444;\">Almanya\u2019da 2014 sonu itibari ile toplam kurulu g\u00fc\u00e7leri 42,9 GW\u2019\u0131 a\u015fm\u0131\u015f 26 bini a\u015fk\u0131n r\u00fczgar t\u00fcrbini devrede bulunuyordu ve bu t\u00fcrbinleri \u00fclkenin elektrik \u00fcretimindeki paylar\u0131 y\u00fczde 8,5 d\u00fczeyindeydi.<\/p>\n<p style=\"color: #444444;\">137.800 ki\u015finin istihdam edildi\u011fi Alman r\u00fczgar enerjisi sekt\u00f6r\u00fcndeki ekipman \u00fcreticileri ise 2014 y\u0131l\u0131nda toplam \u00fcretimlerinin y\u00fczde 67\u2019sini ihra\u00e7 ederek \u00fclke ekonomisine 10,67 milyar avroluk katk\u0131 sa\u011flam\u0131\u015flard\u0131.<\/p>\n<p style=\"color: #444444;\">Kaynak: <a href=\"http:\/\/yesilekonomi.com\/yenilenebilir-enerji\/almanyanin-ruzgardan-elektrik-uretim-maliyetleri-geriliyor-1\" target=\"_blank\" rel=\"nofollow\">Ye\u015fil Ekonomi<\/a><\/p>\n<p><\/p>","protected":false},"excerpt":{"rendered":"<p>Sorry, this entry is only available in Turkish. For the sake of viewer convenience, the content is shown below in the alternative language. You may click the link to switch the active language. Almanya\u2019dan r\u00fczgar enerjisinden elektrik \u00fcretim ve r\u00fczgar enerjisi yat\u0131r\u0131m maliyetlerinin h\u0131zla geriledi\u011fi bildirildi. Alman m\u00fchendislik \u015firketi VDMA Power Systems ile \u00fclkenin en [&hellip;]<\/p>\n","protected":false},"author":1,"featured_media":48119,"comment_status":"open","ping_status":"open","sticky":false,"template":"","format":"standard","meta":[],"categories":[53,50],"tags":[929,63,67,1009,2698,165,474,69,16,231,312],"views":1119,"_links":{"self":[{"href":"https:\/\/www.enerjigazetesi.ist\/en\/wp-json\/wp\/v2\/posts\/48118"}],"collection":[{"href":"https:\/\/www.enerjigazetesi.ist\/en\/wp-json\/wp\/v2\/posts"}],"about":[{"href":"https:\/\/www.enerjigazetesi.ist\/en\/wp-json\/wp\/v2\/types\/post"}],"author":[{"embeddable":true,"href":"https:\/\/www.enerjigazetesi.ist\/en\/wp-json\/wp\/v2\/users\/1"}],"replies":[{"embeddable":true,"href":"https:\/\/www.enerjigazetesi.ist\/en\/wp-json\/wp\/v2\/comments?post=48118"}],"version-history":[{"count":1,"href":"https:\/\/www.enerjigazetesi.ist\/en\/wp-json\/wp\/v2\/posts\/48118\/revisions"}],"predecessor-version":[{"id":48120,"href":"https:\/\/www.enerjigazetesi.ist\/en\/wp-json\/wp\/v2\/posts\/48118\/revisions\/48120"}],"wp:featuredmedia":[{"embeddable":true,"href":"https:\/\/www.enerjigazetesi.ist\/en\/wp-json\/wp\/v2\/media\/48119"}],"wp:attachment":[{"href":"https:\/\/www.enerjigazetesi.ist\/en\/wp-json\/wp\/v2\/media?parent=48118"}],"wp:term":[{"taxonomy":"category","embeddable":true,"href":"https:\/\/www.enerjigazetesi.ist\/en\/wp-json\/wp\/v2\/categories?post=48118"},{"taxonomy":"post_tag","embeddable":true,"href":"https:\/\/www.enerjigazetesi.ist\/en\/wp-json\/wp\/v2\/tags?post=48118"}],"curies":[{"name":"wp","href":"https:\/\/api.w.org\/{rel}","templated":true}]}}