{"id":48115,"date":"2015-12-20T14:42:26","date_gmt":"2015-12-20T11:42:26","guid":{"rendered":"https:\/\/www.enerjigazetesi.ist\/?p=48115"},"modified":"2015-12-20T14:42:26","modified_gmt":"2015-12-20T11:42:26","slug":"2016da-sicakliklar-yeni-rekor-kirabilir","status":"publish","type":"post","link":"https:\/\/www.enerjigazetesi.ist\/en\/2016da-sicakliklar-yeni-rekor-kirabilir\/","title":{"rendered":"(Turkish) 2016\u2019da S\u0131cakl\u0131klar Yeni Rekor K\u0131rabilir!"},"content":{"rendered":"<p class=\"qtranxs-available-languages-message qtranxs-available-languages-message-en\">Sorry, this entry is only available in <a href=\"https:\/\/www.enerjigazetesi.ist\/tr\/wp-json\/wp\/v2\/posts\/48115\" class=\"qtranxs-available-language-link qtranxs-available-language-link-tr\" title=\"Turkish\">Turkish<\/a>. For the sake of viewer convenience, the content is shown below in the alternative language. You may click the link to switch the active language.<\/p><p><\/p>\n<p style=\"color: #444444;\"><strong>Birle\u015fik Krall\u0131k meteoroloji kurumu Met Office 2016 i\u00e7in ortalama k\u00fcresel s\u0131cakl\u0131k \u00f6ng\u00f6r\u00fcs\u00fcn\u00fc a\u00e7\u0131klad\u0131.<\/strong><\/p>\n<p style=\"color: #444444;\">Kurumun a\u00e7\u0131klamas\u0131na g\u00f6re 2016 y\u0131l\u0131 k\u00fcresel ortalama s\u0131cakl\u0131\u011f\u0131 1961-1990 y\u0131llar\u0131 aras\u0131n\u0131 kapsayan d\u00f6nemdeki 14 \u00b0C\u2019lik de\u011ferin 0,72 \u00b0C ila 0,96 \u00b0C derece \u00fczerinde olacak.<a href=\"https:\/\/www.enerjigazetesi.ist\/wp-content\/uploads\/2015\/12\/2016da-sicakliklar-yeni-rekor-kirabilir.jpg\"><img loading=\"lazy\" class=\"alignright size-medium wp-image-48116\" src=\"https:\/\/www.enerjigazetesi.ist\/wp-content\/uploads\/2015\/12\/2016da-sicakliklar-yeni-rekor-kirabilir-300x163.jpg\" alt=\"2016da-sicakliklar-yeni-rekor-kirabilir\" width=\"300\" height=\"163\" srcset=\"https:\/\/www.enerjigazetesi.ist\/wp-content\/uploads\/2015\/12\/2016da-sicakliklar-yeni-rekor-kirabilir-300x163.jpg 300w, https:\/\/www.enerjigazetesi.ist\/wp-content\/uploads\/2015\/12\/2016da-sicakliklar-yeni-rekor-kirabilir-80x43.jpg 80w, https:\/\/www.enerjigazetesi.ist\/wp-content\/uploads\/2015\/12\/2016da-sicakliklar-yeni-rekor-kirabilir.jpg 460w\" sizes=\"(max-width: 300px) 100vw, 300px\" \/><\/a><\/p>\n<p style=\"color: #444444;\">2016 y\u0131l\u0131 de\u011feri 1981-2010 d\u00f6nemindeki 14,3 \u00b0C\u2019lik de\u011ferin ise 0,41 \u00b0C ila 0,65 \u00b0C derece \u00fczerinde olabilecek.<\/p>\n<p style=\"color: #444444;\">Bu duruma as\u0131l olarak insan faaliyetleri kaynakl\u0131 k\u00fcresel \u0131s\u0131nma neden olacak iken, k\u00fc\u00e7\u00fck de olsa Pasifik okyanusunun tropikal b\u00f6l\u00fcmlerinde sular\u0131n \u0131s\u0131nmas\u0131na neden olacak El Ni\u00f1o\u2019da etkisi olabilecek.<\/p>\n<p style=\"color: #444444;\">Met Office tespitlerine g\u00f6re 2015 y\u0131l\u0131n\u0131n ilk 11 ay\u0131ndaki k\u00fcresel ortalama s\u0131cakl\u0131klar 1961-1990 d\u00f6nemine g\u00f6re\u00a0 0,72 \u00b0C \u00fczerinde ger\u00e7ekle\u015fmi\u015f durumda.<\/p>\n<p style=\"color: #444444;\">A\u00e7\u0131klamada de\u011ferlendirmesi yer alan Met Office ara\u015ft\u0131rma ekibinden Prof. Chris Folland 2015\u2019in kay\u0131tlardaki en s\u0131cak y\u0131l olmak \u00fczere oldu\u011funu, 2016\u2019n\u0131n ise daha s\u0131cak olmasa bile en az 2015 kadar s\u0131cak olabilece\u011fini kaydetti.<\/p>\n<p style=\"color: #444444;\">Kaynak: <a href=\"http:\/\/yesilekonomi.com\/iklim\/2016da-sicakliklar-yeni-rekor-kirabilir\" target=\"_blank\" rel=\"nofollow&quot;\">Ye\u015fil Ekonomi<\/a><\/p>\n<p><\/p>","protected":false},"excerpt":{"rendered":"<p>Sorry, this entry is only available in Turkish. For the sake of viewer convenience, the content is shown below in the alternative language. You may click the link to switch the active language. Birle\u015fik Krall\u0131k meteoroloji kurumu Met Office 2016 i\u00e7in ortalama k\u00fcresel s\u0131cakl\u0131k \u00f6ng\u00f6r\u00fcs\u00fcn\u00fc a\u00e7\u0131klad\u0131. Kurumun a\u00e7\u0131klamas\u0131na g\u00f6re 2016 y\u0131l\u0131 k\u00fcresel ortalama s\u0131cakl\u0131\u011f\u0131 1961-1990 [&hellip;]<\/p>\n","protected":false},"author":1,"featured_media":48116,"comment_status":"open","ping_status":"open","sticky":false,"template":"","format":"standard","meta":[],"categories":[53],"tags":[63,67,1009,2698,165,1999,1471,27558,27559],"views":713,"_links":{"self":[{"href":"https:\/\/www.enerjigazetesi.ist\/en\/wp-json\/wp\/v2\/posts\/48115"}],"collection":[{"href":"https:\/\/www.enerjigazetesi.ist\/en\/wp-json\/wp\/v2\/posts"}],"about":[{"href":"https:\/\/www.enerjigazetesi.ist\/en\/wp-json\/wp\/v2\/types\/post"}],"author":[{"embeddable":true,"href":"https:\/\/www.enerjigazetesi.ist\/en\/wp-json\/wp\/v2\/users\/1"}],"replies":[{"embeddable":true,"href":"https:\/\/www.enerjigazetesi.ist\/en\/wp-json\/wp\/v2\/comments?post=48115"}],"version-history":[{"count":1,"href":"https:\/\/www.enerjigazetesi.ist\/en\/wp-json\/wp\/v2\/posts\/48115\/revisions"}],"predecessor-version":[{"id":48117,"href":"https:\/\/www.enerjigazetesi.ist\/en\/wp-json\/wp\/v2\/posts\/48115\/revisions\/48117"}],"wp:featuredmedia":[{"embeddable":true,"href":"https:\/\/www.enerjigazetesi.ist\/en\/wp-json\/wp\/v2\/media\/48116"}],"wp:attachment":[{"href":"https:\/\/www.enerjigazetesi.ist\/en\/wp-json\/wp\/v2\/media?parent=48115"}],"wp:term":[{"taxonomy":"category","embeddable":true,"href":"https:\/\/www.enerjigazetesi.ist\/en\/wp-json\/wp\/v2\/categories?post=48115"},{"taxonomy":"post_tag","embeddable":true,"href":"https:\/\/www.enerjigazetesi.ist\/en\/wp-json\/wp\/v2\/tags?post=48115"}],"curies":[{"name":"wp","href":"https:\/\/api.w.org\/{rel}","templated":true}]}}