{"id":48091,"date":"2015-12-19T12:09:23","date_gmt":"2015-12-19T09:09:23","guid":{"rendered":"https:\/\/www.enerjigazetesi.ist\/?p=48091"},"modified":"2015-12-19T12:09:23","modified_gmt":"2015-12-19T09:09:23","slug":"kutahya-il-ozel-idaresi-kendi-elektrigini-uretecek","status":"publish","type":"post","link":"https:\/\/www.enerjigazetesi.ist\/en\/kutahya-il-ozel-idaresi-kendi-elektrigini-uretecek\/","title":{"rendered":"(Turkish) K\u00fctahya \u0130l \u00d6zel \u0130daresi Kendi Elektri\u011fini \u00dcretecek!"},"content":{"rendered":"<p class=\"qtranxs-available-languages-message qtranxs-available-languages-message-en\">Sorry, this entry is only available in <a href=\"https:\/\/www.enerjigazetesi.ist\/tr\/wp-json\/wp\/v2\/posts\/48091\" class=\"qtranxs-available-language-link qtranxs-available-language-link-tr\" title=\"Turkish\">Turkish<\/a>. For the sake of viewer convenience, the content is shown below in the alternative language. You may click the link to switch the active language.<\/p><p><\/p>\n<p style=\"color: #363636;\"><strong>Zafer Kalk\u0131nma Ajans\u0131\u2019n\u0131n (ZEKA) Turizm, Enerji ve \u00c7evre Altyap\u0131 Mali Destek Program\u0131 kapsam\u0131nda yap\u0131lan \u2018K\u00fctahya \u0130l \u00d6zel \u0130daresi G\u00fcne\u015f Enerji \u015earj \u0130stasyonlu Otopark Sistemi\u2019 d\u00fczenlenen t\u00f6renle faaliyete ge\u00e7ti.<\/strong><\/p>\n<p style=\"color: #363636;\">G\u00fcne\u015f Enerji \u015earj \u0130stasyonlu Otopark Sistemi\u2019nin K\u00fctahya \u0130l \u00d6zel \u0130daresi\u2019nin hizmet bah\u00e7esinde d\u00fczenle<a href=\"https:\/\/www.enerjigazetesi.ist\/wp-content\/uploads\/2015\/12\/kutahya-il-ozel-idaresi-kendi-elektrigini-uretecek.jpg\"><img loading=\"lazy\" class=\"alignright  wp-image-48092\" src=\"https:\/\/www.enerjigazetesi.ist\/wp-content\/uploads\/2015\/12\/kutahya-il-ozel-idaresi-kendi-elektrigini-uretecek.jpg\" alt=\"kutahya-il-ozel-idaresi-kendi-elektrigini-uretecek\" width=\"300\" height=\"228\" \/><\/a>nen a\u00e7\u0131l\u0131\u015f t\u00f6renine Vali \u015eerif Y\u0131lmaz, Belediye Ba\u015fkan Vekili Galip G\u00fcltekin, \u0130l Genel Meclisi Ba\u015fkan\u0131 Musa Y\u0131lmaz, \u0130l \u00d6zel \u0130daresi Genel Sekreteri Muhittin \u015eahin, OEDA\u015e Genel M\u00fcd\u00fcr\u00fc Abdulkadir K\u00f6ker, il\u00e7e kaymakamlar\u0131, i\u015f adamlar\u0131 ile baz\u0131 daire m\u00fcd\u00fcrleri kat\u0131ld\u0131.<\/p>\n<p style=\"color: #363636;\">\u201cEnerjimizi G\u00fcne\u015fle Art\u0131r\u0131yoruz\u201d projesinin ba\u015far\u0131yla tamamland\u0131\u011f\u0131n\u0131, tesisin 1 milyon 259 bin 240 TL\u2019ye mal oldu\u011funu kaydeden Vali \u015eerif Y\u0131lmaz, G\u00fcne\u015f Enerji \u015earj \u0130stasyonlu Otopark Sistemi hakk\u0131nda t\u00f6rene kat\u0131lanlar\u0131 bilgilendirdi. Vali Y\u0131lmaz, \u201cSantralin saatte 217 Kw g\u00fcnde 1.2Mw, ayda 36 Mw, y\u0131lda ise 430 Mw kurulu g\u00fcc\u00fc vard\u0131r. Proje kapsam\u0131nda 90 ton \u00e7elik \u00fczerine yap\u0131lan Fotovoltaik \u00e7at\u0131 sisteminde, 840 adet, -20 ile 70 derecede \u00fcretim yapabilen Alman \u00fcretimi (Solar Word) marka panel kullan\u0131lm\u0131\u015f olup toplam maliyeti 1 milyon 259 bin 240 TL\u2019dir. K\u00fctahya \u0130l \u00d6zel \u0130daresi ve Zafer Kalk\u0131nma Ajans\u0131 ile ortakla\u015fa y\u00fcr\u00fct\u00fclen projede yenilenebilir enerji kaynaklar\u0131 ile lisanss\u0131z elektrik \u00fcretimine y\u00f6nelik 217 kWp\u2019lik T\u00fcrkiye de ilk g\u00fcne\u015f enerji \u015farj istasyonlu otopark sistemi yat\u0131r\u0131m modeli olmu\u015ftur. K\u00fctahya\u2019da yenilenebilir enerji kaynaklar\u0131 kullan\u0131larak \u201cAk\u0131ll\u0131 \u015eehir\u201d kriterlerine uygun yat\u0131r\u0131mlar yap\u0131lmas\u0131n\u0131 sa\u011flamak amac\u0131yla planlanan proje yenilenebilir enerjinin kullan\u0131m\u0131 i\u00e7in yerel ve b\u00f6lge halk\u0131na \u00f6rnek olarak, yenilenebilir enerji kaynaklar\u0131n\u0131n kullan\u0131m\u0131n\u0131 te\u015fvik etmeyi ama\u00e7lam\u0131\u015ft\u0131r. K\u00fctahya \u0130l \u00d6zel \u0130daresi Hizmet Binas\u0131 bah\u00e7esine kurulan G\u00fcne\u015f Enerji \u015earj \u0130stasyonlu Otopark Sistemi ile Avrupa Birli\u011fi \u00fclkelerindeki sistemlerle kolerasyon yaparak b\u00f6lge halk\u0131n\u0131n fark\u0131ndal\u0131\u011f\u0131n\u0131 art\u0131ran somut uygulama yat\u0131r\u0131m modeli olu\u015fturulmu\u015ftur. Zafer Kalk\u0131nma Ajans\u0131n\u0131n TR 33 b\u00f6lgesinde temiz enerji bilincinin yayg\u0131nla\u015ft\u0131r\u0131lmas\u0131 hedeflerine \u2018Enerjimizi G\u00fcne\u015f ile Art\u0131r\u0131yoruz\u2019 projesi hem vizyonel hem de yerinde hizmet bak\u0131\u015f a\u00e7\u0131s\u0131 ile de\u011ferlendirildi\u011finde proje ba\u015far\u0131l\u0131 bir \u015fekilde tamamlanm\u0131\u015ft\u0131r\u201d \u015feklinde konu\u015ftu.<\/p>\n<p style=\"color: #363636;\"><strong>\u201cTES\u0130S T\u00dcRK\u0130YE\u2019DE B\u0130R \u0130LK\u201d<\/strong><\/p>\n<p style=\"color: #363636;\">Tesisin T\u00fcrkiye\u2019de G\u00fcne\u015f Enerji \u015earj \u0130stasyonlu Otopark Sistemi konseptinde yap\u0131lm\u0131\u015f ilk proje oldu\u011funu belirten Vali \u015eerif Y\u0131lmaz, \u201cYap\u0131lan bu tesis k\u00fc\u00e7\u00fck de olsa, kar\u0131nca misali bir damla da olsa ba\u015fkas\u0131na muhta\u00e7 olmadan ba\u011f\u0131ms\u0131z olarak \u00fcretebildi\u011fimiz enerjinin ne kadar k\u0131ymetli oldu\u011funu g\u00f6steren en \u00f6nemli g\u00f6stergelerden biridir. Tesis belkide T\u00fcrkiye\u2019deki \u00d6zel \u0130dare tesisleri i\u00e7erisinde kendi enerjisini \u00fcreten ilk tesislerden birisidir. Yap\u0131lan tesis K\u00fctahya\u2019da da bir ilk. \u015euana kadar K\u00fctahya\u2019da yenilenebilir g\u00fcne\u015f enerji sistemini kuran Erden grup var, bir de K\u00fctahya \u0130l \u00d6zel \u0130daresi. Di\u011fer yat\u0131r\u0131mc\u0131lar\u0131m\u0131z\u0131n, aram\u0131zda bulunan i\u015f adamlar\u0131m\u0131z\u0131n da \u00e7al\u0131\u015fmalar\u0131n\u0131 biliyorum, in\u015fallah o \u00e7al\u0131\u015fmalar ger\u00e7ekle\u015fti\u011fi takdirde K\u00fctahya\u2019da kendi enerjisini \u00fcreten, sadece termik santraller de\u011fil, hem g\u00fcne\u015f enerjisiyle hem de r\u00fczgar enerjisiyle milli ekonomiye katk\u0131 sa\u011flayacak olan tesislerin \u00f6n\u00fc a\u00e7\u0131lacak\u201d diye konu\u015ftu.<\/p>\n<p style=\"color: #363636;\"><strong>\u201cKEND\u0130 ENERJ\u0130S\u0130N\u0130 \u00dcRETEB\u0130LEN B\u0130R \u0130L\u0130Z\u201d<\/strong><\/p>\n<p style=\"color: #363636;\">K\u00fctahya\u2019n\u0131n kendi enerjisini \u00fcretmede ba\u015far\u0131l\u0131 bir il oldu\u011funu ifade eden Vali \u015eerif Y\u0131lmaz, \u201cT\u00fcrkiye\u2019de il baz\u0131nda kendi enerjisini \u00fcreten illerden bir tanesiyiz. Hem Seyit\u00f6mer, hem Tun\u00e7bilek Termik Santrallerimiz T\u00fcrkiye\u2019nin \u00f6nemli tesislerinden birka\u00e7\u0131d\u0131r. G\u00fcne\u015f enerjisinden g\u00fcnl\u00fck istifade etme rakamlar\u0131na bakt\u0131\u011f\u0131m\u0131zda, T\u00fcrkiye ortalamas\u0131nda g\u00fcne\u015flenme s\u00fcremiz, ortalama g\u00fcnl\u00fck yakla\u015f\u0131k 6 saat olarak belirlenmi\u015f durumda. T\u00fcrkiye ortalamas\u0131n\u0131n \u00fcst\u00fcnde olan bir il olarak da, g\u00fcne\u015f enerjisinden istifade etmemiz gerekti\u011fini bize g\u00f6steriyor. Bir\u00e7ok \u00fclke bug\u00fcn enerji \u00e7e\u015fitlili\u011fini kendi kaynaklar\u0131yla temin etme yolunda h\u0131zla geli\u015fim g\u00f6steriyor. Bu a\u00e7\u0131dan bakt\u0131\u011f\u0131m\u0131zda, sadece g\u00fcne\u015f enerjisi de\u011fil n\u00fckleer santral de dahil olmak \u00fczere enerji \u00e7e\u015fitlili\u011fini sa\u011flad\u0131\u011f\u0131m\u0131z ve \u00fclke olarak bunu ger\u00e7ekle\u015ftirdi\u011fimiz zaman ba\u011f\u0131ms\u0131z bir \u00fclke olman\u0131n ne anlama geldi\u011fini ifade edebiliriz\u201d dedi.<\/p>\n<p style=\"color: #363636;\"><strong>\u201cENERJ\u0130DE BA\u011eIMSIZ HALE GELMEL\u0130Y\u0130Z\u201d<\/strong><\/p>\n<p style=\"color: #363636;\">T\u00fcrkiye\u2019nin kendi enerjisini \u00fcretmede ba\u011f\u0131ms\u0131z hale gelmesinin, bunun \u00f6n\u00fcn\u00fcn illerdeki yat\u0131r\u0131mlarla a\u00e7\u0131laca\u011f\u0131n\u0131 vurgulayan Vali Y\u0131lmaz, \u201cBu \u00fclkede bug\u00fcn do\u011falgaz \u00e7evrim santralleri te\u015fvik edildi. Baz\u0131 \u00fclkeler taraf\u0131ndan enerjiyle ilgili vanalar kapat\u0131lma durumuna gelirse, enerjiyi nereden temin edece\u011fiz. Say\u0131n Cumhurba\u015fkan\u0131m\u0131z dahil olmak \u00fczere \u00fclke \u00fclke enerji temini i\u00e7in yollara d\u00fc\u015ft\u00fck. Y\u0131llar \u00f6nce yap\u0131lan hata bug\u00fcn ortaya \u00e7\u0131kt\u0131. Onun i\u00e7in bizim kendi \u00f6zkaynaklar\u0131m\u0131zla, kendi \u00fclkemiz i\u00e7inde bulunan de\u011ferlerin gerek HES\u2019leri gerekse n\u00fckleer santralleri yapmam\u0131za kar\u015f\u0131 \u00e7\u0131k\u0131ld\u0131. Bug\u00fcn \u00fclkemizde do\u011falgazla ilgili s\u0131k\u0131nt\u0131 meydana geldi\u011finde insanlar\u0131m\u0131z\u0131n neleri d\u00fc\u015f\u00fcnece\u011fini siz tahmin edebilirsiniz. O a\u00e7\u0131dan bizim k\u00fc\u00e7\u00fck bir projede olsa \u00f6rnek bir projedir diye de\u011ferlendirdi\u011fimiz bu tesis bizim i\u00e7in \u00e7ok \u00f6nemlidir\u201d ifadelerini kulland\u0131.<\/p>\n<p style=\"color: #363636;\">Konu\u015fmalar\u0131n ard\u0131ndan K\u00fctahya Valisi \u015eerif Y\u0131lmaz beraberinde protokol \u00fcyeleri ile birlikte a\u00e7\u0131l\u0131\u015f kurdelesini keserek tesisin hay\u0131rl\u0131 olmas\u0131 temennisinde bulundu.<\/p>\n<p style=\"color: #363636;\">Kaynak: \u0130HA<\/p>\n<p><\/p>","protected":false},"excerpt":{"rendered":"<p>Sorry, this entry is only available in Turkish. For the sake of viewer convenience, the content is shown below in the alternative language. You may click the link to switch the active language. Zafer Kalk\u0131nma Ajans\u0131\u2019n\u0131n (ZEKA) Turizm, Enerji ve \u00c7evre Altyap\u0131 Mali Destek Program\u0131 kapsam\u0131nda yap\u0131lan \u2018K\u00fctahya \u0130l \u00d6zel \u0130daresi G\u00fcne\u015f Enerji \u015earj \u0130stasyonlu [&hellip;]<\/p>\n","protected":false},"author":1,"featured_media":48092,"comment_status":"open","ping_status":"open","sticky":false,"template":"","format":"standard","meta":[],"categories":[51,53,49],"tags":[68,19,63,67,1009,2698,165,27547,27548,227,13,23133,4269,2190,27549,27550,1190,3235,1295,4198,105,27551],"views":1011,"_links":{"self":[{"href":"https:\/\/www.enerjigazetesi.ist\/en\/wp-json\/wp\/v2\/posts\/48091"}],"collection":[{"href":"https:\/\/www.enerjigazetesi.ist\/en\/wp-json\/wp\/v2\/posts"}],"about":[{"href":"https:\/\/www.enerjigazetesi.ist\/en\/wp-json\/wp\/v2\/types\/post"}],"author":[{"embeddable":true,"href":"https:\/\/www.enerjigazetesi.ist\/en\/wp-json\/wp\/v2\/users\/1"}],"replies":[{"embeddable":true,"href":"https:\/\/www.enerjigazetesi.ist\/en\/wp-json\/wp\/v2\/comments?post=48091"}],"version-history":[{"count":1,"href":"https:\/\/www.enerjigazetesi.ist\/en\/wp-json\/wp\/v2\/posts\/48091\/revisions"}],"predecessor-version":[{"id":48093,"href":"https:\/\/www.enerjigazetesi.ist\/en\/wp-json\/wp\/v2\/posts\/48091\/revisions\/48093"}],"wp:featuredmedia":[{"embeddable":true,"href":"https:\/\/www.enerjigazetesi.ist\/en\/wp-json\/wp\/v2\/media\/48092"}],"wp:attachment":[{"href":"https:\/\/www.enerjigazetesi.ist\/en\/wp-json\/wp\/v2\/media?parent=48091"}],"wp:term":[{"taxonomy":"category","embeddable":true,"href":"https:\/\/www.enerjigazetesi.ist\/en\/wp-json\/wp\/v2\/categories?post=48091"},{"taxonomy":"post_tag","embeddable":true,"href":"https:\/\/www.enerjigazetesi.ist\/en\/wp-json\/wp\/v2\/tags?post=48091"}],"curies":[{"name":"wp","href":"https:\/\/api.w.org\/{rel}","templated":true}]}}