{"id":48082,"date":"2015-12-19T11:20:34","date_gmt":"2015-12-19T08:20:34","guid":{"rendered":"https:\/\/www.enerjigazetesi.ist\/?p=48082"},"modified":"2015-12-19T12:03:23","modified_gmt":"2015-12-19T09:03:23","slug":"igdasin-halka-arzi-onaylandi","status":"publish","type":"post","link":"https:\/\/www.enerjigazetesi.ist\/en\/igdasin-halka-arzi-onaylandi\/","title":{"rendered":"(Turkish) \u0130GDA\u015e&#8217;\u0131n Halka Arz\u0131 Onayland\u0131!"},"content":{"rendered":"<p class=\"qtranxs-available-languages-message qtranxs-available-languages-message-en\">Sorry, this entry is only available in <a href=\"https:\/\/www.enerjigazetesi.ist\/tr\/wp-json\/wp\/v2\/posts\/48082\" class=\"qtranxs-available-language-link qtranxs-available-language-link-tr\" title=\"Turkish\">Turkish<\/a>. For the sake of viewer convenience, the content is shown below in the alternative language. You may click the link to switch the active language.<\/p><p><\/p>\n<header style=\"color: #5c5c5c;\">\n<div class=\"lead\" style=\"font-weight: 400; color: #777777;\">\n<p class=\"selectionShareable\" style=\"font-weight: 400;\">\u0130stanbul B\u00fcy\u00fck\u015fehir Belediye Meclisinde, \u0130GDA\u015e&#8217;\u0131n \u0130BB&#8217;deki hisselerinin halka arz y\u00f6ntemiyle \u00f6zelle\u015ftirilmesi hakk\u0131ndaki teklif oy \u00e7oklu\u011fuyla kabul edildi.<\/p>\n<\/div>\n<p class=\"post-meta clearfix selectionShareable\" style=\"font-weight: 400; color: #bcbcbc;\"><img loading=\"lazy\" class=\"open-popup img-responsive\" src=\"http:\/\/aa.com.tr\/uploads\/Contents\/2015\/12\/18\/thumbs_b_c_13b24003065b969efcbb28d503c7b2dd.jpg\" alt=\"\u0130GDA\u015e'\u0131n halka arz\u0131 onayland\u0131\" width=\"666\" height=\"375\" \/><\/p>\n<p class=\"selectionShareable\" style=\"color: #000000 !important;\">\u0130STANBUL<\/p>\n<p class=\"selectionShareable\" style=\"color: #000000 !important;\">\u0130stanbul B\u00fcy\u00fck\u015fehir Belediye Meclisinde, \u0130stanbul Gaz Da\u011f\u0131t\u0131m Sanayi ve Ticaret Anonim \u015eirketinin (\u0130GDA\u015e)\u00a0\u0130BB&#8217;deki hisselerinin halka arz y\u00f6ntemiyle \u00f6zelle\u015ftirilmesi hakk\u0131ndaki teklif oy \u00e7oklu\u011fuyla kabul edildi.<\/p>\n<p class=\"selectionShareable\" style=\"color: #000000 !important;\">\u0130stanbul B\u00fcy\u00fck\u015fehir Belediyesinin Sara\u00e7hane&#8217;deki binas\u0131nda yap\u0131lan meclis toplant\u0131s\u0131nda, \u0130GDA\u015e hisselerinin \u00f6zelle\u015ftirilmesi hakk\u0131ndaki hukuk komisyonu ile plan ve b\u00fct\u00e7e komisyonu ortak raporu oya sunuldu.<\/p>\n<p class=\"selectionShareable\" style=\"color: #000000 !important;\">AK Partili Hukuk Komisyonu \u00dcyesi Sib\u011fetullah \u015eahin 2009&#8217;dan 2015&#8217;e kadar 4 farkl\u0131 meclis karar\u0131yla \u0130GDA\u015e&#8217;\u0131n \u00f6zelle\u015ftirilmesi y\u00f6n\u00fcnde kararlar verildi\u011fini ifade ederek, &#8220;\u0130nsanlar\u0131n siyasi g\u00f6r\u00fc\u015fleri ve tercihleri var. Bizim siyasi anlay\u0131\u015f\u0131m\u0131zda bug\u00fcn i\u00e7in \u0130stanbul&#8217;a daha verimli hizmet verebilmek i\u00e7in, \u0130GDA\u015e&#8217;\u0131n \u00f6zelle\u015ftirmesi gerekti\u011fini d\u00fc\u015f\u00fcn\u00fcyoruz. Bug\u00fcn itibar\u0131yla\u00a0\u00f6zelle\u015ftirmeye kar\u015f\u0131 olabilirsiniz ama \u0130zmir, Ankara ve b\u00fcy\u00fck\u015fehirlerin tamam\u0131nda 67 gaz lisansl\u0131 \u015firket var. Bunlardan sadece \u0130GDA\u015e&#8217;\u0131n kamu m\u00fclkiyetinde oldu\u011funu s\u00f6yl\u00fcyorum&#8221; diye konu\u015ftu.<\/p>\n<p class=\"selectionShareable\" style=\"color: #000000 !important;\">Konu\u015fmalar\u0131n ard\u0131ndan yap\u0131lan oylamada teklif, oy \u00e7oklu\u011fuyla kabul edildi.\u00a0Buna g\u00f6re, \u0130GDA\u015e&#8217;ta \u0130BB&#8217;ye ait hisselerin y\u00fczde 51&#8217;e kadar olan k\u0131sm\u0131n\u0131n sat\u0131\u015f y\u00f6ntemiyle \u00f6zelle\u015ftirilmesi, sat\u0131\u015f\u0131n halka arz y\u00f6ntemiyle ger\u00e7ekle\u015ftirilmesi onayland\u0131.<\/p>\n<p class=\"selectionShareable\" style=\"color: #000000 !important;\">Muhabir: Lale Bildirici<\/p>\n<p class=\"selectionShareable\" style=\"color: #000000 !important;\">Kaynak: AA<\/p>\n<\/header>\n<p><\/p>","protected":false},"excerpt":{"rendered":"<p>Sorry, this entry is only available in Turkish. For the sake of viewer convenience, the content is shown below in the alternative language. You may click the link to switch the active language. \u0130stanbul B\u00fcy\u00fck\u015fehir Belediye Meclisinde, \u0130GDA\u015e&#8217;\u0131n \u0130BB&#8217;deki hisselerinin halka arz y\u00f6ntemiyle \u00f6zelle\u015ftirilmesi hakk\u0131ndaki teklif oy \u00e7oklu\u011fuyla kabul edildi. \u0130STANBUL \u0130stanbul B\u00fcy\u00fck\u015fehir Belediye Meclisinde, [&hellip;]<\/p>\n","protected":false},"author":1,"featured_media":48083,"comment_status":"open","ping_status":"open","sticky":false,"template":"","format":"standard","meta":[],"categories":[46,53],"tags":[27544,1690,4498],"views":1052,"_links":{"self":[{"href":"https:\/\/www.enerjigazetesi.ist\/en\/wp-json\/wp\/v2\/posts\/48082"}],"collection":[{"href":"https:\/\/www.enerjigazetesi.ist\/en\/wp-json\/wp\/v2\/posts"}],"about":[{"href":"https:\/\/www.enerjigazetesi.ist\/en\/wp-json\/wp\/v2\/types\/post"}],"author":[{"embeddable":true,"href":"https:\/\/www.enerjigazetesi.ist\/en\/wp-json\/wp\/v2\/users\/1"}],"replies":[{"embeddable":true,"href":"https:\/\/www.enerjigazetesi.ist\/en\/wp-json\/wp\/v2\/comments?post=48082"}],"version-history":[{"count":2,"href":"https:\/\/www.enerjigazetesi.ist\/en\/wp-json\/wp\/v2\/posts\/48082\/revisions"}],"predecessor-version":[{"id":48090,"href":"https:\/\/www.enerjigazetesi.ist\/en\/wp-json\/wp\/v2\/posts\/48082\/revisions\/48090"}],"wp:featuredmedia":[{"embeddable":true,"href":"https:\/\/www.enerjigazetesi.ist\/en\/wp-json\/wp\/v2\/media\/48083"}],"wp:attachment":[{"href":"https:\/\/www.enerjigazetesi.ist\/en\/wp-json\/wp\/v2\/media?parent=48082"}],"wp:term":[{"taxonomy":"category","embeddable":true,"href":"https:\/\/www.enerjigazetesi.ist\/en\/wp-json\/wp\/v2\/categories?post=48082"},{"taxonomy":"post_tag","embeddable":true,"href":"https:\/\/www.enerjigazetesi.ist\/en\/wp-json\/wp\/v2\/tags?post=48082"}],"curies":[{"name":"wp","href":"https:\/\/api.w.org\/{rel}","templated":true}]}}