{"id":48073,"date":"2015-12-19T11:02:15","date_gmt":"2015-12-19T08:02:15","guid":{"rendered":"https:\/\/www.enerjigazetesi.ist\/?p=48073"},"modified":"2015-12-19T12:01:13","modified_gmt":"2015-12-19T09:01:13","slug":"enerji-satisinda-brut-kar-marji-tavani-belli-oldu","status":"publish","type":"post","link":"https:\/\/www.enerjigazetesi.ist\/en\/enerji-satisinda-brut-kar-marji-tavani-belli-oldu\/","title":{"rendered":"(Turkish) Enerji Sat\u0131\u015f\u0131nda Br\u00fct K\u00e2r Marj\u0131 Tavan\u0131 Belli Oldu!"},"content":{"rendered":"<p class=\"qtranxs-available-languages-message qtranxs-available-languages-message-en\">Sorry, this entry is only available in <a href=\"https:\/\/www.enerjigazetesi.ist\/tr\/wp-json\/wp\/v2\/posts\/48073\" class=\"qtranxs-available-language-link qtranxs-available-language-link-tr\" title=\"Turkish\">Turkish<\/a>. For the sake of viewer convenience, the content is shown below in the alternative language. You may click the link to switch the active language.<\/p><p><\/p>\n<div class=\"news_detail\" style=\"color: #0f0f0f;\">\n<div class=\"short_content_2\" style=\"font-weight: bold; color: #242424;\">EPDK, 2016-2020 y\u0131llar\u0131nda ge\u00e7erli olacak Br\u00fct K\u00e2r Marj\u0131 Tavan\u0131n\u0131n y\u00fczde 2,38 olarak onaylad\u0131.<\/div>\n<p><img class=\"image_2\" title=\"Enerji sat\u0131\u015f\u0131nda br\u00fct k\u00e2r marj\u0131 tavan\u0131 belli oldu\" src=\"http:\/\/www.dunya.com\/d\/news\/94253.jpg\" alt=\"Enerji sat\u0131\u015f\u0131nda br\u00fct k\u00e2r marj\u0131 tavan\u0131 belli oldu\" width=\"677\" \/><\/p>\n<\/div>\n<div class=\"middle_content_top\" style=\"color: #0f0f0f;\"><\/div>\n<div class=\"middle_content\" style=\"color: #0f0f0f;\">\n<div class=\"news_detail\">\n<div id=\"news_content\" class=\"text_content\" style=\"color: #4d4e53;\">\n<p>Enerji Piyasas\u0131 D\u00fczenleme Kurulu (EPDK), perakende enerji sat\u0131\u015f fiyatlar\u0131 br\u00fct k\u00e2r marj\u0131 tavan\u0131n\u0131 y\u00fczde 2.38 olarak belirledi.<\/p>\n<p>Resmi Gazete&#8217;nin bug\u00fcnk\u00fc say\u0131s\u0131nda yer alan EPDK karar\u0131na g\u00f6re, belirlenen oran, 2016 ile 2020 y\u0131llar\u0131 aras\u0131nda ge\u00e7erli olacak.<\/p>\n<\/div>\n<div class=\"clear\">\u00a0Kaynak: D\u00fcnya<\/div>\n<\/div>\n<div class=\"comment_navigation\"><\/div>\n<\/div>\n<p>&nbsp;<\/p>","protected":false},"excerpt":{"rendered":"<p>Sorry, this entry is only available in Turkish. For the sake of viewer convenience, the content is shown below in the alternative language. You may click the link to switch the active language. EPDK, 2016-2020 y\u0131llar\u0131nda ge\u00e7erli olacak Br\u00fct K\u00e2r Marj\u0131 Tavan\u0131n\u0131n y\u00fczde 2,38 olarak onaylad\u0131. Enerji Piyasas\u0131 D\u00fczenleme Kurulu (EPDK), perakende enerji sat\u0131\u015f fiyatlar\u0131 [&hellip;]<\/p>\n","protected":false},"author":1,"featured_media":48077,"comment_status":"open","ping_status":"open","sticky":false,"template":"","format":"standard","meta":[],"categories":[53],"tags":[27543],"views":999,"_links":{"self":[{"href":"https:\/\/www.enerjigazetesi.ist\/en\/wp-json\/wp\/v2\/posts\/48073"}],"collection":[{"href":"https:\/\/www.enerjigazetesi.ist\/en\/wp-json\/wp\/v2\/posts"}],"about":[{"href":"https:\/\/www.enerjigazetesi.ist\/en\/wp-json\/wp\/v2\/types\/post"}],"author":[{"embeddable":true,"href":"https:\/\/www.enerjigazetesi.ist\/en\/wp-json\/wp\/v2\/users\/1"}],"replies":[{"embeddable":true,"href":"https:\/\/www.enerjigazetesi.ist\/en\/wp-json\/wp\/v2\/comments?post=48073"}],"version-history":[{"count":3,"href":"https:\/\/www.enerjigazetesi.ist\/en\/wp-json\/wp\/v2\/posts\/48073\/revisions"}],"predecessor-version":[{"id":48078,"href":"https:\/\/www.enerjigazetesi.ist\/en\/wp-json\/wp\/v2\/posts\/48073\/revisions\/48078"}],"wp:featuredmedia":[{"embeddable":true,"href":"https:\/\/www.enerjigazetesi.ist\/en\/wp-json\/wp\/v2\/media\/48077"}],"wp:attachment":[{"href":"https:\/\/www.enerjigazetesi.ist\/en\/wp-json\/wp\/v2\/media?parent=48073"}],"wp:term":[{"taxonomy":"category","embeddable":true,"href":"https:\/\/www.enerjigazetesi.ist\/en\/wp-json\/wp\/v2\/categories?post=48073"},{"taxonomy":"post_tag","embeddable":true,"href":"https:\/\/www.enerjigazetesi.ist\/en\/wp-json\/wp\/v2\/tags?post=48073"}],"curies":[{"name":"wp","href":"https:\/\/api.w.org\/{rel}","templated":true}]}}