{"id":48028,"date":"2015-12-17T19:11:25","date_gmt":"2015-12-17T16:11:25","guid":{"rendered":"https:\/\/www.enerjigazetesi.ist\/?p=48028"},"modified":"2015-12-17T19:11:25","modified_gmt":"2015-12-17T16:11:25","slug":"abd-turk-hukumetinin-daisten-petrol-aldigina-dair-kanit-yok","status":"publish","type":"post","link":"https:\/\/www.enerjigazetesi.ist\/en\/abd-turk-hukumetinin-daisten-petrol-aldigina-dair-kanit-yok\/","title":{"rendered":"(Turkish) ABD: \u201cT\u00fcrk H\u00fck\u00fcmetinin DA\u0130\u015e\u2019ten Petrol Ald\u0131\u011f\u0131na Dair Kan\u0131t Yok&#8230;\u201d"},"content":{"rendered":"<p class=\"qtranxs-available-languages-message qtranxs-available-languages-message-en\">Sorry, this entry is only available in <a href=\"https:\/\/www.enerjigazetesi.ist\/tr\/wp-json\/wp\/v2\/posts\/48028\" class=\"qtranxs-available-language-link qtranxs-available-language-link-tr\" title=\"Turkish\">Turkish<\/a>. For the sake of viewer convenience, the content is shown below in the alternative language. You may click the link to switch the active language.<\/p><p><\/p>\n<p style=\"color: #0a0a0a;\"><strong>ABD y\u00f6netiminden \u00fcst d\u00fczey bir yetkili, T\u00fcrk h\u00fck\u00fcmetinin ter\u00f6r \u00f6rg\u00fct\u00fc DA\u0130\u015e\u2019ten petrol ald\u0131\u011f\u0131na dair kan\u0131t g\u00f6rmediklerini bildirdi.<\/strong><span id=\"more-74752\"><\/span><\/p>\n<p style=\"color: #0a0a0a;\">ABD Hazine Bakanl\u0131\u011f\u0131 Ter\u00f6rizm ve Finansal \u0130stihbarattan Sorumlu M\u00fcste\u015far Vekili Adam Szubin, Beyaz Saray\u2019daki g\u00fcnl\u00fck bas\u0131n toplant\u0131s\u0131na kat\u0131larak, DA<a href=\"https:\/\/www.enerjigazetesi.ist\/wp-content\/uploads\/2015\/12\/abd-turk-hukumetinin-daisten-petrol-aldigina-dair-kanit-yok.jpg\"><img loading=\"lazy\" class=\"alignleft size-medium wp-image-48029\" src=\"https:\/\/www.enerjigazetesi.ist\/wp-content\/uploads\/2015\/12\/abd-turk-hukumetinin-daisten-petrol-aldigina-dair-kanit-yok-300x165.jpg\" alt=\"abd-turk-hukumetinin-daisten-petrol-aldigina-dair-kanit-yok\" width=\"300\" height=\"165\" srcset=\"https:\/\/www.enerjigazetesi.ist\/wp-content\/uploads\/2015\/12\/abd-turk-hukumetinin-daisten-petrol-aldigina-dair-kanit-yok-300x165.jpg 300w, https:\/\/www.enerjigazetesi.ist\/wp-content\/uploads\/2015\/12\/abd-turk-hukumetinin-daisten-petrol-aldigina-dair-kanit-yok-500x276.jpg 500w, https:\/\/www.enerjigazetesi.ist\/wp-content\/uploads\/2015\/12\/abd-turk-hukumetinin-daisten-petrol-aldigina-dair-kanit-yok-80x44.jpg 80w, https:\/\/www.enerjigazetesi.ist\/wp-content\/uploads\/2015\/12\/abd-turk-hukumetinin-daisten-petrol-aldigina-dair-kanit-yok.jpg 696w\" sizes=\"(max-width: 300px) 100vw, 300px\" \/><\/a>\u0130\u015e\u2019in petrol gelirlerinin kesilmesine y\u00f6nelik \u00e7al\u0131\u015fmalar hakk\u0131nda bilgilendirme yapt\u0131.<\/p>\n<p style=\"color: #0a0a0a;\">Szubin, bu konuda yar\u0131n BM\u2019de ABD Hazine Bakan\u0131 Jacob Lew\u2019in ba\u015fkanl\u0131\u011f\u0131nda BM G\u00fcvenlik Konseyi \u00fcyesi \u00fclkelerin maliye bakanlar\u0131n\u0131n kat\u0131l\u0131m\u0131yla bir toplant\u0131 yap\u0131laca\u011f\u0131n\u0131, buradaki amac\u0131n, DA\u0130\u015e\u2019i ve ter\u00f6r \u00f6rg\u00fctlerini uluslararas\u0131 mali sistemden izole etmek oldu\u011funu belirtti.<\/p>\n<p style=\"color: #0a0a0a;\">Rus makamlar taraf\u0131ndan \u00f6ne s\u00fcr\u00fclen T\u00fcrkiye\u2019nin DA\u0130\u015e\u2019ten petrol ald\u0131\u011f\u0131 iddialar\u0131na y\u00f6nelik bir soru \u00fczerine de Szubin, \u015funlar\u0131 s\u00f6yledi:<\/p>\n<p style=\"color: #0a0a0a;\">\u201cT\u00fcrk h\u00fck\u00fcmetinin DA\u0130\u015e\u2019ten petrol ald\u0131\u011f\u0131na dair hi\u00e7bir kan\u0131t g\u00f6rm\u00fcyoruz. DA\u0130\u015e\u2019in sat\u0131\u015flar\u0131n\u0131n b\u00fcy\u00fck b\u00f6l\u00fcm\u00fcn\u00fcn petrol kuyusunun ba\u015f\u0131nda yap\u0131ld\u0131\u011f\u0131na inan\u0131yoruz. Bir ba\u015fka deyi\u015fle arac\u0131lara ve karaborsac\u0131lara sat\u0131yorlar ve bu ki\u015filer de petrol\u00fc ba\u015fkalar\u0131na g\u00f6nderiyor.<\/p>\n<p style=\"color: #0a0a0a;\">D\u0131\u015far\u0131dan al\u0131mlar konusunda da Suriye h\u00fck\u00fcmetinin, \u00f6zellikle gaz s\u00f6z konusu oldu\u011funda, al\u0131c\u0131 oldu\u011funu s\u00f6ylemi\u015ftik. Genel olarak petrol\u00fcn gitti\u011fi yer konusunda, DA\u0130\u015e\u2019in petrol\u00fcn\u00fcn b\u00fcy\u00fck b\u00f6l\u00fcm\u00fc ya kendi askeri sald\u0131r\u0131lar\u0131 i\u00e7in yak\u0131t sa\u011flamak amac\u0131yla ya da y\u00f6netmeye \u00e7al\u0131\u015ft\u0131klar\u0131 b\u00f6lgelerde elektrik sa\u011flanmas\u0131 i\u00e7in kendi kontrolleri alt\u0131ndaki b\u00f6lgelere gidiyor.\u201d<\/p>\n<p style=\"color: #0a0a0a;\">Kaynak: Enerji Enstit\u00fcs\u00fc<\/p>\n<p><\/p>","protected":false},"excerpt":{"rendered":"<p>Sorry, this entry is only available in Turkish. For the sake of viewer convenience, the content is shown below in the alternative language. You may click the link to switch the active language. ABD y\u00f6netiminden \u00fcst d\u00fczey bir yetkili, T\u00fcrk h\u00fck\u00fcmetinin ter\u00f6r \u00f6rg\u00fct\u00fc DA\u0130\u015e\u2019ten petrol ald\u0131\u011f\u0131na dair kan\u0131t g\u00f6rmediklerini bildirdi. ABD Hazine Bakanl\u0131\u011f\u0131 Ter\u00f6rizm ve [&hellip;]<\/p>\n","protected":false},"author":1,"featured_media":48029,"comment_status":"open","ping_status":"open","sticky":false,"template":"","format":"standard","meta":[],"categories":[53,44],"tags":[1198,27522,63,67,1009,2698,165,13970,59,79,2388,2522,27207,846],"views":936,"_links":{"self":[{"href":"https:\/\/www.enerjigazetesi.ist\/en\/wp-json\/wp\/v2\/posts\/48028"}],"collection":[{"href":"https:\/\/www.enerjigazetesi.ist\/en\/wp-json\/wp\/v2\/posts"}],"about":[{"href":"https:\/\/www.enerjigazetesi.ist\/en\/wp-json\/wp\/v2\/types\/post"}],"author":[{"embeddable":true,"href":"https:\/\/www.enerjigazetesi.ist\/en\/wp-json\/wp\/v2\/users\/1"}],"replies":[{"embeddable":true,"href":"https:\/\/www.enerjigazetesi.ist\/en\/wp-json\/wp\/v2\/comments?post=48028"}],"version-history":[{"count":1,"href":"https:\/\/www.enerjigazetesi.ist\/en\/wp-json\/wp\/v2\/posts\/48028\/revisions"}],"predecessor-version":[{"id":48030,"href":"https:\/\/www.enerjigazetesi.ist\/en\/wp-json\/wp\/v2\/posts\/48028\/revisions\/48030"}],"wp:featuredmedia":[{"embeddable":true,"href":"https:\/\/www.enerjigazetesi.ist\/en\/wp-json\/wp\/v2\/media\/48029"}],"wp:attachment":[{"href":"https:\/\/www.enerjigazetesi.ist\/en\/wp-json\/wp\/v2\/media?parent=48028"}],"wp:term":[{"taxonomy":"category","embeddable":true,"href":"https:\/\/www.enerjigazetesi.ist\/en\/wp-json\/wp\/v2\/categories?post=48028"},{"taxonomy":"post_tag","embeddable":true,"href":"https:\/\/www.enerjigazetesi.ist\/en\/wp-json\/wp\/v2\/tags?post=48028"}],"curies":[{"name":"wp","href":"https:\/\/api.w.org\/{rel}","templated":true}]}}