{"id":480,"date":"2012-06-14T06:39:38","date_gmt":"2012-06-14T06:39:38","guid":{"rendered":"https:\/\/www.enerjigazetesi.ist\/?p=480"},"modified":"2012-06-14T07:08:11","modified_gmt":"2012-06-14T07:08:11","slug":"ceolarin-en-buyuk-endisesi-karsilanabilir-enerji-oldu","status":"publish","type":"post","link":"https:\/\/www.enerjigazetesi.ist\/en\/ceolarin-en-buyuk-endisesi-karsilanabilir-enerji-oldu\/","title":{"rendered":"(Turkish) CEO&#8217;lar\u0131n En B\u00fcy\u00fck Endi\u015fesi Kar\u015f\u0131lanabilir Enerji Oldu"},"content":{"rendered":"<p class=\"qtranxs-available-languages-message qtranxs-available-languages-message-en\">Sorry, this entry is only available in <a href=\"https:\/\/www.enerjigazetesi.ist\/tr\/wp-json\/wp\/v2\/posts\/480\" class=\"qtranxs-available-language-link qtranxs-available-language-link-tr\" title=\"Turkish\">Turkish<\/a>. For the sake of viewer convenience, the content is shown below in the alternative language. You may click the link to switch the active language.<\/p><p><\/p>\n<div style=\"text-align: left;\"><strong>Ger\u00e7ekle\u015ftirilen Ankete G\u00f6re, CEO&#8217;lar En \u00c7ok Kar\u015f\u0131lanabilir Enerjinin \u0130\u015flerini Etkilemesinden Endi\u015fe Duyuyor.<\/strong><\/div>\n<div>\n<p style=\"text-align: left;\"><img loading=\"lazy\" class=\"alignleft size-full wp-image-481\" title=\"enerji-ceo\" src=\"https:\/\/www.enerjigazetesi.ist\/wp-content\/uploads\/2012\/06\/ceo.jpg\" alt=\"Pricewaterhouse Coopers'\u0131n (PwC), gelirleri 10 milyon dolar ile 10 milyar dolar aras\u0131nda olan 141 \u015firketin CEO'lar\u0131n\u0131n kat\u0131l\u0131m\u0131yla ger\u00e7ekle\u015ftirdi\u011fi ''S\u00fcrd\u00fcr\u00fclebilirlik Anketi''ne g\u00f6re, 10 y\u0131ll\u0131k s\u00fcre\u00e7te i\u015fletmelerin en b\u00fcy\u00fck endi\u015fesi, enerjinin kar\u015f\u0131lanabilirli\u011fi.\" width=\"300\" height=\"210\" srcset=\"https:\/\/www.enerjigazetesi.ist\/wp-content\/uploads\/2012\/06\/ceo.jpg 300w, https:\/\/www.enerjigazetesi.ist\/wp-content\/uploads\/2012\/06\/ceo-71x50.jpg 71w\" sizes=\"(max-width: 300px) 100vw, 300px\" \/>Pricewaterhouse Coopers&#8217;\u0131n (PwC), gelirleri 10 milyon dolar ile 10 milyar dolar aras\u0131nda olan 141 \u015firketin CEO&#8217;lar\u0131n\u0131n kat\u0131l\u0131m\u0131yla ger\u00e7ekle\u015ftirdi\u011fi &#8221;S\u00fcrd\u00fcr\u00fclebilirlik Anketi&#8221;ne g\u00f6re, 10 y\u0131ll\u0131k s\u00fcre\u00e7te i\u015fletmelerin en b\u00fcy\u00fck endi\u015fesi, enerjinin kar\u015f\u0131lanabilirli\u011fi.<\/p>\n<p style=\"text-align: left;\">Yap\u0131lan a\u00e7\u0131klamaya g\u00f6re, PwC, Brezilya&#8217;n\u0131n ba\u015fkenti Rio de Janeiro&#8217;da ger\u00e7ekle\u015ftirilecek &#8221;2012 BM S\u00fcrd\u00fcr\u00fclebilir Kalk\u0131nma Konferans\u0131 (Rio+20)&#8221; \u00f6ncesinde &#8221;S\u00fcrd\u00fcr\u00fclebilirlik Anketi&#8221; d\u00fczenledi.<\/p>\n<p style=\"text-align: left;\">CEO&#8217;lar\u0131n on-line kat\u0131l\u0131mla g\u00f6r\u00fc\u015f payla\u015ft\u0131klar\u0131 anket sonu\u00e7lar\u0131na g\u00f6re, enerjinin kar\u015f\u0131lanabilirli\u011fi, su k\u0131tl\u0131\u011f\u0131 ve iklim de\u011fi\u015fikli\u011fi konular\u0131 \u015firketler i\u00e7in stratejik i\u015fletme endi\u015feleri haline geldi.<\/p>\n<p style=\"text-align: left;\">Kar\u015f\u0131lanabilir enerji, s\u00fcrd\u00fcr\u00fclebilir kalk\u0131nma a\u00e7\u0131s\u0131ndan 10 y\u0131ll\u0131k s\u00fcre\u00e7te i\u015fletmelerin en b\u00fcy\u00fck endi\u015fesi olurken, e\u015fitlik, sosyal i\u00e7ermeyle s\u00fcrd\u00fcr\u00fclebilir t\u00fcketim ve kaynak k\u0131tl\u0131\u011f\u0131 en fazla endi\u015fe duyulan di\u011fer konular aras\u0131nda yer al\u0131yor.<\/p>\n<p style=\"text-align: left;\">Her 10 CEO&#8217;den 7&#8217;si Rio+20&#8217;de ilerleme kaydedilmesi durumunda enerji, su ve s\u00fcrd\u00fcr\u00fclebilir kalk\u0131nma konular\u0131 da dahil olmak \u00fczere Milenyum Kalk\u0131nma Hedefleri&#8217;ne ili\u015fkin konularda daha b\u00fcy\u00fck ad\u0131mlar atmak konusunda kararl\u0131l\u0131k g\u00f6steriyor. Bu oran bug\u00fcne kadar y\u00fczde 50&#8217;nin alt\u0131nda kal\u0131yordu.<br \/>\n\u00a0\u00a0\u00a0<br \/>\nE\u015fitlik, s\u00fcrd\u00fcr\u00fclebilir t\u00fcketim ve kaynak k\u0131tl\u0131\u011f\u0131<br \/>\n\u00a0\u00a0\u00a0<br \/>\nCEO&#8217;lar s\u00fcrd\u00fcr\u00fclebilir kalk\u0131nmaya ili\u015fkin ilk \u00fc\u00e7 endi\u015fe ars\u0131nda enerjinin kar\u015f\u0131lanabilirli\u011fi, e\u015fitlik, sosyal i\u00e7ermeyle s\u00fcrd\u00fcr\u00fclebilir t\u00fcketim ve kaynak k\u0131tl\u0131\u011f\u0131n\u0131 g\u00f6r\u00fcyor. 2022 y\u0131l\u0131na kadar olan s\u00fcre\u00e7te ise endi\u015fe duyulacak konular aras\u0131nda iklim de\u011fi\u015fikli\u011fi ve g\u0131da g\u00fcvenli\u011finin \u00f6ne \u00e7\u0131kabilece\u011fi g\u00f6r\u00fc\u015f\u00fcnde birle\u015fiyor.<\/p>\n<p style=\"text-align: left;\">CEO&#8217;lar\u0131n y\u00fczde 87&#8217;si kar\u015f\u0131lanabilir enerjinin i\u015fleri a\u00e7\u0131s\u0131ndan \u00f6nemli oldu\u011funu belirtiyor. Bu g\u00f6r\u00fc\u015f\u00fc payla\u015fan CEO oran\u0131n\u0131n 2022&#8217;ye kadar y\u00fczde 89&#8217;a ula\u015fmas\u0131 bekleniyor. Kar\u015f\u0131lanabilir enerji konusunun kendileri i\u00e7in \u00e7ok \u00f6nemli oldu\u011funu belirten CEO oran\u0131 y\u00fczde 39 olarak belirlenirken, bu oran\u0131n\u0131n 2022&#8217;de y\u00fczde 60&#8217;a \u00e7\u0131kmas\u0131 bekleniyor.<\/p>\n<p style=\"text-align: left;\">CEO&#8217;lar\u0131n, su k\u0131tl\u0131\u011f\u0131 ve iklim de\u011fi\u015fikli\u011fi konular\u0131n\u0131n i\u015flerinin gidi\u015fat\u0131n\u0131 etkilemesine ili\u015fkin endi\u015feleri de art\u0131yor. Bu g\u00f6r\u00fc\u015fte olan CEO&#8217;lar\u0131n oran\u0131n\u0131n su k\u0131tl\u0131\u011f\u0131 konusunda 2022&#8217;de y\u00fczde 13 artarak, y\u00fczde 78&#8217;e y\u00fckselmesi bekleniyor. \u0130klim de\u011fi\u015fikli\u011finden endi\u015felenenlerin oran\u0131n\u0131n ise 2022&#8217;de y\u00fczde 10 oran\u0131nda artarak, y\u00fczde 78&#8217;e ula\u015fmas\u0131 \u00f6ng\u00f6r\u00fcl\u00fcyor.<\/p>\n<p style=\"text-align: left;\">\u0130\u015f d\u00fcnyas\u0131n\u0131n Rio+20 sonu\u00e7lar\u0131na ili\u015fkin beklentileri \u00e7ok y\u00fcksek g\u00f6r\u00fcnm\u00fcyor. Ankete kat\u0131lanlar\u0131n sadece yar\u0131s\u0131 ele al\u0131nan konular a\u00e7\u0131s\u0131ndan bir ilerleme kaydedilmesini bekliyor. 5 kat\u0131l\u0131mc\u0131dan 4&#8217;\u00fc \u00f6zel sekt\u00f6rde emisyon azalt\u0131m\u0131 gibi hedeflerin, ulusal\/b\u00f6lgesel d\u00fczenlemelerin veya vergilendirmenin \u00e7ok daha etkili unsurlar olabilece\u011fini belirtiyor.<\/p>\n<p style=\"text-align: left;\">K\u00fcresel ama\u00e7lar ve hedefler, Milenyum Kalk\u0131nma Hedefleri ve Kyoto Protokol\u00fc gibi anla\u015fmalar CEO&#8217;lar\u0131n d\u00f6rtte birinden fazlas\u0131 taraf\u0131ndan etkisiz olarak de\u011ferlendiriliyor.<\/p>\n<p style=\"text-align: left;\">Kaynak: <a href=\"http:\/\/www.ekoayrinti.com\/news_detail.php?id=101062\">Ekoayrinti.com<\/a><\/p>\n<\/div>\n<p><\/p>","protected":false},"excerpt":{"rendered":"<p>Sorry, this entry is only available in Turkish. For the sake of viewer convenience, the content is shown below in the alternative language. You may click the link to switch the active language. Ger\u00e7ekle\u015ftirilen Ankete G\u00f6re, CEO&#8217;lar En \u00c7ok Kar\u015f\u0131lanabilir Enerjinin \u0130\u015flerini Etkilemesinden Endi\u015fe Duyuyor. Pricewaterhouse Coopers&#8217;\u0131n (PwC), gelirleri 10 milyon dolar ile 10 milyar [&hellip;]<\/p>\n","protected":false},"author":1,"featured_media":481,"comment_status":"open","ping_status":"open","sticky":false,"template":"","format":"standard","meta":[],"categories":[53,52],"tags":[63,64,12,62],"views":446,"_links":{"self":[{"href":"https:\/\/www.enerjigazetesi.ist\/en\/wp-json\/wp\/v2\/posts\/480"}],"collection":[{"href":"https:\/\/www.enerjigazetesi.ist\/en\/wp-json\/wp\/v2\/posts"}],"about":[{"href":"https:\/\/www.enerjigazetesi.ist\/en\/wp-json\/wp\/v2\/types\/post"}],"author":[{"embeddable":true,"href":"https:\/\/www.enerjigazetesi.ist\/en\/wp-json\/wp\/v2\/users\/1"}],"replies":[{"embeddable":true,"href":"https:\/\/www.enerjigazetesi.ist\/en\/wp-json\/wp\/v2\/comments?post=480"}],"version-history":[{"count":6,"href":"https:\/\/www.enerjigazetesi.ist\/en\/wp-json\/wp\/v2\/posts\/480\/revisions"}],"predecessor-version":[{"id":483,"href":"https:\/\/www.enerjigazetesi.ist\/en\/wp-json\/wp\/v2\/posts\/480\/revisions\/483"}],"wp:featuredmedia":[{"embeddable":true,"href":"https:\/\/www.enerjigazetesi.ist\/en\/wp-json\/wp\/v2\/media\/481"}],"wp:attachment":[{"href":"https:\/\/www.enerjigazetesi.ist\/en\/wp-json\/wp\/v2\/media?parent=480"}],"wp:term":[{"taxonomy":"category","embeddable":true,"href":"https:\/\/www.enerjigazetesi.ist\/en\/wp-json\/wp\/v2\/categories?post=480"},{"taxonomy":"post_tag","embeddable":true,"href":"https:\/\/www.enerjigazetesi.ist\/en\/wp-json\/wp\/v2\/tags?post=480"}],"curies":[{"name":"wp","href":"https:\/\/api.w.org\/{rel}","templated":true}]}}