{"id":47991,"date":"2015-12-17T10:01:27","date_gmt":"2015-12-17T07:01:27","guid":{"rendered":"https:\/\/www.enerjigazetesi.ist\/?p=47991"},"modified":"2015-12-28T00:09:49","modified_gmt":"2015-12-27T21:09:49","slug":"gunes-enerjisi-sektoru-olgun-bir-pazara-dogru-buyume-gostermistir-2","status":"publish","type":"post","link":"https:\/\/www.enerjigazetesi.ist\/en\/gunes-enerjisi-sektoru-olgun-bir-pazara-dogru-buyume-gostermistir-2\/","title":{"rendered":"(Turkish) G\u00fcne\u015f Enerjisi Sekt\u00f6r\u00fc, Olgun Bir Pazara Do\u011fru B\u00fcy\u00fcme G\u00f6stermi\u015ftir&#8230;"},"content":{"rendered":"<p class=\"qtranxs-available-languages-message qtranxs-available-languages-message-en\">Sorry, this entry is only available in <a href=\"https:\/\/www.enerjigazetesi.ist\/tr\/wp-json\/wp\/v2\/posts\/47991\" class=\"qtranxs-available-language-link qtranxs-available-language-link-tr\" title=\"Turkish\">Turkish<\/a>. For the sake of viewer convenience, the content is shown below in the alternative language. You may click the link to switch the active language.<\/p><p><\/p>\n<p style=\"color: #666666;\"><span style=\"font-weight: bold; color: #222222;\">G\u00dcNDER Genel Sekreteri Faruk Telemcio\u011flu: \u201cG\u00fcne\u015f enerjisi sekt\u00f6r\u00fc, ge\u00e7ti\u011fimiz 10 y\u0131l boyunca ni\u015f bir pazardan olgun bir pazara <a href=\"https:\/\/www.enerjigazetesi.ist\/wp-content\/uploads\/2015\/12\/alternatif-enerji-gunder-500x500_c.jpg\"><img loading=\"lazy\" class=\"alignright size-medium wp-image-47992\" src=\"https:\/\/www.enerjigazetesi.ist\/wp-content\/uploads\/2015\/12\/alternatif-enerji-gunder-500x500_c-300x300.jpg\" alt=\"alternatif-enerji-gunder-500x500_c\" width=\"300\" height=\"300\" srcset=\"https:\/\/www.enerjigazetesi.ist\/wp-content\/uploads\/2015\/12\/alternatif-enerji-gunder-500x500_c-300x300.jpg 300w, https:\/\/www.enerjigazetesi.ist\/wp-content\/uploads\/2015\/12\/alternatif-enerji-gunder-500x500_c-150x150.jpg 150w, https:\/\/www.enerjigazetesi.ist\/wp-content\/uploads\/2015\/12\/alternatif-enerji-gunder-500x500_c-400x400.jpg 400w, https:\/\/www.enerjigazetesi.ist\/wp-content\/uploads\/2015\/12\/alternatif-enerji-gunder-500x500_c-50x50.jpg 50w, https:\/\/www.enerjigazetesi.ist\/wp-content\/uploads\/2015\/12\/alternatif-enerji-gunder-500x500_c.jpg 500w\" sizes=\"(max-width: 300px) 100vw, 300px\" \/><\/a>do\u011fru b\u00fcy\u00fcme g\u00f6stermi\u015ftir. Art\u0131k d\u00fcnyan\u0131n bir\u00e7ok b\u00f6lgesinde rekabet\u00e7i fiyatlarla elektrik sa\u011flayabilmektedir.\u201d<\/span><\/p>\n<p style=\"color: #666666;\">G\u00dcNDER Genel Sekreteri Faruk Telemcio\u011flu, \u201cG\u00fcne\u015f enerjisi sekt\u00f6r\u00fc, ge\u00e7ti\u011fimiz 10 y\u0131l boyunca ni\u015f bir pazardan olgun bir pazara do\u011fru b\u00fcy\u00fcme g\u00f6stermi\u015ftir. Art\u0131k d\u00fcnyan\u0131n bir\u00e7ok b\u00f6lgesinde rekabet\u00e7i fiyatlarla elektrik sa\u011flayabilmektedir\u201d dedi.<br \/>\nTelemcio\u011flu, sekt\u00f6r\u00fcn bu ba\u015far\u0131l\u0131 geli\u015fiminin sekt\u00f6r\u00fc uluslararas\u0131 ve k\u00fcresel \u00e7apta temsil edecek bir \u00f6rg\u00fct\u00fcn varl\u0131\u011f\u0131n\u0131 gerekli k\u0131ld\u0131\u011f\u0131na de\u011finerek, \u201c\u00c7e\u015fitli k\u0131talarda kurulmu\u015f b\u00f6lgesel \u00f6rg\u00fctler olmas\u0131na ra\u011fmen bu \u00f6rg\u00fctlerin aralar\u0131ndaki i\u015fbirli\u011fini koordine edecek ve \u00e7e\u015fitli platformlarda kendilerini temsil edecek bir \u00fcst kurulu\u015fa ihtiya\u00e7 oldu\u011fu g\u00f6r\u00fclm\u00fc\u015ft\u00fcr.<br \/>\n\u0130\u015fte bu ihtiya\u00e7 GSC K\u00fcresel G\u00fcne\u015f Konseyi\u2019nin kurulu\u015funu getirmi\u015ftir. Yakla\u015f\u0131k 1,5 y\u0131ld\u0131r s\u00fcren kurulu\u015f \u00e7al\u0131\u015fmalar\u0131 sonunda, Paris\u2019te kurulu\u015f resmi olarak kamuoyuna tan\u0131t\u0131lm\u0131\u015ft\u0131r\u201d \u015feklinde konu\u015ftu.<br \/>\nTelemcio\u011flu, fotovoltaik sekt\u00f6r\u00fcn\u00fc k\u00fcresel \u00f6l\u00e7ekte temsil edip, bir sivil toplum kurulu\u015fu olarak uluslararas\u0131 boyutta bu sekt\u00f6r\u00fcn geli\u015fimini, enerjinin savunulmas\u0131 ve geli\u015fmesi i\u00e7in \u00e7al\u0131\u015facaklar\u0131n\u0131 belirtti. Telemcio\u011flu, fotovoltaik sekt\u00f6r\u00fcn\u00fc IRENA, IEA, UNFCCC, D\u00fcnya Bankas\u0131, IMF, B\u00f6lgesel Kalk\u0131nma Bankalar\u0131, IPCC, UNEP vb. uluslararas\u0131 \u00f6rg\u00fctler ve karar mekanizmalar\u0131 kar\u015f\u0131s\u0131nda kurumsal olarak temsil edilmesi, k\u00fcresel \u00f6l\u00e7ekte Fotovoltaik teknolojisi, sekt\u00f6r\u00fc ve pazar\u0131 hakk\u0131nda \u015feffaf, g\u00fcvenilir ve ger\u00e7ek\u00e7i veri ve \u00e7al\u0131\u015fmalar\u0131n\u0131n yap\u0131lmas\u0131 ve bu \u00e7al\u0131\u015fmalar\u0131n desteklenmesi, d\u00fcnya genelinde mevcut ve yeni pazarlar\u0131n geli\u015fimine katk\u0131 sa\u011flanmas\u0131 misyonuna sahip olduklar\u0131n\u0131 aktard\u0131. Telemcio\u011flu, ayr\u0131ca, k\u00fcresel bir platform olu\u015fturarak, ileti\u015fim ve network imkanlar\u0131n sa\u011flamas\u0131, ortak projeler \u00fcretilmesine katk\u0131 verilmesi, k\u00fcresel pazar\u0131n geli\u015fimine ve b\u00fcy\u00fcmesine y\u00f6nelik yeni projeler \u00fcretilmesi, yeni yakla\u015f\u0131mlar \u00fcretmesi ve ulusal ve b\u00f6lgesel \u00f6l\u00e7ekte ve payda\u015flar nezdinde \u00f6rnek uygulamalar\u0131 ve e\u011filimleri payla\u015fmay\u0131 hedeflediklerini kaydetti.<\/p>\n<p style=\"color: #666666;\">2015-2018 y\u0131l\u0131 hedeflerinin de a\u00e7\u0131kland\u0131\u011f\u0131 tan\u0131t\u0131mda, \u00f6n\u00fcm\u00fczdeki d\u00f6nemin ana faaliyetleri olarak \u015funlar belirtildi:<br \/>\n\u2022 Y\u00fcsek seviyeli uluslararas\u0131 konferanslarda Fotovoltaik sekt\u00f6r\u00fcn\u00fc temsil etmek.(UNFCCC m\u00fczakereleri)<br \/>\n\u2022 Fotovoltaik pazarlar\u0131n yarat\u0131lmas\u0131na destek olacak uluslararas\u0131 siyasi ve d\u00fczenleyici forumlara kat\u0131lmak.<br \/>\n\u2022 Sekt\u00f6r\u00fc kamu nezdinde temsil etmek,<br \/>\n\u2022 Ulusal ve b\u00f6lgesel G\u00fcne\u015f Enerjisi dernekleri ile i\u015fbirli\u011fi i\u00e7inde b\u00f6lgesel ve \u00fclke baz\u0131nda sekt\u00f6r durumunu \u00f6zetleyen temel verileri geli\u015ftirmek,<br \/>\n\u2022 IRENA, IEA, UNFCCC, UNEP, WB gibi k\u00fcresel \u00f6rg\u00fctler \u00e7er\u00e7evesinde Fotovoltaik dernekleriyle i\u015fbirli\u011fi i\u00e7erisinde ortak projeler yapmak,<br \/>\n\u2022 Uluslararas\u0131 Fotovoltaik Pazar trendleri hakk\u0131nda d\u00fczenli raporlar yay\u0131nlamak, ayr\u0131ca fotovoltaik Pazar geli\u015fimine ili\u015fkin k\u0131sa, orta ve uzun vadeli tahminler yapmak,<br \/>\n\u2022 Ulusal ve uluslararas\u0131 payda\u015flar i\u00e7in politika, pazar ve Fotovoltaik piyasalar\u0131 hakk\u0131nda bilgi toplayan bir online platform kurmak ve i\u015fletmek,<br \/>\n\u2022 Fark\u0131ndal\u0131k yaratma \u00e7abalar\u0131 y\u00fcr\u00fctmek, Pazardaki geli\u015fmeleri, tahminleri ve ulusal politika g\u00fcncellemelerini i\u00e7eren y\u0131ll\u0131k Fotovoltaik konferanslar\u0131 d\u00fczenlemek ve kurumlar\u0131 bu konuda te\u015fvik etmek, ulusal derneklerin bu t\u00fcr organizasyonlar\u0131na katk\u0131 sa\u011flamak,<br \/>\n\u2022 G\u00fcne\u015f Enerjisi dernekleri aras\u0131nda kar\u015f\u0131l\u0131kl\u0131 i\u015fbirli\u011fini geli\u015ftirmek.<\/p>\n<p style=\"color: #666666;\">G\u00dcNDER\u2019in kurucu \u00fcye oldu\u011fu GSC in ba\u015fkanl\u0131\u011f\u0131n\u0131 Solar Power Europe\u2019dan Bruce Douglas, Genel Sekreterli\u011fini de John Smirnow y\u00fcr\u00fctecektir.<\/p>\n<p style=\"color: #666666;\">Kaynak:AlternatifEnerji<\/p>\n<p><\/p>","protected":false},"excerpt":{"rendered":"<p>Sorry, this entry is only available in Turkish. For the sake of viewer convenience, the content is shown below in the alternative language. You may click the link to switch the active language. G\u00dcNDER Genel Sekreteri Faruk Telemcio\u011flu: \u201cG\u00fcne\u015f enerjisi sekt\u00f6r\u00fc, ge\u00e7ti\u011fimiz 10 y\u0131l boyunca ni\u015f bir pazardan olgun bir pazara do\u011fru b\u00fcy\u00fcme g\u00f6stermi\u015ftir. Art\u0131k [&hellip;]<\/p>\n","protected":false},"author":1,"featured_media":47992,"comment_status":"open","ping_status":"open","sticky":false,"template":"","format":"standard","meta":[],"categories":[53,49],"tags":[24478,13],"views":957,"_links":{"self":[{"href":"https:\/\/www.enerjigazetesi.ist\/en\/wp-json\/wp\/v2\/posts\/47991"}],"collection":[{"href":"https:\/\/www.enerjigazetesi.ist\/en\/wp-json\/wp\/v2\/posts"}],"about":[{"href":"https:\/\/www.enerjigazetesi.ist\/en\/wp-json\/wp\/v2\/types\/post"}],"author":[{"embeddable":true,"href":"https:\/\/www.enerjigazetesi.ist\/en\/wp-json\/wp\/v2\/users\/1"}],"replies":[{"embeddable":true,"href":"https:\/\/www.enerjigazetesi.ist\/en\/wp-json\/wp\/v2\/comments?post=47991"}],"version-history":[{"count":1,"href":"https:\/\/www.enerjigazetesi.ist\/en\/wp-json\/wp\/v2\/posts\/47991\/revisions"}],"predecessor-version":[{"id":47993,"href":"https:\/\/www.enerjigazetesi.ist\/en\/wp-json\/wp\/v2\/posts\/47991\/revisions\/47993"}],"wp:featuredmedia":[{"embeddable":true,"href":"https:\/\/www.enerjigazetesi.ist\/en\/wp-json\/wp\/v2\/media\/47992"}],"wp:attachment":[{"href":"https:\/\/www.enerjigazetesi.ist\/en\/wp-json\/wp\/v2\/media?parent=47991"}],"wp:term":[{"taxonomy":"category","embeddable":true,"href":"https:\/\/www.enerjigazetesi.ist\/en\/wp-json\/wp\/v2\/categories?post=47991"},{"taxonomy":"post_tag","embeddable":true,"href":"https:\/\/www.enerjigazetesi.ist\/en\/wp-json\/wp\/v2\/tags?post=47991"}],"curies":[{"name":"wp","href":"https:\/\/api.w.org\/{rel}","templated":true}]}}