{"id":47988,"date":"2015-12-17T09:58:52","date_gmt":"2015-12-17T06:58:52","guid":{"rendered":"https:\/\/www.enerjigazetesi.ist\/?p=47988"},"modified":"2015-12-17T09:58:52","modified_gmt":"2015-12-17T06:58:52","slug":"zeytinyagi-atiklarindan-elektrik-uretimi-gerceklestirildi","status":"publish","type":"post","link":"https:\/\/www.enerjigazetesi.ist\/en\/zeytinyagi-atiklarindan-elektrik-uretimi-gerceklestirildi\/","title":{"rendered":"(Turkish) Zeytinya\u011f\u0131 At\u0131klar\u0131ndan Elektrik \u00dcretimi Ger\u00e7ekle\u015ftirildi!"},"content":{"rendered":"<p class=\"qtranxs-available-languages-message qtranxs-available-languages-message-en\">Sorry, this entry is only available in <a href=\"https:\/\/www.enerjigazetesi.ist\/tr\/wp-json\/wp\/v2\/posts\/47988\" class=\"qtranxs-available-language-link qtranxs-available-language-link-tr\" title=\"Turkish\">Turkish<\/a>. For the sake of viewer convenience, the content is shown below in the alternative language. You may click the link to switch the active language.<\/p><p><\/p>\n<p style=\"color: #666666;\"><span style=\"font-weight: bold; color: #222222;\"><a href=\"https:\/\/www.enerjigazetesi.ist\/wp-content\/uploads\/2015\/12\/alternatif-enerji-zeytinden-elektrik-\u00fcretimi-500x500_c.jpg\"><img loading=\"lazy\" class=\"alignleft size-medium wp-image-47989\" src=\"https:\/\/www.enerjigazetesi.ist\/wp-content\/uploads\/2015\/12\/alternatif-enerji-zeytinden-elektrik-\u00fcretimi-500x500_c-300x300.jpg\" alt=\"alternatif-enerji-zeytinden-elektrik-\u00fcretimi-500x500_c\" width=\"300\" height=\"300\" srcset=\"https:\/\/www.enerjigazetesi.ist\/wp-content\/uploads\/2015\/12\/alternatif-enerji-zeytinden-elektrik-\u00fcretimi-500x500_c-300x300.jpg 300w, https:\/\/www.enerjigazetesi.ist\/wp-content\/uploads\/2015\/12\/alternatif-enerji-zeytinden-elektrik-\u00fcretimi-500x500_c-150x150.jpg 150w, https:\/\/www.enerjigazetesi.ist\/wp-content\/uploads\/2015\/12\/alternatif-enerji-zeytinden-elektrik-\u00fcretimi-500x500_c-400x400.jpg 400w, https:\/\/www.enerjigazetesi.ist\/wp-content\/uploads\/2015\/12\/alternatif-enerji-zeytinden-elektrik-\u00fcretimi-500x500_c-50x50.jpg 50w, https:\/\/www.enerjigazetesi.ist\/wp-content\/uploads\/2015\/12\/alternatif-enerji-zeytinden-elektrik-\u00fcretimi-500x500_c.jpg 500w\" sizes=\"(max-width: 300px) 100vw, 300px\" \/><\/a>Bir \u0130skandinav \u015firketi ise ge\u00e7ti\u011fimiz g\u00fcnlerde zeytinya\u011f\u0131 \u00fcretiminde ortaya \u00e7\u0131kan zehirli at\u0131klar\u0131 elektrik enerjisine d\u00f6n\u00fc\u015ft\u00fcren yeni bir teknoloji geli\u015ftirdiklerini a\u00e7\u0131klad\u0131.<\/span><\/p>\n<p style=\"color: #666666;\">D\u00fcnyada<span style=\"font-weight: bold; color: #222222;\">\u00a0elektrik \u00fcretimi<\/span>\u00a0i\u00e7in \u00e7e\u015fitli teknolojiler ortaya konuluyor. Son geli\u015fmelerden bir tanesi de\u00a0<span style=\"font-weight: bold; color: #222222;\">zeytinya\u011f\u0131 at\u0131klar\u0131ndan elektrik \u00fcretimi.<\/span><\/p>\n<p style=\"color: #666666;\">http:\/\/tarim.com.tr\u2019nin haberine g\u00f6re, zeytinya\u011f\u0131 \u00fcretiminde \u00e7evre i\u00e7in tehdit olu\u015fturan pek \u00e7ok zararl\u0131 kimyasal a\u00e7\u0131\u011fa \u00e7\u0131k\u0131yor ve bu at\u0131klar\u0131 saklamak i\u00e7in ise y\u00fcksek miktarlarda paralar harcan\u0131yor.<\/p>\n<p style=\"color: #666666;\">Zeytinya\u011f\u0131 \u00fcretiminde ortaya \u00e7\u0131kan at\u0131klar asl\u0131nda yenilenebilir enerji olarak de\u011ferlendirilebiliyor. Yakla\u015f\u0131k 15 y\u0131l \u00f6nce zeytin a\u011fa\u00e7lar\u0131yla kapl\u0131 olan G\u00fcney \u0130spanya\u2019n\u0131n End\u00fcl\u00fcs b\u00f6lgesinde pirinadan elektrik enerjisi \u00fcretmeye ba\u015flayan bir firmadan sonra ge\u00e7ti\u011fimiz y\u0131llarda eklenen yeni tesislerle bug\u00fcn 130.000 eve pirinadan\u00a0<span style=\"font-weight: bold; color: #222222;\">elektrik<\/span>\u00a0sa\u011flan\u0131yor. Art\u0131k \u0130talya, Yunanistan, \u0130srail gibi \u00fclkeler pirinadan\u00a0<span style=\"font-weight: bold; color: #222222;\">elektrik\u00a0<\/span>\u00fcretiyorlar. Biyok\u00fctle olarak pirinan\u0131n tercih edilmesinin ba\u015fl\u0131ca nedeni ise yand\u0131\u011f\u0131nda ula\u015ft\u0131\u011f\u0131 y\u00fcksek kalori de\u011feri ve yanma i\u015flemi sonundaki yok denecek kadar az olan k\u00fcl miktar\u0131. Zeytini olmayan Kuzey Avrupa \u00dclkeleri bile pirina ithal ederek pirinadan\u00a0<span style=\"font-weight: bold; color: #222222;\">elektrik enerjisi \u00fcretme<\/span>\u00a0yoluna gitmi\u015fler. \u00d6rne\u011fin; \u0130ngiltere, 2003 y\u0131l\u0131ndan bu yana\u00a0<span style=\"font-weight: bold; color: #222222;\">elektrik \u00fcretimine\u00a0<\/span>ithal pirina ile katk\u0131da bulunuyor.<\/p>\n<p style=\"color: #666666;\">Yak\u0131t h\u00fccresi teknolojisi \u00fczerinde \u00e7al\u0131\u015fan bir \u0130skandinav \u015firketi ise ge\u00e7ti\u011fimiz g\u00fcnlerde zeytinya\u011f\u0131 \u00fcretiminde ortaya \u00e7\u0131kan zehirli at\u0131klar\u0131<span style=\"font-weight: bold; color: #222222;\">elektrik enerjisine d\u00f6n\u00fc\u015ft\u00fcren yeni bir teknoloji geli\u015ftirdiklerini\u00a0<\/span>a\u00e7\u0131klad\u0131.<\/p>\n<p style=\"color: #666666;\">Proje kapsam\u0131nda zeytin ve zeytinya\u011f\u0131 \u00fcretiminden \u00e7\u0131kan at\u0131klar\u0131\u00a0<span style=\"font-weight: bold; color: #222222;\">elektrik enerjisine<\/span>\u00a0d\u00f6n\u00fc\u015ft\u00fcrmek i\u00e7in yeni teknolojilerle kapsaml\u0131 bir \u00e7al\u0131\u015fma yap\u0131ld\u0131 ve bunun i\u00e7in de 3 par\u00e7aya ayr\u0131lan bir sistem geli\u015ftirildi. \u0130lk ad\u0131m olarak at\u0131ktan\u00a0<span style=\"font-weight: bold; color: #222222;\">biyogaz elde edebilmek<\/span>\u00a0i\u00e7in anaerobik sindirim ger\u00e7ekle\u015ftirmek, ikinci ad\u0131m biyogazdan reformat\u00a0<span style=\"font-weight: bold; color: #222222;\">hidrojen gaz\u0131\u00a0<\/span>elde etmek, son ad\u0131m ise bu reformat gazdan yak\u0131t h\u00fccresi sistemiyle\u00a0<span style=\"font-weight: bold; color: #222222;\">elektrik \u00fcretmek\u00a0<\/span>\u015feklinde belirlendi.<\/p>\n<p style=\"color: #666666;\">Haberin devam\u0131 i\u00e7in\u00a0<a style=\"color: #fc8d8d;\" href=\"http:\/\/tarim.com.tr\/Haber\/27222\/Zeytinyagi-Atiklarindan-Elektrik-Uretiliyor.aspx\" target=\"_blank\">t\u0131klay\u0131n<\/a><\/p>\n<p><\/p>","protected":false},"excerpt":{"rendered":"<p>Sorry, this entry is only available in Turkish. For the sake of viewer convenience, the content is shown below in the alternative language. You may click the link to switch the active language. Bir \u0130skandinav \u015firketi ise ge\u00e7ti\u011fimiz g\u00fcnlerde zeytinya\u011f\u0131 \u00fcretiminde ortaya \u00e7\u0131kan zehirli at\u0131klar\u0131 elektrik enerjisine d\u00f6n\u00fc\u015ft\u00fcren yeni bir teknoloji geli\u015ftirdiklerini a\u00e7\u0131klad\u0131. D\u00fcnyada\u00a0elektrik \u00fcretimi\u00a0i\u00e7in [&hellip;]<\/p>\n","protected":false},"author":1,"featured_media":47989,"comment_status":"open","ping_status":"open","sticky":false,"template":"","format":"standard","meta":[],"categories":[51,53],"tags":[68],"views":1268,"_links":{"self":[{"href":"https:\/\/www.enerjigazetesi.ist\/en\/wp-json\/wp\/v2\/posts\/47988"}],"collection":[{"href":"https:\/\/www.enerjigazetesi.ist\/en\/wp-json\/wp\/v2\/posts"}],"about":[{"href":"https:\/\/www.enerjigazetesi.ist\/en\/wp-json\/wp\/v2\/types\/post"}],"author":[{"embeddable":true,"href":"https:\/\/www.enerjigazetesi.ist\/en\/wp-json\/wp\/v2\/users\/1"}],"replies":[{"embeddable":true,"href":"https:\/\/www.enerjigazetesi.ist\/en\/wp-json\/wp\/v2\/comments?post=47988"}],"version-history":[{"count":1,"href":"https:\/\/www.enerjigazetesi.ist\/en\/wp-json\/wp\/v2\/posts\/47988\/revisions"}],"predecessor-version":[{"id":47990,"href":"https:\/\/www.enerjigazetesi.ist\/en\/wp-json\/wp\/v2\/posts\/47988\/revisions\/47990"}],"wp:featuredmedia":[{"embeddable":true,"href":"https:\/\/www.enerjigazetesi.ist\/en\/wp-json\/wp\/v2\/media\/47989"}],"wp:attachment":[{"href":"https:\/\/www.enerjigazetesi.ist\/en\/wp-json\/wp\/v2\/media?parent=47988"}],"wp:term":[{"taxonomy":"category","embeddable":true,"href":"https:\/\/www.enerjigazetesi.ist\/en\/wp-json\/wp\/v2\/categories?post=47988"},{"taxonomy":"post_tag","embeddable":true,"href":"https:\/\/www.enerjigazetesi.ist\/en\/wp-json\/wp\/v2\/tags?post=47988"}],"curies":[{"name":"wp","href":"https:\/\/api.w.org\/{rel}","templated":true}]}}