{"id":4798,"date":"2012-12-31T09:48:38","date_gmt":"2012-12-31T06:48:38","guid":{"rendered":"https:\/\/www.enerjigazetesi.ist\/?p=4798"},"modified":"2012-12-31T09:50:08","modified_gmt":"2012-12-31T06:50:08","slug":"serbest-tuketiciler-iki-farkli-kategoriye-ayrildi","status":"publish","type":"post","link":"https:\/\/www.enerjigazetesi.ist\/en\/serbest-tuketiciler-iki-farkli-kategoriye-ayrildi\/","title":{"rendered":"(Turkish) Serbest T\u00fcketiciler \u0130ki Farkl\u0131 Kategoriye Ayr\u0131ld\u0131"},"content":{"rendered":"<p class=\"qtranxs-available-languages-message qtranxs-available-languages-message-en\">Sorry, this entry is only available in <a href=\"https:\/\/www.enerjigazetesi.ist\/tr\/wp-json\/wp\/v2\/posts\/4798\" class=\"qtranxs-available-language-link qtranxs-available-language-link-tr\" title=\"Turkish\">Turkish<\/a>. For the sake of viewer convenience, the content is shown below in the alternative language. You may click the link to switch the active language.<\/p><p><img loading=\"lazy\" class=\"alignright size-medium wp-image-4799\" title=\"elektrik-serbest-tuketici\" src=\"https:\/\/www.enerjigazetesi.ist\/wp-content\/uploads\/2012\/12\/elektrik-serbest-tuketici-300x205.jpg\" alt=\"\" width=\"300\" height=\"205\" srcset=\"https:\/\/www.enerjigazetesi.ist\/wp-content\/uploads\/2012\/12\/elektrik-serbest-tuketici-300x205.jpg 300w, https:\/\/www.enerjigazetesi.ist\/wp-content\/uploads\/2012\/12\/elektrik-serbest-tuketici-72x50.jpg 72w, https:\/\/www.enerjigazetesi.ist\/wp-content\/uploads\/2012\/12\/elektrik-serbest-tuketici.jpg 420w\" sizes=\"(max-width: 300px) 100vw, 300px\" \/>EPDK, 27\/12\/2012 kurul toplant\u0131s\u0131nda ald\u0131\u011f\u0131 kararla, 1 Ocak 2013 tarihinden itibaren ge\u00e7erli olacak yasal ayr\u0131\u015fma neticesinde olu\u015fan g\u00f6revli perakende sat\u0131\u015f \u015firketlerinin PMUM\u2019a kay\u0131tlar\u0131 esnas\u0131nda, serbest olmayan t\u00fcketicilerin, tedarik\u00e7isini se\u00e7memi\u015f serbest t\u00fcketicilerin, daha \u00f6nce tedarik\u00e7isini se\u00e7mi\u015f olup tekrar g\u00f6revli perakende sat\u0131\u015f \u015firketinden d\u00fczenlenen perakende sat\u0131\u015f tarifesinden enerji alan serbest t\u00fcketicilerin, ikili anla\u015fmalarla g\u00f6revli perakende sat\u0131\u015f \u015firketinden enerji alan serbest t\u00fcketicilerin, uzla\u015ft\u0131rma hesaplamalar\u0131n\u0131n ayr\u0131 ayr\u0131 yap\u0131labilmesini teminen iki farkl\u0131 kategori olarak kay\u0131t edilmesi kararla\u015ft\u0131r\u0131ld\u0131.<\/p>\n<p>Kurul ayr\u0131ca, 4051 say\u0131l\u0131 Kurul Karar\u0131 ile onaylanm\u0131\u015f olan tarife tablolar\u0131n\u0131n elektrik da\u011f\u0131t\u0131m lisans\u0131 sahibi \u015firketler taraf\u0131ndan da\u011f\u0131t\u0131m sistemi kullan\u0131c\u0131lar\u0131na ve g\u00f6revli perakende sat\u0131\u015f \u015firketleri taraf\u0131ndan serbest olmayan t\u00fcketicilere ve serbest t\u00fcketici olmas\u0131na ra\u011fmen tedarik\u00e7isini se\u00e7meyen t\u00fcketicilere 01\/01\/2013 tarihinden itibaren de uygulanmas\u0131n\u0131n devam\u0131na karar verdi.<\/p>\n<p><strong><a href=\"http:\/\/enerjienstitusu.com\/serbest-tuketici-rehberi\/\" target=\"_blank\">Serbest T\u00fcketici Rehberi \u0130\u00e7in TIKLAYIN&gt;&gt;<\/a><\/strong><\/p>\n<p>Kaynak: <a href=\"http:\/\/enerjienstitusu.com\/2012\/12\/30\/serbest-tuketicilerin-uzlastirma-hesaplari-ayri-yapilacak\/\" target=\"_blank\">EnerjiEnstit\u00fcs\u00fc<\/a><\/p>","protected":false},"excerpt":{"rendered":"<p>Sorry, this entry is only available in Turkish. For the sake of viewer convenience, the content is shown below in the alternative language. You may click the link to switch the active language.EPDK, 27\/12\/2012 kurul toplant\u0131s\u0131nda ald\u0131\u011f\u0131 kararla, 1 Ocak 2013 tarihinden itibaren ge\u00e7erli olacak yasal ayr\u0131\u015fma neticesinde olu\u015fan g\u00f6revli perakende sat\u0131\u015f \u015firketlerinin PMUM\u2019a kay\u0131tlar\u0131 [&hellip;]<\/p>\n","protected":false},"author":1,"featured_media":4799,"comment_status":"open","ping_status":"open","sticky":false,"template":"","format":"standard","meta":[],"categories":[51,53],"tags":[68,1620,750,1619],"views":635,"_links":{"self":[{"href":"https:\/\/www.enerjigazetesi.ist\/en\/wp-json\/wp\/v2\/posts\/4798"}],"collection":[{"href":"https:\/\/www.enerjigazetesi.ist\/en\/wp-json\/wp\/v2\/posts"}],"about":[{"href":"https:\/\/www.enerjigazetesi.ist\/en\/wp-json\/wp\/v2\/types\/post"}],"author":[{"embeddable":true,"href":"https:\/\/www.enerjigazetesi.ist\/en\/wp-json\/wp\/v2\/users\/1"}],"replies":[{"embeddable":true,"href":"https:\/\/www.enerjigazetesi.ist\/en\/wp-json\/wp\/v2\/comments?post=4798"}],"version-history":[{"count":2,"href":"https:\/\/www.enerjigazetesi.ist\/en\/wp-json\/wp\/v2\/posts\/4798\/revisions"}],"predecessor-version":[{"id":4802,"href":"https:\/\/www.enerjigazetesi.ist\/en\/wp-json\/wp\/v2\/posts\/4798\/revisions\/4802"}],"wp:featuredmedia":[{"embeddable":true,"href":"https:\/\/www.enerjigazetesi.ist\/en\/wp-json\/wp\/v2\/media\/4799"}],"wp:attachment":[{"href":"https:\/\/www.enerjigazetesi.ist\/en\/wp-json\/wp\/v2\/media?parent=4798"}],"wp:term":[{"taxonomy":"category","embeddable":true,"href":"https:\/\/www.enerjigazetesi.ist\/en\/wp-json\/wp\/v2\/categories?post=4798"},{"taxonomy":"post_tag","embeddable":true,"href":"https:\/\/www.enerjigazetesi.ist\/en\/wp-json\/wp\/v2\/tags?post=4798"}],"curies":[{"name":"wp","href":"https:\/\/api.w.org\/{rel}","templated":true}]}}