{"id":47975,"date":"2015-12-16T21:18:57","date_gmt":"2015-12-16T18:18:57","guid":{"rendered":"https:\/\/www.enerjigazetesi.ist\/?p=47975"},"modified":"2015-12-16T21:18:57","modified_gmt":"2015-12-16T18:18:57","slug":"litvanya-elektrikte-avrupaya-baglandi","status":"publish","type":"post","link":"https:\/\/www.enerjigazetesi.ist\/en\/litvanya-elektrikte-avrupaya-baglandi\/","title":{"rendered":"(Turkish) Litvanya Elektrikte Avrupa&#8217;ya Ba\u011fland\u0131!"},"content":{"rendered":"<p class=\"qtranxs-available-languages-message qtranxs-available-languages-message-en\">Sorry, this entry is only available in <a href=\"https:\/\/www.enerjigazetesi.ist\/tr\/wp-json\/wp\/v2\/posts\/47975\" class=\"qtranxs-available-language-link qtranxs-available-language-link-tr\" title=\"Turkish\">Turkish<\/a>. For the sake of viewer convenience, the content is shown below in the alternative language. You may click the link to switch the active language.<\/p><p><\/p>\n<div class=\"short_content\" style=\"font-weight: bold; color: #242424;\">Litvanya, bug\u00fcn a\u00e7\u0131l\u0131\u015f\u0131n\u0131 yapt\u0131\u011f\u0131 iki yeni elektrik hatt\u0131 ile Avrupa pazar\u0131na ba\u011fland\u0131.<\/div>\n<div id=\"news_content\" class=\"text_content\" style=\"color: #4d4e53;\">\n<p>T\u00fcketti\u011fi elektri\u011fin yakla\u015f\u0131k y\u00fczde 60-65&#8217;ini Rusya&#8217;dan ithal eden Litvanya, bug\u00fcn a\u00e7\u0131lan iki yeni hatla elektrik sistemini Avrupa&#8217;ya ba\u011flad\u0131.\u00a0<a href=\"https:\/\/www.enerjigazetesi.ist\/wp-content\/uploads\/2015\/12\/litvanya-elektrikte-avrupaya-baglandi.jpg\"><img loading=\"lazy\" class=\"alignright size-full wp-image-47976\" src=\"https:\/\/www.enerjigazetesi.ist\/wp-content\/uploads\/2015\/12\/litvanya-elektrikte-avrupaya-baglandi.jpg\" alt=\"litvanya-elektrikte-avrupaya-baglandi\" width=\"300\" height=\"225\" srcset=\"https:\/\/www.enerjigazetesi.ist\/wp-content\/uploads\/2015\/12\/litvanya-elektrikte-avrupaya-baglandi.jpg 300w, https:\/\/www.enerjigazetesi.ist\/wp-content\/uploads\/2015\/12\/litvanya-elektrikte-avrupaya-baglandi-66x50.jpg 66w\" sizes=\"(max-width: 300px) 100vw, 300px\" \/><\/a><\/p>\n<p>Litvanya&#8217;n\u0131n elektrik sistemini Polonya ve \u0130sve\u00e7&#8217;e ba\u011flayan ve yap\u0131m\u0131 yakla\u015f\u0131k 5 y\u0131ld\u0131r devam eden elektrik hatlar\u0131n\u0131n a\u00e7\u0131l\u0131\u015f\u0131 bug\u00fcn resmi t\u00f6renle yap\u0131ld\u0131.<\/p>\n<p>A\u00e7\u0131l\u0131\u015fa, Litvanya Cumhurba\u015fkan\u0131 Dalia Grybauskaite, Litvanya Ba\u015fbakan\u0131 Algirdas Butkevicius, Estonya Ba\u015fbakan\u0131 Taavi Roivas, Letonya Ba\u015fbakan\u0131 Laimdota Straujuma, Polonya Ba\u015fbakan Yard\u0131mc\u0131s\u0131 Mateusz Morawiecki, \u0130sve\u00e7 Enerji Bakan\u0131 \u0130brahim Baylan ve baz\u0131 \u00fcst d\u00fczey yetkililer kat\u0131ld\u0131.<\/p>\n<p>Litvanya Cumhurba\u015fkan\u0131 a\u00e7\u0131l\u0131\u015fta yapt\u0131\u011f\u0131 konu\u015fmada, iki hatt\u0131n da \u00fclkenin ve Balt\u0131k \u00fclkelerinin enerji ba\u011f\u0131ms\u0131zl\u0131\u011f\u0131 ile g\u00fcvenli\u011fi i\u00e7in \u00f6nemine de\u011finerek, &#8220;25 y\u0131ld\u0131r ba\u011f\u0131ms\u0131z bir \u00fclke olan biz, \u015fimdi bir ba\u015fka ba\u011f\u0131ms\u0131zl\u0131k m\u00fccadelesi i\u00e7erisindeyiz. \u0130ki proje, bizim i\u00e7in yeni bir sayfa demek. Avrupa&#8217;yla elektrik ba\u011flant\u0131lar\u0131m\u0131z \u00e7ok \u00f6nemli ve mutluluk verici geli\u015fmeler&#8221; dedi.<\/p>\n<p>Litvanya ile Polonya aras\u0131nda yakla\u015f\u0131k 500 megavatl\u0131k elektrik iletimi sa\u011flayacak Litpol hatt\u0131n\u0131n yan\u0131 s\u0131ra Litvanya ile \u0130sve\u00e7 aras\u0131na kurulan NordBalt hatt\u0131 da 700 megavatl\u0131k elektrik kapasitesine sahip durumda. Yeni a\u00e7\u0131lan hatlar ile Litvanya t\u00fcketiminin \u00fc\u00e7 kat\u0131 kadar \u00fcretime sahip olarak, b\u00f6lge \u00fclkelerine de elektrik ihra\u00e7 edebilecek.<\/p>\n<p><strong>\u0130gnalina Santrali kapat\u0131lm\u0131\u015ft\u0131<\/strong><\/p>\n<p>Avrupa Komisyonu ge\u00e7en y\u0131l yapt\u0131\u011f\u0131 a\u00e7\u0131klamada, projelerin politik olarak \u00f6nemini ve \u00f6zellikle NordBalt hatt\u0131n\u0131n Balt\u0131k \u00fclkelerinin Avrupa&#8217;ya uyum sa\u011flamas\u0131 i\u00e7in b\u00fcy\u00fck bir ad\u0131m oldu\u011funu vurgulam\u0131\u015ft\u0131.<\/p>\n<p>Yakla\u015f\u0131k bir milyar euroluk yat\u0131r\u0131m yap\u0131lan iki hat ile Balt\u0131k \u00fclkesinin elektrik enerjisi, kaynak \u00fclkeler Polonya ve \u0130sve\u00e7&#8217;in yan\u0131 s\u0131ra bu \u00fclkeler arac\u0131l\u0131\u011f\u0131yla Danimarka, Estonya, Letonya ve Almanya ile de ba\u011flant\u0131 sa\u011flam\u0131\u015f oldu.<\/p>\n<p>2009&#8217;a kadar \u00fcretti\u011fi elektri\u011fin y\u00fczde 58&#8217;ini ihra\u00e7 eden Litvanya, bu \u00fcretimin y\u00fczde 77&#8217;sini ayn\u0131 y\u0131l\u0131n sonunda kapat\u0131lan \u0130gnalina n\u00fckleer g\u00fc\u00e7 santralinde yap\u0131yordu. Sovyet yap\u0131m\u0131 bir n\u00fckleer santral olan \u0130gnalina, \u00c7ernobil n\u00fckleer g\u00fc\u00e7 santraliyle ayn\u0131 yap\u0131ya sahipti ve Avrupa Birli\u011fi Litvanya&#8217;n\u0131n \u00fcyeli\u011fini kabul etmek i\u00e7in \u0130gnalina&#8217;n\u0131n kapat\u0131lmas\u0131n\u0131 istemi\u015fti.<\/p>\n<p><strong>Rusya&#8217;dan ak\u0131m\u0131 durduracak<\/strong><\/p>\n<p>\u0130gnalina n\u00fckleer santralinin kapat\u0131lmas\u0131yla birlikte elektrikte d\u0131\u015fa ba\u011f\u0131ml\u0131 hale gelen Litvanya, t\u00fcketti\u011fi elektri\u011fin yakla\u015f\u0131k y\u00fczde 65-70&#8217;ini Rusya&#8217;dan, y\u00fczde 30&#8217;a yak\u0131n\u0131n\u0131 da kom\u015fular\u0131 Estonya ve Letonya&#8217;dan ithal ediyor.<\/p>\n<p>A\u00e7\u0131l\u0131\u015f\u0131 yap\u0131lan ve aktif hale gelen iki yeni hatla, Litvanya AB \u00fcyesi olmayan Rusya&#8217;dan elektrik al\u0131m\u0131n\u0131 durduracak. LitPol elektrik hatt\u0131 ba\u011flant\u0131s\u0131n\u0131n \u00f6mr\u00fcn\u00fcn 50 y\u0131l, NordBalt&#8217;\u0131n ise 30 y\u0131l olmas\u0131 bekleniyor.<\/p>\n<p>Kaynak: AA<\/p>\n<\/div>\n<p><\/p>","protected":false},"excerpt":{"rendered":"<p>Sorry, this entry is only available in Turkish. For the sake of viewer convenience, the content is shown below in the alternative language. You may click the link to switch the active language. Litvanya, bug\u00fcn a\u00e7\u0131l\u0131\u015f\u0131n\u0131 yapt\u0131\u011f\u0131 iki yeni elektrik hatt\u0131 ile Avrupa pazar\u0131na ba\u011fland\u0131. T\u00fcketti\u011fi elektri\u011fin yakla\u015f\u0131k y\u00fczde 60-65&#8217;ini Rusya&#8217;dan ithal eden Litvanya, bug\u00fcn [&hellip;]<\/p>\n","protected":false},"author":1,"featured_media":47976,"comment_status":"open","ping_status":"open","sticky":false,"template":"","format":"standard","meta":[],"categories":[51,53],"tags":[68,61,19638,1451,2873,63,67,1009,2698,165],"views":829,"_links":{"self":[{"href":"https:\/\/www.enerjigazetesi.ist\/en\/wp-json\/wp\/v2\/posts\/47975"}],"collection":[{"href":"https:\/\/www.enerjigazetesi.ist\/en\/wp-json\/wp\/v2\/posts"}],"about":[{"href":"https:\/\/www.enerjigazetesi.ist\/en\/wp-json\/wp\/v2\/types\/post"}],"author":[{"embeddable":true,"href":"https:\/\/www.enerjigazetesi.ist\/en\/wp-json\/wp\/v2\/users\/1"}],"replies":[{"embeddable":true,"href":"https:\/\/www.enerjigazetesi.ist\/en\/wp-json\/wp\/v2\/comments?post=47975"}],"version-history":[{"count":1,"href":"https:\/\/www.enerjigazetesi.ist\/en\/wp-json\/wp\/v2\/posts\/47975\/revisions"}],"predecessor-version":[{"id":47977,"href":"https:\/\/www.enerjigazetesi.ist\/en\/wp-json\/wp\/v2\/posts\/47975\/revisions\/47977"}],"wp:featuredmedia":[{"embeddable":true,"href":"https:\/\/www.enerjigazetesi.ist\/en\/wp-json\/wp\/v2\/media\/47976"}],"wp:attachment":[{"href":"https:\/\/www.enerjigazetesi.ist\/en\/wp-json\/wp\/v2\/media?parent=47975"}],"wp:term":[{"taxonomy":"category","embeddable":true,"href":"https:\/\/www.enerjigazetesi.ist\/en\/wp-json\/wp\/v2\/categories?post=47975"},{"taxonomy":"post_tag","embeddable":true,"href":"https:\/\/www.enerjigazetesi.ist\/en\/wp-json\/wp\/v2\/tags?post=47975"}],"curies":[{"name":"wp","href":"https:\/\/api.w.org\/{rel}","templated":true}]}}