{"id":47972,"date":"2015-12-16T21:13:30","date_gmt":"2015-12-16T18:13:30","guid":{"rendered":"https:\/\/www.enerjigazetesi.ist\/?p=47972"},"modified":"2015-12-16T21:13:30","modified_gmt":"2015-12-16T18:13:30","slug":"turkiyenin-enerji-faturasi-21-milyar-dolar-azalacak","status":"publish","type":"post","link":"https:\/\/www.enerjigazetesi.ist\/en\/turkiyenin-enerji-faturasi-21-milyar-dolar-azalacak\/","title":{"rendered":"(Turkish) T\u00fcrkiye\u2019nin Enerji Faturas\u0131 21 Milyar Dolar Azalacak&#8230;"},"content":{"rendered":"<p class=\"qtranxs-available-languages-message qtranxs-available-languages-message-en\">Sorry, this entry is only available in <a href=\"https:\/\/www.enerjigazetesi.ist\/tr\/wp-json\/wp\/v2\/posts\/47972\" class=\"qtranxs-available-language-link qtranxs-available-language-link-tr\" title=\"Turkish\">Turkish<\/a>. For the sake of viewer convenience, the content is shown below in the alternative language. You may click the link to switch the active language.<\/p><p><\/p>\n<p style=\"color: #0a0a0a;\"><strong>So\u011fuk k\u0131\u015f aylar\u0131n\u0131n gelmesiyle birlikte enerji harcamalar\u0131 da \u00f6nemli yer tutmaya ba\u015flad\u0131. Enerji sekt\u00f6r\u00fcnde petrol fiyatlar\u0131nda ya\u015fanan b\u00fcy\u00fck d\u00fc\u015f\u00fc\u015f y\u00fcz g\u00fcld\u00fcr\u00fcrken;T\u00fcrkiye\u2019nin enerji faturas\u0131nda 21 milyar dolar d\u00fc\u015f\u00fc\u015f bekleniyor.<\/strong><span id=\"more-74732\"><\/span><\/p>\n<p style=\"color: #0a0a0a;\">Bir s\u00fcredir Ortado\u011fu\u2019da ortaya \u00e7\u0131kan geli\u015fmeler sonras\u0131nda petrol fiyatlar\u0131na dayal\u0131 yeni bir sava\u015f iyice g\u00fcn y\u00fcz\u00fcne \u00e7\u0131kt\u0131.D\u00fcn 36 dolara kadar inen<a href=\"https:\/\/www.enerjigazetesi.ist\/wp-content\/uploads\/2015\/12\/turkiyenin-enerji-faturasi-21-milyar-dolar-azalacak.jpg\"><img loading=\"lazy\" class=\"alignleft size-medium wp-image-47973\" src=\"https:\/\/www.enerjigazetesi.ist\/wp-content\/uploads\/2015\/12\/turkiyenin-enerji-faturasi-21-milyar-dolar-azalacak-300x165.jpg\" alt=\"turkiyenin-enerji-faturasi-21-milyar-dolar-azalacak\" width=\"300\" height=\"165\" srcset=\"https:\/\/www.enerjigazetesi.ist\/wp-content\/uploads\/2015\/12\/turkiyenin-enerji-faturasi-21-milyar-dolar-azalacak-300x165.jpg 300w, https:\/\/www.enerjigazetesi.ist\/wp-content\/uploads\/2015\/12\/turkiyenin-enerji-faturasi-21-milyar-dolar-azalacak-500x276.jpg 500w, https:\/\/www.enerjigazetesi.ist\/wp-content\/uploads\/2015\/12\/turkiyenin-enerji-faturasi-21-milyar-dolar-azalacak-80x44.jpg 80w, https:\/\/www.enerjigazetesi.ist\/wp-content\/uploads\/2015\/12\/turkiyenin-enerji-faturasi-21-milyar-dolar-azalacak.jpg 696w\" sizes=\"(max-width: 300px) 100vw, 300px\" \/><\/a> petrol sava\u015f\u0131n\u0131n arkas\u0131nda ise \u00a0ABD-Suudi ittifak\u0131n\u0131n oldu\u011fu bildirildi.ABD ve Suudi Arabistan aralar\u0131nda ittifak kurarak di\u011fer Rusya,\u0130ran,ve Venezuela\u2019y\u0131 cezaland\u0131r\u0131may\u0131 planl\u0131yor.. Bunun sonucunda d\u00fcnyada sermaye ve siyasi y\u00f6nden bir\u00e7ok de\u011fi\u015fim olmas\u0131 bekleniyor. Petroldeki d\u00fc\u015f\u00fc\u015f sonras\u0131 ekonomisi petrole ba\u011f\u0131ml\u0131 \u00fclkelerin b\u00fcy\u00fcmesi negatif etkilenirken, T\u00fcrkiye \u00c7in ve Avrupa \u00fclkelerinde ise enerji faturalar\u0131 d\u00fc\u015f\u00fc\u015f oran\u0131nda azald\u0131\u011f\u0131 kaydedildi.Petroldeki bu fiyat d\u00fc\u015f\u00fc\u015fleri en \u00e7ok Rusya, Suudi Arabistan, \u0130ran, Venezuela gibi ekonomisi petrole dayal\u0131 \u00fclkeleri etkiliyor. Rusya\u2019n\u0131n, b\u00fct\u00e7esini finanse edebilmesi i\u00e7in petrol varil fiyat\u0131n\u0131n 100 dolar\u0131n alt\u0131na d\u00fc\u015fmemesi gerekiyor.<\/p>\n<p style=\"color: #0a0a0a;\">Fiyat d\u00fc\u015f\u00fc\u015flerinin en \u00e7ok Rusya, Suudi Arabistan, \u0130ran, Venezuela gibi ekonomisi petrole dayal\u0131 \u00fclkeleri etkiledi\u011fi bildirildi. Rusya\u2019n\u0131n, b\u00fct\u00e7esini finanse edebilmesi i\u00e7in petrol varil fiyat\u0131n\u0131n 100 dolar\u0131n alt\u0131na d\u00fc\u015fmemesi gerekiyor. Bu rakam\u0131n \u00e7ok alt\u0131na inilmi\u015f durumda ve \u015fu an Rusya a\u011f\u0131r maddi kay\u0131plara u\u011fruyor. \u0130ran da ekonomik planlar\u0131n\u0131 125 dolar olarak yapm\u0131\u015ft\u0131 ancak fiyatlar \u015fu an bu rakam\u0131n \u00fc\u00e7te biri. Venezuela da \u00f6nemli bir petrol \u00fcreticisi ama buradan gelen paran\u0131n yanl\u0131\u015f y\u00f6netilmesi nedeniyle a\u011f\u0131r ekonomik sorunlarla, y\u00fczde 50\u2019lik enflasyonla u\u011fra\u015fmak zorunda.<\/p>\n<p style=\"color: #0a0a0a;\">Petroldeki d\u00fc\u015f\u00fc\u015f, Avrupa, \u00c7in ve T\u00fcrkiye gibi enerji ithalat\u00e7\u0131s\u0131 \u00fclkelere yar\u0131yor. Avrupa Birli\u011fi t\u00fcketti\u011fi enerjinin y\u00fczde 53\u2019\u00fcn\u00fc ithal eden bir b\u00f6lge. B\u00fcy\u00fck enerji ihtiyac\u0131n\u0131 d\u0131\u015far\u0131dan kar\u015f\u0131layan T\u00fcrkiye de d\u00fc\u015fen petrol fiyatlar\u0131na sevinmi\u015f durumda. T\u00fcrkiye\u2019nin petrol faturas\u0131 ge\u00e7en y\u0131l 16 milyar dolar azald\u0131. 2016-2018 y\u0131llar\u0131n\u0131 kapsayan Orta Vadeli Program (OVP) verilerine g\u00f6re de ge\u00e7en y\u0131l 54,9 milyar dolarl\u0131k enerji ithalat\u0131 yap\u0131ld\u0131. Ge\u00e7en y\u0131l yay\u0131mlanan OVP\u2019de bu y\u0131l i\u00e7in \u00f6ng\u00f6r\u00fclen 57,3 milyar dolarl\u0131k enerji ithalat\u0131, yeni OVP\u2019de 41,1 milyar dolara \u00e7ekilirken, gelecek y\u0131l i\u00e7in 60,1 milyar olarak belirlenen ithalat beklentisi 39,2 milyar dolar olarak revize edildi. Buna g\u00f6re T\u00fcrkiye\u2019nin gelecek y\u0131l enerji faturas\u0131n\u0131n 20,9 milyar dolar d\u00fc\u015fmesi \u00f6ng\u00f6r\u00fcl\u00fcyor. \u00c7in de en b\u00fcy\u00fck t\u00fcketici ve petroldeki d\u00fc\u015f\u00fc\u015f \u00a0\u00c7in\u2019in de kasas\u0131na olumlu yans\u0131yor.<\/p>\n<p><\/p>","protected":false},"excerpt":{"rendered":"<p>Sorry, this entry is only available in Turkish. For the sake of viewer convenience, the content is shown below in the alternative language. You may click the link to switch the active language. So\u011fuk k\u0131\u015f aylar\u0131n\u0131n gelmesiyle birlikte enerji harcamalar\u0131 da \u00f6nemli yer tutmaya ba\u015flad\u0131. Enerji sekt\u00f6r\u00fcnde petrol fiyatlar\u0131nda ya\u015fanan b\u00fcy\u00fck d\u00fc\u015f\u00fc\u015f y\u00fcz g\u00fcld\u00fcr\u00fcrken;T\u00fcrkiye\u2019nin enerji [&hellip;]<\/p>\n","protected":false},"author":1,"featured_media":47973,"comment_status":"open","ping_status":"open","sticky":false,"template":"","format":"standard","meta":[],"categories":[53,44],"tags":[63,67,1009,16140,2698,165,59,79,347,2388,2522,27501,18071],"views":597,"_links":{"self":[{"href":"https:\/\/www.enerjigazetesi.ist\/en\/wp-json\/wp\/v2\/posts\/47972"}],"collection":[{"href":"https:\/\/www.enerjigazetesi.ist\/en\/wp-json\/wp\/v2\/posts"}],"about":[{"href":"https:\/\/www.enerjigazetesi.ist\/en\/wp-json\/wp\/v2\/types\/post"}],"author":[{"embeddable":true,"href":"https:\/\/www.enerjigazetesi.ist\/en\/wp-json\/wp\/v2\/users\/1"}],"replies":[{"embeddable":true,"href":"https:\/\/www.enerjigazetesi.ist\/en\/wp-json\/wp\/v2\/comments?post=47972"}],"version-history":[{"count":1,"href":"https:\/\/www.enerjigazetesi.ist\/en\/wp-json\/wp\/v2\/posts\/47972\/revisions"}],"predecessor-version":[{"id":47974,"href":"https:\/\/www.enerjigazetesi.ist\/en\/wp-json\/wp\/v2\/posts\/47972\/revisions\/47974"}],"wp:featuredmedia":[{"embeddable":true,"href":"https:\/\/www.enerjigazetesi.ist\/en\/wp-json\/wp\/v2\/media\/47973"}],"wp:attachment":[{"href":"https:\/\/www.enerjigazetesi.ist\/en\/wp-json\/wp\/v2\/media?parent=47972"}],"wp:term":[{"taxonomy":"category","embeddable":true,"href":"https:\/\/www.enerjigazetesi.ist\/en\/wp-json\/wp\/v2\/categories?post=47972"},{"taxonomy":"post_tag","embeddable":true,"href":"https:\/\/www.enerjigazetesi.ist\/en\/wp-json\/wp\/v2\/tags?post=47972"}],"curies":[{"name":"wp","href":"https:\/\/api.w.org\/{rel}","templated":true}]}}