{"id":47941,"date":"2015-12-16T09:58:25","date_gmt":"2015-12-16T06:58:25","guid":{"rendered":"https:\/\/www.enerjigazetesi.ist\/?p=47941"},"modified":"2015-12-16T09:58:25","modified_gmt":"2015-12-16T06:58:25","slug":"akfen-holding-yenilenebilir-enerji-sirketlerine-sermaye-yatirimlarini-artiriyor","status":"publish","type":"post","link":"https:\/\/www.enerjigazetesi.ist\/en\/akfen-holding-yenilenebilir-enerji-sirketlerine-sermaye-yatirimlarini-artiriyor\/","title":{"rendered":"(Turkish) Akfen Holding Yenilenebilir Enerji \u015eirketlerine Sermaye Yat\u0131r\u0131mlar\u0131n\u0131 Art\u0131r\u0131yor&#8230;"},"content":{"rendered":"<p class=\"qtranxs-available-languages-message qtranxs-available-languages-message-en\">Sorry, this entry is only available in <a href=\"https:\/\/www.enerjigazetesi.ist\/tr\/wp-json\/wp\/v2\/posts\/47941\" class=\"qtranxs-available-language-link qtranxs-available-language-link-tr\" title=\"Turkish\">Turkish<\/a>. For the sake of viewer convenience, the content is shown below in the alternative language. You may click the link to switch the active language.<\/p><p><\/p>\n<div class=\"entry_content\" style=\"color: #666666;\">\n<p><span style=\"font-weight: bold; color: #222222;\"><a href=\"https:\/\/www.enerjigazetesi.ist\/wp-content\/uploads\/2015\/12\/alternatif-enerji-akfen-holding_-500x500_c.jpg\"><img loading=\"lazy\" class=\"alignleft size-medium wp-image-47942\" src=\"https:\/\/www.enerjigazetesi.ist\/wp-content\/uploads\/2015\/12\/alternatif-enerji-akfen-holding_-500x500_c-300x300.jpg\" alt=\"alternatif-enerji-akfen-holding_-500x500_c\" width=\"300\" height=\"300\" srcset=\"https:\/\/www.enerjigazetesi.ist\/wp-content\/uploads\/2015\/12\/alternatif-enerji-akfen-holding_-500x500_c-300x300.jpg 300w, https:\/\/www.enerjigazetesi.ist\/wp-content\/uploads\/2015\/12\/alternatif-enerji-akfen-holding_-500x500_c-150x150.jpg 150w, https:\/\/www.enerjigazetesi.ist\/wp-content\/uploads\/2015\/12\/alternatif-enerji-akfen-holding_-500x500_c-400x400.jpg 400w, https:\/\/www.enerjigazetesi.ist\/wp-content\/uploads\/2015\/12\/alternatif-enerji-akfen-holding_-500x500_c-50x50.jpg 50w, https:\/\/www.enerjigazetesi.ist\/wp-content\/uploads\/2015\/12\/alternatif-enerji-akfen-holding_-500x500_c.jpg 500w\" sizes=\"(max-width: 300px) 100vw, 300px\" \/><\/a>EBRD Akfen Holding\u2019in yenilenebilir enerji \u015firketlerine 2015 y\u0131l\u0131n\u0131n en b\u00fcy\u00fck sermaye yat\u0131r\u0131m\u0131n\u0131 yapt\u0131.<\/span><\/p>\n<p>T\u00fcrkiye\u2019de\u00a0<span style=\"font-weight: bold; color: #222222;\">yenilenebilir enerji<\/span>\u00a0yat\u0131r\u0131mlar\u0131nda k\u0131smi art\u0131\u015f g\u00f6r\u00fcl\u00fcyor. Enerji kurulu\u015flar\u0131\u00a0<span style=\"font-weight: bold; color: #222222;\">yenilenebilir enerji\u00a0<\/span>sekt\u00f6r\u00fcne yava\u015f yava\u015f a\u011f\u0131rl\u0131k vermeye ba\u015flad\u0131lar.<\/p>\n<p>Akfen Holding,\u00a0<span style=\"font-weight: bold; color: #222222;\">yenilenebilir enerji<\/span>\u00a0alan\u0131nda faaliyet g\u00f6steren ba\u011fl\u0131 ortakl\u0131klar\u0131 Akfenhes, Akfenres, Akfen Toptan ve Holding\u2019e devrinin ard\u0131ndan Karine GES\u2019in toplam y\u00fczde 20 hissesi i\u00e7in Avrupa \u0130mar ve Kalk\u0131nma Bankas\u0131 ile 100 milyon Amerikan Dolar\u0131 kar\u015f\u0131l\u0131\u011f\u0131nda Ortakl\u0131k S\u00f6zle\u015fmesi imzalad\u0131.<\/p>\n<p>Akfen Holding\u2019in ba\u011fl\u0131 ortakl\u0131klar\u0131 Akfenhes Yat\u0131r\u0131mlar\u0131 ve Enerji \u00dcretim A.\u015e., Akfenres<span style=\"font-weight: bold; color: #222222;\">\u00a0R\u00fczgar Enerjisi Yat\u0131r\u0131mlar\u0131 A.\u015e.<\/span>\u00a0ile birlikte\u00a0<span style=\"font-weight: bold; color: #222222;\">g\u00fcne\u015f enerjisi<\/span>\u00a0alan\u0131nda faaliyet g\u00f6steren ve Holding\u2019e devri i\u00e7in hisse sat\u0131\u015f s\u00f6zle\u015fmesi imzalanan Karine Enerji \u00dcretim Sanayi ve Ticaret Anonim \u015eirketi\u2019ne (Karine GES) yat\u0131r\u0131m yapmas\u0131 i\u00e7in Avrupa \u0130mar ve Kalk\u0131nma Bankas\u0131 (EBRD) ile yap\u0131lan g\u00f6r\u00fc\u015fmeler sonu\u00e7land\u0131.<\/p>\n<p><span style=\"font-weight: bold; color: #222222;\">100 milyon dolarl\u0131k ortakl\u0131k s\u00f6zle\u015fmesi<\/span><\/p>\n<p>Akfen Holding, yap\u0131lan g\u00f6r\u00fc\u015fmeler neticesinde<span style=\"font-weight: bold; color: #222222;\">\u00a0yenilenebilir enerji alan\u0131nda\u00a0<\/span>faaliyet g\u00f6steren ba\u011fl\u0131 ortakl\u0131klar\u0131 Akfenhes, Akfenres, Akfen Toptan ve Holding\u2019e devrinin ard\u0131ndan Karine GES\u2019in bir \u00e7at\u0131 alt\u0131nda toplanarak yap\u0131land\u0131r\u0131lacak olan\u00a0<span style=\"font-weight: bold; color: #222222;\">yenilenebilir enerji \u015firketinin<\/span>\u00a0toplam y\u00fczde 20 oran\u0131ndaki hisseleri i\u00e7in Avrupa \u0130mar ve Kalk\u0131nma Bankas\u0131 ile 100 milyon Amerikan Dolar\u0131 kar\u015f\u0131l\u0131\u011f\u0131nda ortakl\u0131k s\u00f6zle\u015fmesi imzalad\u0131.<\/p>\n<p>Konuya ili\u015fkin a\u00e7\u0131klamalarda bulunan Akfen Holding CEO\u2019su S\u00fcha G\u00fc\u00e7sav,\u00a0<span style=\"font-weight: bold; color: #222222;\">enerji sekt\u00f6r\u00fcndeki<\/span>\u00a0yat\u0131r\u0131mlar\u0131n \u015eirketin b\u00fcy\u00fcme hedefleri kapsam\u0131nda \u00f6nemli bir yer tuttu\u011funu ifade ederek, \u201cYap\u0131land\u0131r\u0131lacak\u00a0<span style=\"font-weight: bold; color: #222222;\">yenilenebilir enerji<\/span>\u00a0\u015firketine EBRD taraf\u0131ndan aktar\u0131lacak tutarlar halen devam eden yat\u0131r\u0131mlar ve bundan sonra karar verilecek yeni yat\u0131r\u0131mlar\u0131n ger\u00e7ekle\u015ftirilmesinde kullan\u0131lacak\u201d dedi.<\/p>\n<p><span style=\"font-weight: bold; color: #222222;\">Akfen yenilenebilir enerjide en \u00f6nemli oyunculardan biri olacak<\/span><\/p>\n<p>Akfen Holding CEO\u2019su G\u00fc\u00e7sav, s\u00f6zlerine \u015f\u00f6yle devam etti: \u201cOrta ve uzun vadede\u00a0<span style=\"font-weight: bold; color: #222222;\">enerji sekt\u00f6r\u00fcn\u00fcn<\/span>\u00a0her alan\u0131nda var olacak ve d\u00fczenli<span style=\"font-weight: bold; color: #222222;\">enerji<\/span>\u00a0\u00fcretecek dengeli bir portf\u00f6y olu\u015fturmak \u00fczere gerekli \u00e7al\u0131\u015fmalar\u0131 yap\u0131yoruz. Organik ve inorganik yap\u0131lar ile HES, RES ve GES projelerimizi \u00e7e\u015fitlendirmeye devam etmeyi planl\u0131yoruz. Bundan b\u00f6yle Akfen yenilebilir\u00a0<span style=\"font-weight: bold; color: #222222;\">enerji\u00a0<\/span>alan\u0131nda yapaca\u011f\u0131 yat\u0131r\u0131mlar ile bu alanda en \u00f6nemli oyunculardan bir tanesi olmay\u0131 planlamaktad\u0131r. EBRD ile yapt\u0131\u011f\u0131m\u0131z ortakl\u0131k s\u00f6zle\u015fmesini bunun \u00f6nemli bir ad\u0131m\u0131 olarak konumland\u0131rabiliriz.\u201d<\/p>\n<p><span style=\"font-weight: bold; color: #222222;\">\u015eirketin sermaye yap\u0131s\u0131n\u0131 g\u00fc\u00e7lendirecek<\/span><\/p>\n<p>Akfen Holding ve Avrupa \u0130mar ve Kalk\u0131nma Bankas\u0131 (EBRD) aras\u0131nda imzalanan ortakl\u0131k s\u00f6zle\u015fmesinin, Akfen Enerji Grubu\u2019nun uzun vadeli de\u011fer yaratma stratejisine ciddi katk\u0131 sa\u011flamas\u0131 ama\u00e7lan\u0131yor. Buna g\u00f6re \u015firketin kurumsal y\u00f6netim, \u015feffafl\u0131k ve hesap verebilirli\u011fin g\u00fc\u00e7lenmesi ile birlikte sermaye yap\u0131s\u0131n\u0131n optimizasyonu ve EBRD\u2019nin \u00e7ok uluslu kimli\u011fi ve yerel varl\u0131\u011f\u0131n\u0131n da etkisi ile piyasa d\u00fczenleyicileri, karar vericiler ve t\u00fcm di\u011fer payda\u015flar ile daha verimli \u00e7al\u0131\u015fabilmek konular\u0131nda Akfen Enerji Grubuna \u00f6nemli katk\u0131lar sa\u011flamas\u0131 bekleniyor.<\/p>\n<p>Kaynak:AlternatifEnerji<\/p>\n<\/div>\n<div class=\"bottom_wrapper\" style=\"color: #666666;\">\n<div class=\"entry_tags\"><\/div>\n<\/div>\n<p><\/p>","protected":false},"excerpt":{"rendered":"<p>Sorry, this entry is only available in Turkish. For the sake of viewer convenience, the content is shown below in the alternative language. You may click the link to switch the active language. EBRD Akfen Holding\u2019in yenilenebilir enerji \u015firketlerine 2015 y\u0131l\u0131n\u0131n en b\u00fcy\u00fck sermaye yat\u0131r\u0131m\u0131n\u0131 yapt\u0131. T\u00fcrkiye\u2019de\u00a0yenilenebilir enerji\u00a0yat\u0131r\u0131mlar\u0131nda k\u0131smi art\u0131\u015f g\u00f6r\u00fcl\u00fcyor. Enerji kurulu\u015flar\u0131\u00a0yenilenebilir enerji\u00a0sekt\u00f6r\u00fcne yava\u015f [&hellip;]<\/p>\n","protected":false},"author":1,"featured_media":47942,"comment_status":"open","ping_status":"open","sticky":false,"template":"","format":"standard","meta":[],"categories":[53,49,50],"tags":[13,16,105],"views":1209,"_links":{"self":[{"href":"https:\/\/www.enerjigazetesi.ist\/en\/wp-json\/wp\/v2\/posts\/47941"}],"collection":[{"href":"https:\/\/www.enerjigazetesi.ist\/en\/wp-json\/wp\/v2\/posts"}],"about":[{"href":"https:\/\/www.enerjigazetesi.ist\/en\/wp-json\/wp\/v2\/types\/post"}],"author":[{"embeddable":true,"href":"https:\/\/www.enerjigazetesi.ist\/en\/wp-json\/wp\/v2\/users\/1"}],"replies":[{"embeddable":true,"href":"https:\/\/www.enerjigazetesi.ist\/en\/wp-json\/wp\/v2\/comments?post=47941"}],"version-history":[{"count":1,"href":"https:\/\/www.enerjigazetesi.ist\/en\/wp-json\/wp\/v2\/posts\/47941\/revisions"}],"predecessor-version":[{"id":47943,"href":"https:\/\/www.enerjigazetesi.ist\/en\/wp-json\/wp\/v2\/posts\/47941\/revisions\/47943"}],"wp:featuredmedia":[{"embeddable":true,"href":"https:\/\/www.enerjigazetesi.ist\/en\/wp-json\/wp\/v2\/media\/47942"}],"wp:attachment":[{"href":"https:\/\/www.enerjigazetesi.ist\/en\/wp-json\/wp\/v2\/media?parent=47941"}],"wp:term":[{"taxonomy":"category","embeddable":true,"href":"https:\/\/www.enerjigazetesi.ist\/en\/wp-json\/wp\/v2\/categories?post=47941"},{"taxonomy":"post_tag","embeddable":true,"href":"https:\/\/www.enerjigazetesi.ist\/en\/wp-json\/wp\/v2\/tags?post=47941"}],"curies":[{"name":"wp","href":"https:\/\/api.w.org\/{rel}","templated":true}]}}