{"id":47938,"date":"2015-12-16T09:55:00","date_gmt":"2015-12-16T06:55:00","guid":{"rendered":"https:\/\/www.enerjigazetesi.ist\/?p=47938"},"modified":"2015-12-16T09:55:00","modified_gmt":"2015-12-16T06:55:00","slug":"turkiye-yenilenebilir-enerji-kaynaklarinda-buyuk-bir-potansiyele-sahip","status":"publish","type":"post","link":"https:\/\/www.enerjigazetesi.ist\/en\/turkiye-yenilenebilir-enerji-kaynaklarinda-buyuk-bir-potansiyele-sahip\/","title":{"rendered":"(Turkish) T\u00fcrkiye, Yenilenebilir Enerji Kaynaklar\u0131nda B\u00fcy\u00fck Bir Potansiyele Sahip&#8230;"},"content":{"rendered":"<p class=\"qtranxs-available-languages-message qtranxs-available-languages-message-en\">Sorry, this entry is only available in <a href=\"https:\/\/www.enerjigazetesi.ist\/tr\/wp-json\/wp\/v2\/posts\/47938\" class=\"qtranxs-available-language-link qtranxs-available-language-link-tr\" title=\"Turkish\">Turkish<\/a>. For the sake of viewer convenience, the content is shown below in the alternative language. You may click the link to switch the active language.<\/p><p><\/p>\n<p style=\"color: #666666;\"><span style=\"font-weight: bold; color: #222222;\">T\u00fcrkiye Gen\u00e7 \u0130\u015fadamlar\u0131 Derne\u011fi (T\u00dcG\u0130AD) Ankara \u015eubesi Ba\u015fkan\u0131 T\u00fcrker Nasl\u0131, T\u00fcrkiye\u2019nin petrol \u00fcr\u00fcnlerine alternatif g\u00fcne\u015f, <a href=\"https:\/\/www.enerjigazetesi.ist\/wp-content\/uploads\/2015\/12\/alternatif-enerji-yenilenebilir-enerji-rusya-500x500_c1.jpg\"><img loading=\"lazy\" class=\"alignright size-medium wp-image-47939\" src=\"https:\/\/www.enerjigazetesi.ist\/wp-content\/uploads\/2015\/12\/alternatif-enerji-yenilenebilir-enerji-rusya-500x500_c1-300x300.jpg\" alt=\"alternatif-enerji-yenilenebilir-enerji-rusya-500x500_c\" width=\"300\" height=\"300\" srcset=\"https:\/\/www.enerjigazetesi.ist\/wp-content\/uploads\/2015\/12\/alternatif-enerji-yenilenebilir-enerji-rusya-500x500_c1-300x300.jpg 300w, https:\/\/www.enerjigazetesi.ist\/wp-content\/uploads\/2015\/12\/alternatif-enerji-yenilenebilir-enerji-rusya-500x500_c1-150x150.jpg 150w, https:\/\/www.enerjigazetesi.ist\/wp-content\/uploads\/2015\/12\/alternatif-enerji-yenilenebilir-enerji-rusya-500x500_c1-400x400.jpg 400w, https:\/\/www.enerjigazetesi.ist\/wp-content\/uploads\/2015\/12\/alternatif-enerji-yenilenebilir-enerji-rusya-500x500_c1-50x50.jpg 50w, https:\/\/www.enerjigazetesi.ist\/wp-content\/uploads\/2015\/12\/alternatif-enerji-yenilenebilir-enerji-rusya-500x500_c1.jpg 500w\" sizes=\"(max-width: 300px) 100vw, 300px\" \/><\/a>r\u00fczg\u00e2r, biok\u00fctle, dalga, hidrolik, jeotermal gibi yenilenebilir enerji kaynaklar\u0131nda b\u00fcy\u00fck bir potansiyele sahip oldu\u011funu vurgulad\u0131.<\/span><\/p>\n<p style=\"color: #666666;\">Rusya Krizi T\u00fcrkiye\u2019de\u00a0<span style=\"font-weight: bold; color: #222222;\">yenilebilir enerji kaynaklar\u0131n\u0131n\u00a0<\/span>\u00f6nemini bir kez daha hat\u0131rlatt\u0131. Bu konuda uzmanlar ve akademisyenlerden ard\u0131 arkas\u0131na a\u00e7\u0131klamalar geliyor.<\/p>\n<p style=\"color: #666666;\">www.milliyet.com.tr\u2019nin haberine g\u00f6re, T\u00fcrkiye Gen\u00e7 \u0130\u015fadamlar\u0131 Derne\u011fi (T\u00dcG\u0130AD) Ankara \u015eubesi Ba\u015fkan\u0131 T\u00fcrker Nasl\u0131, T\u00fcrkiye ekonomisinin yumu\u015fak karn\u0131 olan cari a\u00e7\u0131\u011f\u0131n kayna\u011f\u0131nda b\u00fcy\u00fck oranda petrol ve gaz ithalat\u0131na \u00f6denen d\u00f6vizin bulundu\u011funu bildirdi. Nasl\u0131, buna kar\u015f\u0131l\u0131k T\u00fcrkiye\u2019nin petrol \u00fcr\u00fcnlerine\u00a0<span style=\"font-weight: bold; color: #222222;\">alternatif g\u00fcne\u015f, r\u00fczg\u00e2r, biok\u00fctle, dalga,<\/span>\u00a0hidrolik,\u00a0<span style=\"font-weight: bold; color: #222222;\">jeotermal gibi yenilenebilir enerji kaynaklar\u0131nda<\/span>\u00a0b\u00fcy\u00fck bir potansiyele sahip oldu\u011funu vurgulad\u0131. Nasl\u0131, ekonomide<span style=\"font-weight: bold; color: #222222;\">\u00a0yenilenebilir kaynaklar\u0131n\u00a0<\/span>pay\u0131n\u0131n son y\u0131llarda bir \u00f6l\u00e7\u00fcde artmakla birlikte hen\u00fcz istenen seviyeye ula\u015fmad\u0131\u011f\u0131n\u0131 bildirdi.<\/p>\n<p style=\"color: #666666;\">Nasl\u0131, Rusya ile ya\u015fanan krizin\u00a0<span style=\"font-weight: bold; color: #222222;\">enerjide<\/span>\u00a0d\u0131\u015fa ba\u011f\u0131ml\u0131l\u0131\u011f\u0131n mahsurlar\u0131n\u0131 g\u00f6sterdi\u011fini, bu olaydan ders alarak, h\u0131zla g\u00fcne\u015f, r\u00fczg\u00e2r, biok\u00fctle, dalga,\u00a0<span style=\"font-weight: bold; color: #222222;\">Jeotermal gibi yenilenebilir enerji kaynaklar\u0131na\u00a0<\/span>y\u00f6nelmek gerekti\u011fini bildirdi.<\/p>\n<p style=\"color: #666666;\">T\u00dcG\u0130AD Ankara \u015eubesi Ba\u015fkan\u0131 Nasl\u0131,\u00a0<span style=\"font-weight: bold; color: #222222;\">s\u00fcrd\u00fcr\u00fclebilir kalk\u0131nma\u00a0<\/span>i\u00e7in\u00a0<span style=\"font-weight: bold; color: #222222;\">enerji g\u00fcvenli\u011finin<\/span>\u00a0son derece \u00f6nemli oldu\u011funu belirterek, halen d\u00fcnya ekonomisinde petrol\u00fcn temel girdi olmay\u0131 s\u00fcrd\u00fcrd\u00fc\u011f\u00fcne i\u015faret etti. Nasl\u0131, \u201cEn stratejik\u00a0<span style=\"font-weight: bold; color: #222222;\">enerji maddeleri<\/span>\u00a0olan petrol ve do\u011fal gaz rezervlerinin belli \u00fclkelerde bulunuyor olmas\u0131, bizim gibi bu kaynaklara sahip olmayan \u00fclkeler a\u00e7\u0131s\u0131ndan dezavantaj yarat\u0131yor\u201d dedi.<br \/>\nT\u00fcrkiye\u2019nin de ekonomisinde temel girdi olan petrol ve do\u011fal gazda neredeyse tamamen d\u0131\u015fa ba\u011f\u0131ml\u0131 oldu\u011funu kaydeden Nasl\u0131, y\u0131ll\u0131k 240 milyar dolar\u0131 a\u015fan ithalat faturas\u0131n\u0131n d\u00f6rtte birinin bu \u00fcr\u00fcnlere \u00f6dendi\u011fine dikkat \u00e7ekti.<\/p>\n<p style=\"color: #666666;\">Haberin devam\u0131 i\u00e7in\u00a0<a style=\"color: #fc8d8d;\" href=\"http:\/\/www.milliyet.com.tr\/nasli-hizla-yenilenebilir-enerjiye-yonelmeliyiz-ankara-yerelhaber-1111658\/\" target=\"_blank\">t\u0131klay\u0131n<\/a><\/p>\n<p><\/p>","protected":false},"excerpt":{"rendered":"<p>Sorry, this entry is only available in Turkish. For the sake of viewer convenience, the content is shown below in the alternative language. You may click the link to switch the active language. T\u00fcrkiye Gen\u00e7 \u0130\u015fadamlar\u0131 Derne\u011fi (T\u00dcG\u0130AD) Ankara \u015eubesi Ba\u015fkan\u0131 T\u00fcrker Nasl\u0131, T\u00fcrkiye\u2019nin petrol \u00fcr\u00fcnlerine alternatif g\u00fcne\u015f, r\u00fczg\u00e2r, biok\u00fctle, dalga, hidrolik, jeotermal gibi yenilenebilir [&hellip;]<\/p>\n","protected":false},"author":1,"featured_media":47939,"comment_status":"open","ping_status":"open","sticky":false,"template":"","format":"standard","meta":[],"categories":[53,49,48,50],"tags":[1678,13,58,16,105],"views":1020,"_links":{"self":[{"href":"https:\/\/www.enerjigazetesi.ist\/en\/wp-json\/wp\/v2\/posts\/47938"}],"collection":[{"href":"https:\/\/www.enerjigazetesi.ist\/en\/wp-json\/wp\/v2\/posts"}],"about":[{"href":"https:\/\/www.enerjigazetesi.ist\/en\/wp-json\/wp\/v2\/types\/post"}],"author":[{"embeddable":true,"href":"https:\/\/www.enerjigazetesi.ist\/en\/wp-json\/wp\/v2\/users\/1"}],"replies":[{"embeddable":true,"href":"https:\/\/www.enerjigazetesi.ist\/en\/wp-json\/wp\/v2\/comments?post=47938"}],"version-history":[{"count":1,"href":"https:\/\/www.enerjigazetesi.ist\/en\/wp-json\/wp\/v2\/posts\/47938\/revisions"}],"predecessor-version":[{"id":47940,"href":"https:\/\/www.enerjigazetesi.ist\/en\/wp-json\/wp\/v2\/posts\/47938\/revisions\/47940"}],"wp:featuredmedia":[{"embeddable":true,"href":"https:\/\/www.enerjigazetesi.ist\/en\/wp-json\/wp\/v2\/media\/47939"}],"wp:attachment":[{"href":"https:\/\/www.enerjigazetesi.ist\/en\/wp-json\/wp\/v2\/media?parent=47938"}],"wp:term":[{"taxonomy":"category","embeddable":true,"href":"https:\/\/www.enerjigazetesi.ist\/en\/wp-json\/wp\/v2\/categories?post=47938"},{"taxonomy":"post_tag","embeddable":true,"href":"https:\/\/www.enerjigazetesi.ist\/en\/wp-json\/wp\/v2\/tags?post=47938"}],"curies":[{"name":"wp","href":"https:\/\/api.w.org\/{rel}","templated":true}]}}