{"id":47935,"date":"2015-12-16T09:51:58","date_gmt":"2015-12-16T06:51:58","guid":{"rendered":"https:\/\/www.enerjigazetesi.ist\/?p=47935"},"modified":"2015-12-16T09:51:58","modified_gmt":"2015-12-16T06:51:58","slug":"teknoloji-yatirim-butcesinin-artirilmasi-gerekir","status":"publish","type":"post","link":"https:\/\/www.enerjigazetesi.ist\/en\/teknoloji-yatirim-butcesinin-artirilmasi-gerekir\/","title":{"rendered":"(Turkish) Teknoloji Yat\u0131r\u0131m B\u00fct\u00e7esinin Art\u0131r\u0131lmas\u0131 Gerekir!"},"content":{"rendered":"<p class=\"qtranxs-available-languages-message qtranxs-available-languages-message-en\">Sorry, this entry is only available in <a href=\"https:\/\/www.enerjigazetesi.ist\/tr\/wp-json\/wp\/v2\/posts\/47935\" class=\"qtranxs-available-language-link qtranxs-available-language-link-tr\" title=\"Turkish\">Turkish<\/a>. For the sake of viewer convenience, the content is shown below in the alternative language. You may click the link to switch the active language.<\/p><p><\/p>\n<p style=\"color: #666666;\"><strong><a href=\"https:\/\/www.enerjigazetesi.ist\/wp-content\/uploads\/2015\/12\/alternatif-enerji-ak\u0131ll\u0131-\u015febekeler-500x500_c.jpg\"><img loading=\"lazy\" class=\"alignleft size-medium wp-image-47936\" src=\"https:\/\/www.enerjigazetesi.ist\/wp-content\/uploads\/2015\/12\/alternatif-enerji-ak\u0131ll\u0131-\u015febekeler-500x500_c-300x300.jpg\" alt=\"alternatif-enerji-ak\u0131ll\u0131-\u015febekeler-500x500_c\" width=\"300\" height=\"300\" srcset=\"https:\/\/www.enerjigazetesi.ist\/wp-content\/uploads\/2015\/12\/alternatif-enerji-ak\u0131ll\u0131-\u015febekeler-500x500_c-300x300.jpg 300w, https:\/\/www.enerjigazetesi.ist\/wp-content\/uploads\/2015\/12\/alternatif-enerji-ak\u0131ll\u0131-\u015febekeler-500x500_c-150x150.jpg 150w, https:\/\/www.enerjigazetesi.ist\/wp-content\/uploads\/2015\/12\/alternatif-enerji-ak\u0131ll\u0131-\u015febekeler-500x500_c-400x400.jpg 400w, https:\/\/www.enerjigazetesi.ist\/wp-content\/uploads\/2015\/12\/alternatif-enerji-ak\u0131ll\u0131-\u015febekeler-500x500_c-50x50.jpg 50w, https:\/\/www.enerjigazetesi.ist\/wp-content\/uploads\/2015\/12\/alternatif-enerji-ak\u0131ll\u0131-\u015febekeler-500x500_c.jpg 500w\" sizes=\"(max-width: 300px) 100vw, 300px\" \/><\/a>Elektrik Da\u011f\u0131t\u0131m Hizmetleri Derne\u011fi (ELDER) Genel Sekreteri U\u011fur Y\u00fcksel, \u201cElektrik da\u011f\u0131t\u0131m \u015firketlerinin, \u00fc\u00e7\u00fcnc\u00fc uygulama d\u00f6neminde 22 milyar TL\u2019lik yat\u0131r\u0131ma ihtiyac\u0131 var. Teknoloji yat\u0131r\u0131m b\u00fct\u00e7esinin art\u0131r\u0131lmas\u0131 gerekir.\u201d dedi.<\/strong><br \/>\n<span style=\"font-weight: bold; color: #222222;\"><br \/>\nAk\u0131ll\u0131 saya\u00e7lar ve ak\u0131ll\u0131 \u015febekeler\u00a0<\/span>konusu T\u00fcrkiye\u2019nin\u00a0<span style=\"font-weight: bold; color: #222222;\">elektrik piyasas\u0131nda\u00a0<\/span>g\u00fcndemdeki yerini korurken, gelece\u011fe y\u00f6nelik \u00f6nemli yat\u0131r\u0131m planlar\u0131 ele al\u0131n\u0131yor.<\/p>\n<p style=\"color: #666666;\">enerjienstitusu.com\u2019un haberine g\u00f6re, T\u00fcrkiye\u2019de\u00a0<span style=\"font-weight: bold; color: #222222;\">ak\u0131ll\u0131 saya\u00e7lar ve ak\u0131ll\u0131 \u015febeke\u00a0<\/span>konusunda \u00f6nemli \u00e7al\u0131\u015fmalar y\u00fcr\u00fct\u00fcl\u00fcyor.<\/p>\n<p style=\"color: #666666;\">Elektrik sekt\u00f6r\u00fcn\u00fcn 22 milyar lira yat\u0131r\u0131ma ihtiyac\u0131 oldu\u011funu ifade eden Elektrik Da\u011f\u0131t\u0131m Hizmetleri Derne\u011fi (ELDER) Genel Sekreteri U\u011fur Y\u00fcksel, \u201c<span style=\"font-weight: bold; color: #222222;\">Elektrik da\u011f\u0131t\u0131m \u015firketlerinin<\/span>, \u00fc\u00e7\u00fcnc\u00fc uygulama d\u00f6neminde 22 milyar TL\u2019lik yat\u0131r\u0131ma ihtiyac\u0131 var. Teknoloji yat\u0131r\u0131m b\u00fct\u00e7esinin art\u0131r\u0131lmas\u0131 gerekir.\u201d dedi.<\/p>\n<p style=\"color: #666666;\">ELDER ile merkezi Bel\u00e7ika\u2019da bulunan Prime Alliance,\u00a0<span style=\"font-weight: bold; color: #222222;\">ak\u0131ll\u0131 \u015febeke ve saya\u00e7 uygulamalar\u0131<\/span>\u00a0konusunda \u201cAk\u0131ll\u0131 Saya\u00e7 \u00c7\u00f6z\u00fcmleri \u00c7al\u0131\u015ftay\u0131\u201dn\u0131 d\u00fczenledi. \u00c7al\u0131\u015ftay\u0131n a\u00e7\u0131l\u0131\u015f\u0131nda konu\u015fan ELDER Genel Sekreteri U\u011fur Y\u00fcksel,\u00a0<span style=\"font-weight: bold; color: #222222;\">ak\u0131ll\u0131 saya\u00e7lar\u0131n enerji tasarrufu sa\u011flama noktas\u0131nda<\/span>\u00a0olduk\u00e7a \u00f6nemli bir rol oynad\u0131\u011f\u0131n\u0131 belirtti. Y\u00fcksel,\u00a0<span style=\"font-weight: bold; color: #222222;\">elektrik da\u011f\u0131t\u0131m \u015firketlerinin<\/span>\u00a0\u00fc\u00e7\u00fcnc\u00fc uygulama d\u00f6neminde 22 milyar TL\u2019lik yat\u0131r\u0131ma ihtiya\u00e7 oldu\u011funu kaydetti. \u00d6n\u00fcm\u00fczdeki 5 y\u0131ll\u0131k uygulama d\u00f6neminde\u00a0<span style=\"font-weight: bold; color: #222222;\">teknoloji\u00a0<\/span>yat\u0131r\u0131m b\u00fct\u00e7esinin art\u0131r\u0131lmas\u0131 gerekti\u011fini vurgulad\u0131.<\/p>\n<p style=\"color: #666666;\">Kaynak:AlternatifEnerji<\/p>\n<p><\/p>","protected":false},"excerpt":{"rendered":"<p>Sorry, this entry is only available in Turkish. For the sake of viewer convenience, the content is shown below in the alternative language. You may click the link to switch the active language. Elektrik Da\u011f\u0131t\u0131m Hizmetleri Derne\u011fi (ELDER) Genel Sekreteri U\u011fur Y\u00fcksel, \u201cElektrik da\u011f\u0131t\u0131m \u015firketlerinin, \u00fc\u00e7\u00fcnc\u00fc uygulama d\u00f6neminde 22 milyar TL\u2019lik yat\u0131r\u0131ma ihtiyac\u0131 var. Teknoloji [&hellip;]<\/p>\n","protected":false},"author":1,"featured_media":47936,"comment_status":"open","ping_status":"open","sticky":false,"template":"","format":"standard","meta":[],"categories":[51,53],"tags":[1603,170],"views":615,"_links":{"self":[{"href":"https:\/\/www.enerjigazetesi.ist\/en\/wp-json\/wp\/v2\/posts\/47935"}],"collection":[{"href":"https:\/\/www.enerjigazetesi.ist\/en\/wp-json\/wp\/v2\/posts"}],"about":[{"href":"https:\/\/www.enerjigazetesi.ist\/en\/wp-json\/wp\/v2\/types\/post"}],"author":[{"embeddable":true,"href":"https:\/\/www.enerjigazetesi.ist\/en\/wp-json\/wp\/v2\/users\/1"}],"replies":[{"embeddable":true,"href":"https:\/\/www.enerjigazetesi.ist\/en\/wp-json\/wp\/v2\/comments?post=47935"}],"version-history":[{"count":1,"href":"https:\/\/www.enerjigazetesi.ist\/en\/wp-json\/wp\/v2\/posts\/47935\/revisions"}],"predecessor-version":[{"id":47937,"href":"https:\/\/www.enerjigazetesi.ist\/en\/wp-json\/wp\/v2\/posts\/47935\/revisions\/47937"}],"wp:featuredmedia":[{"embeddable":true,"href":"https:\/\/www.enerjigazetesi.ist\/en\/wp-json\/wp\/v2\/media\/47936"}],"wp:attachment":[{"href":"https:\/\/www.enerjigazetesi.ist\/en\/wp-json\/wp\/v2\/media?parent=47935"}],"wp:term":[{"taxonomy":"category","embeddable":true,"href":"https:\/\/www.enerjigazetesi.ist\/en\/wp-json\/wp\/v2\/categories?post=47935"},{"taxonomy":"post_tag","embeddable":true,"href":"https:\/\/www.enerjigazetesi.ist\/en\/wp-json\/wp\/v2\/tags?post=47935"}],"curies":[{"name":"wp","href":"https:\/\/api.w.org\/{rel}","templated":true}]}}