{"id":4793,"date":"2012-12-31T09:41:41","date_gmt":"2012-12-31T06:41:41","guid":{"rendered":"https:\/\/www.enerjigazetesi.ist\/?p=4793"},"modified":"2012-12-31T09:42:08","modified_gmt":"2012-12-31T06:42:08","slug":"2013un-yildizi-enerji-olacak","status":"publish","type":"post","link":"https:\/\/www.enerjigazetesi.ist\/en\/2013un-yildizi-enerji-olacak\/","title":{"rendered":"(Turkish) 2013\u2019\u00fcn Y\u0131ld\u0131z\u0131 Enerji Olacak"},"content":{"rendered":"<p class=\"qtranxs-available-languages-message qtranxs-available-languages-message-en\">Sorry, this entry is only available in <a href=\"https:\/\/www.enerjigazetesi.ist\/tr\/wp-json\/wp\/v2\/posts\/4793\" class=\"qtranxs-available-language-link qtranxs-available-language-link-tr\" title=\"Turkish\">Turkish<\/a>. For the sake of viewer convenience, the content is shown below in the alternative language. You may click the link to switch the active language.<\/p><p><\/p>\n<h2>T\u00fcrkiye\u2019nin en \u00f6nemli CEO\u2019lar\u0131 Ekonomist dergisi i\u00e7in 2013 ekonomisini de\u011ferlendirdi. CEO\u2019lar\u0131n y\u00fczde 26\u2019s\u0131 enerji sekt\u00f6r\u00fcn\u00fcn parlak bir y\u0131l ge\u00e7irece\u011fine i\u015faret etti.<\/h2>\n<p><img loading=\"lazy\" class=\"alignright size-medium wp-image-4794\" title=\"2013-enerji-yili-olacak\" src=\"https:\/\/www.enerjigazetesi.ist\/wp-content\/uploads\/2012\/12\/2013-enerji-yili-olacak-300x217.jpg\" alt=\"\" width=\"300\" height=\"217\" srcset=\"https:\/\/www.enerjigazetesi.ist\/wp-content\/uploads\/2012\/12\/2013-enerji-yili-olacak-300x217.jpg 300w, https:\/\/www.enerjigazetesi.ist\/wp-content\/uploads\/2012\/12\/2013-enerji-yili-olacak-68x50.jpg 68w, https:\/\/www.enerjigazetesi.ist\/wp-content\/uploads\/2012\/12\/2013-enerji-yili-olacak.jpg 400w\" sizes=\"(max-width: 300px) 100vw, 300px\" \/>Ekonomist dergisi T\u00fcrkiye\u2019nin en b\u00fcy\u00fck gruplar\u0131n\u0131 y\u00f6neten CEO\u2019lar\u0131n olu\u015fturdu\u011fu platform olan CEO Club \u00fcyeleriyle bir anket yapt\u0131. Gelen 173 yan\u0131t, T\u00fcrkiye ekonomisinin 2013 g\u00f6r\u00fcnt\u00fcs\u00fcne ili\u015fkin \u00f6nemli mesajlar i\u00e7eriyor. CEO\u2019lara g\u00f6re enerji piyasas\u0131n\u0131n serbestle\u015fmesi ile birlikte son be\u015f y\u0131ld\u0131r artan yat\u0131r\u0131mlar 2013\u2019te h\u0131zlanacak. CEO\u2019lara g\u00f6re 2013\u2019\u00fcn en parlak sekt\u00f6r\u00fc enerji olacak.<\/p>\n<p><strong>Y\u00dcZDE 26\u2019SI \u2018ENERJ\u0130\u2019 DED\u0130<\/strong><\/p>\n<p>2013, hangi sekt\u00f6rler i\u00e7in daha parlak bir y\u0131l olabilir sorusuna CEO\u2019lar\u0131n y\u00fczde 26 \u201cenerji\u201d cevab\u0131n\u0131 verdi. Kendi i\u00e7inde bir \u00e7ok f\u0131rsat\u0131 bar\u0131nd\u0131ran enerji sekt\u00f6r\u00fc, ge\u00e7ti\u011fimiz y\u0131l da CEO\u2019lar\u0131n g\u00f6zdesi olmu\u015ftu. Onu bili\u015fim sekt\u00f6r\u00fc y\u00fczde 9.9 ile izliyor. Sonra da bankac\u0131l\u0131k, perakende, sa\u011fl\u0131k ve gayrimenkul geliyor.<\/p>\n<p><strong>CESUR B\u00dcY\u00dcME TAHM\u0130N\u0130<\/strong><\/p>\n<p>T\u00fcrkiye ekonomisi ile ilgili b\u00fcy\u00fcme beklentilerinde son derece cimri davranan CEO\u2019lar\u0131n b\u00fcy\u00fck \u00e7o\u011funlu\u011fu, kendi \u015firketlerinin b\u00fcy\u00fcme perspektifini verirken farkl\u0131 davrand\u0131. Kendileri i\u00e7in y\u00fczde 0-5 aras\u0131nda b\u00fcy\u00fcme \u00f6ng\u00f6ren CEO\u2019lar\u0131n oran\u0131 y\u00fczde 20\u2019nin alt\u0131nda. Geriye kalan y\u00fczde 80 \u00fcst\u00fc yan\u0131tlara bak\u0131l\u0131rsa T\u00fcrkiye\u2019nin en b\u00fcy\u00fck \u015firketleri gelecek y\u0131l en az y\u00fczde 10 ile 20 aras\u0131nda b\u00fcy\u00fcyecek. \u015eirketlerinin y\u00fczde 20\u2019nin \u00fczerinde b\u00fcy\u00fcyece\u011fini s\u00f6yleyen CEO\u2019lar da az de\u011fil. Ankete yan\u0131t veren 173 CEO\u2019nun y\u00fczde 18.2\u2019si 2013 y\u0131l\u0131nda y\u00fczde 20\u2019nin \u00fcst\u00fcnde b\u00fcy\u00fcyeceklerini s\u00f6yl\u00fcyor.<\/p>\n<p><strong>ENFLASYON FARKI<\/strong><\/p>\n<p>CEO\u2019lar\u0131n y\u00fczde 56.9\u2019una g\u00f6re 2013 enflasyonu y\u00fczde 6-8 aras\u0131nda gelecek. CEO\u2019lar\u0131n y\u00fczde 11\u2019i y\u00fczde 8-10 aras\u0131nda, y\u00fczde 1.8\u2019i ise y\u00fczde 10\u2019un da \u00fczerinde enflasyon bekliyor. H\u00fck\u00fcmetin enflasyon beklentisiyle uyumlu bir yan\u0131t verenler ise y\u00fczde 29.4\u2019\u00fc olu\u015fturuyor.<\/p>\n<p><strong>Sat\u0131n alma ritmi d\u00fc\u015fecek<\/strong><\/p>\n<p>2013 y\u0131l\u0131nda \u015firketinizin g\u00fcndeminde bir sat\u0131n alma ya da ortakl\u0131k olacak m\u0131? sorusuna CEO\u2019lardan gelen yan\u0131tlar bu konudaki ritmin biraz d\u00fc\u015fece\u011fini g\u00f6steriyor. \u00c7\u00fcnk\u00fc 2012 i\u00e7in yapt\u0131\u011f\u0131m\u0131z ankette CEO\u2019lar\u0131n y\u00fczde 58.5\u2019i bu soruya \u201cEvet g\u00fcndemimizde bir sat\u0131n alma veya birle\u015fme ya da satma olacak\u201d yan\u0131t\u0131n\u0131 vermi\u015fti. Bu y\u0131lki anketin sonu\u00e7lar\u0131 bamba\u015fka. Anketi yan\u0131tlayan CEO\u2019lar hani neredeyse sat\u0131n alma ve birle\u015fme olay\u0131n\u0131 g\u00fcndemlerinden \u00e7\u0131karm\u0131\u015flar. Y\u00fczde 64.8\u2019i 2013\u2019te g\u00fcndemlerinde bir sat\u0131n alma ve birle\u015fme olmad\u0131\u011f\u0131n\u0131 s\u00f6yl\u00fcyor. Geriye kalanlar\u0131n ise bu konuda planlar\u0131 var.<\/p>\n<p><strong>Kim korkar yat\u0131r\u0131mdan<\/strong><\/p>\n<p>YATIRIMLARINI belirsiz bir tarihe erteleyenlerin oran\u0131 y\u00fczde 1 bile de\u011fil. Yat\u0131r\u0131mlar\u0131nda hi\u00e7bir ertelemeye gitmediklerini ve gitmeyeceklerini s\u00f6yleyenler ise y\u00fczde 89.9\u2019luk bir dilimi olu\u015fturdu. K\u0131sa bir s\u00fcre i\u00e7in yat\u0131r\u0131mlar\u0131n\u0131 erteleme karar\u0131 ald\u0131klar\u0131n\u0131 s\u00f6yleyenler de y\u00fczde 9.2. Bu tablo asl\u0131nda T\u00fcrkiye ekonomisinin ne kadar dinamik oldu\u011funu g\u00f6stermesi a\u00e7\u0131s\u0131nda \u00e7ok \u00f6nemli.<\/p>\n<p><strong>Y\u00fczde 30.9\u2019u not art\u0131\u015f\u0131 beklemiyor<\/strong><\/p>\n<p>T\u00dcRK CEO\u2019lar\u0131n y\u00fczde 57.3\u2019\u00fc b\u00fcy\u00fck bir merakla beklenen not art\u0131\u015f\u0131n\u0131n ger\u00e7ekle\u015fece\u011fini d\u00fc\u015f\u00fcn\u00fcyor. Buna \u201cSadece Moody\u2019s yapar\u201d diyen y\u00fczde 8.2\u2019lik kesim ile \u201cSadece S&amp;P yapar\u201d diyen y\u00fczde 3.6\u2019l\u0131k kesim dahil de\u011fil. Bu rating kurulu\u015flar\u0131ndan not art\u0131\u015f\u0131 beklemeyenlerin oran\u0131 ise y\u00fczde 30.9.<\/p>\n<p><strong>Gelecek y\u0131l i\u015fler daha iyi olacak<\/strong><\/p>\n<p>\u201cGELECEK y\u0131l i\u015flerinizin nas\u0131l bir seyir izleyece\u011fini bekliyorsunuz?\u201d sorusuna CEO\u2019lar\u0131n y\u00fczde 70\u2019e yak\u0131n\u0131 \u201ciyi\u201d ve \u201c\u00e7ok iyi\u201d yan\u0131t\u0131n\u0131 veriyor. Bu yan\u0131t ku\u015fkusuz ellerindeki belli verilerle veriliyor. \u00d6rne\u011fin sipari\u015fler, \u00f6rne\u011fin t\u00fcketici kredilerinin artmas\u0131n\u0131n yarataca\u011f\u0131 talep gibi. \u0130\u015flerinin 2012\u2019den \u00e7ok da farkl\u0131 olmayaca\u011f\u0131n\u0131 d\u00fc\u015f\u00fcnenlerin oran\u0131 ise y\u00fczde 30. Bu konuda \u00e7ok olumsuz bir beklenti i\u00e7inde olanlar\u0131n oran\u0131 ise korkmay\u0131 gerektirmeyecek kadar d\u00fc\u015f\u00fck. Sadece y\u00fczde 1.8\u2019lik kesim gelecek y\u0131l i\u015flerinin daha k\u00f6t\u00fcye gitmesini bekliyor.<\/p>\n<p>Kaynak: <a href=\"http:\/\/www.hurriyet.com.tr\/ekonomi\/22260695.asp\" target=\"_blank\">H\u00fcrriyet<\/a><\/p>","protected":false},"excerpt":{"rendered":"<p>Sorry, this entry is only available in Turkish. For the sake of viewer convenience, the content is shown below in the alternative language. You may click the link to switch the active language. T\u00fcrkiye\u2019nin en \u00f6nemli CEO\u2019lar\u0131 Ekonomist dergisi i\u00e7in 2013 ekonomisini de\u011ferlendirdi. CEO\u2019lar\u0131n y\u00fczde 26\u2019s\u0131 enerji sekt\u00f6r\u00fcn\u00fcn parlak bir y\u0131l ge\u00e7irece\u011fine i\u015faret etti. Ekonomist [&hellip;]<\/p>\n","protected":false},"author":1,"featured_media":4794,"comment_status":"open","ping_status":"open","sticky":false,"template":"","format":"standard","meta":[],"categories":[53],"tags":[1617,67,165,1618],"views":402,"_links":{"self":[{"href":"https:\/\/www.enerjigazetesi.ist\/en\/wp-json\/wp\/v2\/posts\/4793"}],"collection":[{"href":"https:\/\/www.enerjigazetesi.ist\/en\/wp-json\/wp\/v2\/posts"}],"about":[{"href":"https:\/\/www.enerjigazetesi.ist\/en\/wp-json\/wp\/v2\/types\/post"}],"author":[{"embeddable":true,"href":"https:\/\/www.enerjigazetesi.ist\/en\/wp-json\/wp\/v2\/users\/1"}],"replies":[{"embeddable":true,"href":"https:\/\/www.enerjigazetesi.ist\/en\/wp-json\/wp\/v2\/comments?post=4793"}],"version-history":[{"count":3,"href":"https:\/\/www.enerjigazetesi.ist\/en\/wp-json\/wp\/v2\/posts\/4793\/revisions"}],"predecessor-version":[{"id":4797,"href":"https:\/\/www.enerjigazetesi.ist\/en\/wp-json\/wp\/v2\/posts\/4793\/revisions\/4797"}],"wp:featuredmedia":[{"embeddable":true,"href":"https:\/\/www.enerjigazetesi.ist\/en\/wp-json\/wp\/v2\/media\/4794"}],"wp:attachment":[{"href":"https:\/\/www.enerjigazetesi.ist\/en\/wp-json\/wp\/v2\/media?parent=4793"}],"wp:term":[{"taxonomy":"category","embeddable":true,"href":"https:\/\/www.enerjigazetesi.ist\/en\/wp-json\/wp\/v2\/categories?post=4793"},{"taxonomy":"post_tag","embeddable":true,"href":"https:\/\/www.enerjigazetesi.ist\/en\/wp-json\/wp\/v2\/tags?post=4793"}],"curies":[{"name":"wp","href":"https:\/\/api.w.org\/{rel}","templated":true}]}}