{"id":47925,"date":"2015-12-15T21:15:04","date_gmt":"2015-12-15T18:15:04","guid":{"rendered":"https:\/\/www.enerjigazetesi.ist\/?p=47925"},"modified":"2015-12-15T21:15:04","modified_gmt":"2015-12-15T18:15:04","slug":"rus-buyukelci-ankara-moskova-krizinin-enerji-projelerine-etkisini-anlatti","status":"publish","type":"post","link":"https:\/\/www.enerjigazetesi.ist\/en\/rus-buyukelci-ankara-moskova-krizinin-enerji-projelerine-etkisini-anlatti\/","title":{"rendered":"(Turkish) Rus B\u00fcy\u00fckel\u00e7i Ankara-Moskova Krizinin Enerji Projelerine Etkisini Anlatt\u0131&#8230;"},"content":{"rendered":"<p class=\"qtranxs-available-languages-message qtranxs-available-languages-message-en\">Sorry, this entry is only available in <a href=\"https:\/\/www.enerjigazetesi.ist\/tr\/wp-json\/wp\/v2\/posts\/47925\" class=\"qtranxs-available-language-link qtranxs-available-language-link-tr\" title=\"Turkish\">Turkish<\/a>. For the sake of viewer convenience, the content is shown below in the alternative language. You may click the link to switch the active language.<\/p><p><\/p>\n<p style=\"color: #0a0a0a;\"><strong>Rusya\u2019n\u0131n Ankara B\u00fcy\u00fckel\u00e7isi Andrey Karlov T\u00fcrkiye ile Rusya aras\u0131nda ya\u015fanan krizlin enerji projelerine olan etkisini anlatt\u0131. \u00d6zellikle T\u00fcrk Ak\u0131m\u0131\u2019na de\u011finen Karlov, \u201cAnkara\u2019n\u0131n \u00e7\u0131karlar\u0131na ve b\u00f6lge enerji transit merkezi olma planlar\u0131na uyaca\u011f\u0131n\u0131 d\u00fc\u015f\u00fcn\u00fcyorduk. T\u00fcrkiye Rusya\u2019dan do\u011falgaz alma konusunda daha g\u00fcvenli bir hatta sahip o<a href=\"https:\/\/www.enerjigazetesi.ist\/wp-content\/uploads\/2015\/12\/rus-buyukelci-ankara-moskova-krizinin-enerji-projelerine-etkisini-anlatti.jpg\"><img loading=\"lazy\" class=\"alignleft size-medium wp-image-47926\" src=\"https:\/\/www.enerjigazetesi.ist\/wp-content\/uploads\/2015\/12\/rus-buyukelci-ankara-moskova-krizinin-enerji-projelerine-etkisini-anlatti-300x165.jpg\" alt=\"rus-buyukelci-ankara-moskova-krizinin-enerji-projelerine-etkisini-anlatti\" width=\"300\" height=\"165\" srcset=\"https:\/\/www.enerjigazetesi.ist\/wp-content\/uploads\/2015\/12\/rus-buyukelci-ankara-moskova-krizinin-enerji-projelerine-etkisini-anlatti-300x165.jpg 300w, https:\/\/www.enerjigazetesi.ist\/wp-content\/uploads\/2015\/12\/rus-buyukelci-ankara-moskova-krizinin-enerji-projelerine-etkisini-anlatti-500x276.jpg 500w, https:\/\/www.enerjigazetesi.ist\/wp-content\/uploads\/2015\/12\/rus-buyukelci-ankara-moskova-krizinin-enerji-projelerine-etkisini-anlatti-80x44.jpg 80w, https:\/\/www.enerjigazetesi.ist\/wp-content\/uploads\/2015\/12\/rus-buyukelci-ankara-moskova-krizinin-enerji-projelerine-etkisini-anlatti.jpg 696w\" sizes=\"(max-width: 300px) 100vw, 300px\" \/><\/a>labilirdi. Ya Ukrayna topraklar\u0131ndaki boru hatt\u0131nda ar\u0131za \u00e7\u0131karsa?\u201d dedi.<\/strong><span id=\"more-74711\"><\/span><\/p>\n<p style=\"color: #0a0a0a;\"><strong>B\u00fcy\u00fckel\u00e7i Karlov Cumhuriyet gazetesi\u2019nden Duygu G\u00fcven\u00e7\u2019e verdi\u011fi s\u00f6yle\u015fide \u015funlar\u0131 s\u00f6yledi:<\/strong><\/p>\n<p style=\"color: #0a0a0a;\"><strong>\u2013 T\u00fcrk Ak\u0131m\u0131n\u0131 kim sonland\u0131rd\u0131?<\/strong><\/p>\n<p style=\"color: #0a0a0a;\">Tam bir sene \u00f6nce bu projeyi \u00f6nerdik. Teklifimizden sonra ilk a\u015famada i\u015fler h\u0131zl\u0131 geli\u015fiyordu. Gazprom \u015eirketi Ba\u015fkan\u0131 Miller, Enerji Bakan\u0131 Y\u0131ld\u0131z ile helikopterde g\u00fczergah \u00fczerinde u\u00e7uyorlard\u0131; giri\u015f \u00e7\u0131k\u0131\u015f noktalar\u0131n\u0131 belirlediler. Ama ondan sonra i\u015fler yava\u015flad\u0131. Biz anla\u015fma tasla\u011f\u0131n\u0131 haz\u0131rlay\u0131p, T\u00fcrkiye\u2019ye sunduk. Bize, d\u00f6nemi var, ge\u00e7ici h\u00fck\u00fcmet var, se\u00e7im yap\u0131ld\u0131ktan sonra bu konuya d\u00f6nece\u011fiz\u2019 deniyordu. U\u00e7a\u011f\u0131m\u0131z d\u00fc\u015f\u00fcr\u00fcld\u00fckten sonra \u2018projeyi durduruyoruz\u2019 dedik. E\u011fer T\u00fcrkiye taraf\u0131n\u0131n h\u00fck\u00fcmetleraras\u0131 anla\u015fma tasla\u011f\u0131na cevap vermemesi karar\u0131 g\u00f6z\u00f6n\u00fcnde bulundurursak belki o zaman T\u00fcrkiye projeyi ilk durdurmu\u015f olabilir. Kimin projeyi durdurdu\u011fu \u00f6nemli de\u011fil. \u00d6nemli olan proje hayata ge\u00e7irilmedi. T\u00fcrkiye\u2019nin \u00e7\u0131karlar\u0131na ve b\u00f6lge enerji transit merkezi olma planlar\u0131na uyaca\u011f\u0131n\u0131 d\u00fc\u015f\u00fcn\u00fcyorduk. Di\u011fer yandan da Rusya\u2019dan do\u011falgaz alma konusunda daha g\u00fcvenli bir hatta sahip olabilirdi. T\u00fcrkiye\u2019ye do\u011falgaz\u0131 iki \u00f6nemli hattan sat\u0131yoruz. Y\u00fczde 50\u2019si Mavi Ak\u0131m\u2019dan Karadeniz dibindeki hattan geliyor; direk olarak Rusya\u2019dan T\u00fcrkiye\u2019ye ge\u00e7iyor. Y\u00fczde 50\u2019si Ukrayna \u00fczerinden geliyor. Ukrayna do\u011falgaz sevkiyat\u0131 bak\u0131m\u0131ndan g\u00fcvenli olmayan bir \u00fclke her a\u00e7\u0131dan. Ukrayna, transit boru hatt\u0131ndan daha \u00f6nce de gaz \u00e7al\u0131yordu. Di\u011fer bir teknik sebebi de; 25 sene boyunca Ukrayna topraklar\u0131nda bulunan do\u011falgaz da\u011f\u0131t\u0131m sistemini yenilenmesi ve onar\u0131lmas\u0131 i\u00e7in para harcam\u0131yordu.<\/p>\n<p style=\"color: #0a0a0a;\"><strong>\u2013 Yani Ukrayna \u00fczerinden T\u00fcrkiye\u2019ye gelen hattan do\u011falgaz\u0131 kesebilir misiniz?<\/strong><\/p>\n<p style=\"color: #0a0a0a;\">Bu o anlama gelmiyor. Biz T\u00fcrkiye\u2019ye b\u00fct\u00fcn hatlar \u00fczerinden gaz sevk etmeye devam edece\u011fiz. Yaln\u0131z Ukrayna topraklar\u0131ndaki boru hatt\u0131nda bir ar\u0131za \u00e7\u0131karsa biz ne yapaca\u011f\u0131z? Korkutmak istemiyorum ama bir \u00f6rnek vereyim. Bu hususlar\u0131 Bat\u0131daki do\u011falgaz m\u00fc\u015fterileri \u00e7ok iyi anlad\u0131. Bir sene \u00f6nce Aral\u0131k ay\u0131nda T\u00fcrk Ak\u0131m\u0131 projesini Putin teklif etti T\u00fcrkiye\u2019ye. Bu sene May\u0131s ay\u0131nda Bat\u0131 Avrupa\u2019daki b\u00fcy\u00fck \u015firketler, Hollanda, \u0130talya ve Fransa\u2019dan bize ba\u015fvurdu; Rusya ile Balt\u0131k denizinden bir do\u011falgaz boru hatt\u0131 in\u015faat\u0131n\u0131 \u00f6nerdiler sevkiyat\u0131 garanti alt\u0131na almak i\u00e7in. T\u00fcrk Ak\u0131m\u0131\u2019n\u0131 ge\u00e7en sene teklif ettik; yeni Kuzey Ak\u0131m 2 bu sene May\u0131s ay\u0131nda teklif edilmesine ra\u011fmen \u00e7al\u0131\u015fmalar art\u0131k ba\u015flad\u0131. Rusya asl\u0131nda her do\u011falgaz sevkiyat\u0131 a\u00e7\u0131s\u0131ndan her zaman g\u00fcvenilir bir ortakt\u0131r ve b\u00fct\u00fcn taahh\u00fctlerini yerine getiriyordu. Ama bak\u0131n Ukrayna\u2019da neler ya\u015fan\u0131yor. Mesela K\u0131r\u0131m\u2019a enerji sevkiyat\u0131 Ukrayna\u2019dan ge\u00e7iyordu. Hatta Ukrayna h\u00fck\u00fcmeti ile buna dair ikili s\u00f6zle\u015fmelerimiz vard\u0131. Birka\u00e7 g\u00fcn \u00f6nce K\u0131r\u0131m\u2019a elektrik sevk eden hatlar patlat\u0131ld\u0131. \u0130ki milyon ki\u015fi \u0131\u015f\u0131ks\u0131z kald\u0131.<\/p>\n<p style=\"color: #0a0a0a;\"><strong>\u2013 Yani her\u015fey olabilir mi diyorsunuz?<\/strong><\/p>\n<p style=\"color: #0a0a0a;\">\u00d6rnekleri verdim, sonucu siz kendiniz \u00e7\u0131kart\u0131n.<\/p>\n<p style=\"color: #0a0a0a;\"><strong>\u2013 Taahh\u00fctlere ra\u011fmen Akkuyu Santrali\u2019nde \u00e7al\u0131\u015fmalar durdu mu?<\/strong><\/p>\n<p style=\"color: #0a0a0a;\">\u00c7ok dedikodular var. Bu konuda bir\u015fey demeyece\u011fim \u00e7\u00fcnk\u00fc Rusya olarak projeyle ilgili taahh\u00fctlerimizi yerine getirmeye devam ediyor. Ge\u00e7mi\u015f y\u0131llarda proje istedi\u011fimiz h\u0131zla ilerlemiyordu. \u00c7o\u011fu T\u00fcrkiye y\u00fcz\u00fcnden. Mesela \u00c7ED raporu hikayesini an\u0131msarsak\u2026 Di\u011fer \u00fclkelerde in\u015fa etti\u011fimiz n\u00fckleer santrallerde haz\u0131rlad\u0131\u011f\u0131m\u0131z \u00c7ED raporu ile k\u0131yaslarsak T\u00fcrkiye i\u00e7in haz\u0131rlad\u0131\u011f\u0131m\u0131z 5 kat daha b\u00fcy\u00fckt\u00fcr. Tabii ki T\u00fcrkiye\u2019nin projeyle ilgili mevzuat\u0131nda de\u011fi\u015fiklikler yap\u0131lacakt\u0131; vaktinde yap\u0131lmad\u0131 bu de\u011fi\u015fiklikler.<\/p>\n<p style=\"color: #0a0a0a;\">Kaynak: <a href=\"http:\/\/haberrus.com\/politics\/2015\/12\/14\/rusya-adim-turkiyeden-karlov2.html\" target=\"_blank\" rel=\"nofollow\">Haberrus<\/a><\/p>\n<p><\/p>","protected":false},"excerpt":{"rendered":"<p>Sorry, this entry is only available in Turkish. For the sake of viewer convenience, the content is shown below in the alternative language. You may click the link to switch the active language. Rusya\u2019n\u0131n Ankara B\u00fcy\u00fckel\u00e7isi Andrey Karlov T\u00fcrkiye ile Rusya aras\u0131nda ya\u015fanan krizlin enerji projelerine olan etkisini anlatt\u0131. \u00d6zellikle T\u00fcrk Ak\u0131m\u0131\u2019na de\u011finen Karlov, \u201cAnkara\u2019n\u0131n [&hellip;]<\/p>\n","protected":false},"author":1,"featured_media":47926,"comment_status":"open","ping_status":"open","sticky":false,"template":"","format":"standard","meta":[],"categories":[46,53],"tags":[4403,27478,63,67,1009,2698,1306,165,1772,20076],"views":820,"_links":{"self":[{"href":"https:\/\/www.enerjigazetesi.ist\/en\/wp-json\/wp\/v2\/posts\/47925"}],"collection":[{"href":"https:\/\/www.enerjigazetesi.ist\/en\/wp-json\/wp\/v2\/posts"}],"about":[{"href":"https:\/\/www.enerjigazetesi.ist\/en\/wp-json\/wp\/v2\/types\/post"}],"author":[{"embeddable":true,"href":"https:\/\/www.enerjigazetesi.ist\/en\/wp-json\/wp\/v2\/users\/1"}],"replies":[{"embeddable":true,"href":"https:\/\/www.enerjigazetesi.ist\/en\/wp-json\/wp\/v2\/comments?post=47925"}],"version-history":[{"count":1,"href":"https:\/\/www.enerjigazetesi.ist\/en\/wp-json\/wp\/v2\/posts\/47925\/revisions"}],"predecessor-version":[{"id":47927,"href":"https:\/\/www.enerjigazetesi.ist\/en\/wp-json\/wp\/v2\/posts\/47925\/revisions\/47927"}],"wp:featuredmedia":[{"embeddable":true,"href":"https:\/\/www.enerjigazetesi.ist\/en\/wp-json\/wp\/v2\/media\/47926"}],"wp:attachment":[{"href":"https:\/\/www.enerjigazetesi.ist\/en\/wp-json\/wp\/v2\/media?parent=47925"}],"wp:term":[{"taxonomy":"category","embeddable":true,"href":"https:\/\/www.enerjigazetesi.ist\/en\/wp-json\/wp\/v2\/categories?post=47925"},{"taxonomy":"post_tag","embeddable":true,"href":"https:\/\/www.enerjigazetesi.ist\/en\/wp-json\/wp\/v2\/tags?post=47925"}],"curies":[{"name":"wp","href":"https:\/\/api.w.org\/{rel}","templated":true}]}}