{"id":47904,"date":"2015-12-15T12:05:48","date_gmt":"2015-12-15T09:05:48","guid":{"rendered":"https:\/\/www.enerjigazetesi.ist\/?p=47904"},"modified":"2015-12-15T12:05:48","modified_gmt":"2015-12-15T09:05:48","slug":"petrol-2009dan-beri-en-dusuk-seviyede","status":"publish","type":"post","link":"https:\/\/www.enerjigazetesi.ist\/en\/petrol-2009dan-beri-en-dusuk-seviyede\/","title":{"rendered":"(Turkish) Petrol 2009\u2019dan Beri En D\u00fc\u015f\u00fck Seviyede&#8230;"},"content":{"rendered":"<p class=\"qtranxs-available-languages-message qtranxs-available-languages-message-en\">Sorry, this entry is only available in <a href=\"https:\/\/www.enerjigazetesi.ist\/tr\/wp-json\/wp\/v2\/posts\/47904\" class=\"qtranxs-available-language-link qtranxs-available-language-link-tr\" title=\"Turkish\">Turkish<\/a>. For the sake of viewer convenience, the content is shown below in the alternative language. You may click the link to switch the active language.<\/p><p><\/p>\n<p style=\"color: #0a0a0a;\"><strong>Petrol, \u0130ran\u2019\u0131n \u00fcretimi art\u0131raca\u011f\u0131n\u0131 a\u00e7\u0131klamas\u0131n\u0131n k\u00fcresel arz fazlas\u0131 endi\u015fesini art\u0131rmas\u0131n\u0131n ard\u0131ndan \u015eubat 2009\u2019dan bu yana en d\u00fc\u015f\u00fck seviyesinde.<a href=\"https:\/\/www.enerjigazetesi.ist\/wp-content\/uploads\/2015\/12\/petrol-2009dan-beri-en-dusuk-seviyede.jpg\"><img loading=\"lazy\" class=\"alignright size-medium wp-image-47905\" src=\"https:\/\/www.enerjigazetesi.ist\/wp-content\/uploads\/2015\/12\/petrol-2009dan-beri-en-dusuk-seviyede-300x165.jpg\" alt=\"petrol-2009dan-beri-en-dusuk-seviyede\" width=\"300\" height=\"165\" srcset=\"https:\/\/www.enerjigazetesi.ist\/wp-content\/uploads\/2015\/12\/petrol-2009dan-beri-en-dusuk-seviyede-300x165.jpg 300w, https:\/\/www.enerjigazetesi.ist\/wp-content\/uploads\/2015\/12\/petrol-2009dan-beri-en-dusuk-seviyede-500x276.jpg 500w, https:\/\/www.enerjigazetesi.ist\/wp-content\/uploads\/2015\/12\/petrol-2009dan-beri-en-dusuk-seviyede-80x44.jpg 80w, https:\/\/www.enerjigazetesi.ist\/wp-content\/uploads\/2015\/12\/petrol-2009dan-beri-en-dusuk-seviyede.jpg 696w\" sizes=\"(max-width: 300px) 100vw, 300px\" \/><\/a><\/strong><span id=\"more-74666\"><\/span><\/p>\n<p style=\"color: #0a0a0a;\">Asya borsalar\u0131 d\u00fc\u015fen petrol fiyatlar\u0131 ve bu hafta Fed\u2019in faizleri art\u0131rmas\u0131n\u0131n beklendi\u011fi toplant\u0131dan \u00f6nce haftaya d\u00fc\u015f\u00fc\u015fle ba\u015flarken, \u00c7in yuan\u0131 d\u00f6rt bu\u00e7uk senenin en d\u00fc\u015f\u00fck seviyesini g\u00f6rd\u00fc.<\/p>\n<p style=\"color: #0a0a0a;\">Japonya d\u0131\u015f\u0131ndaki Asya Pasifik borsalar\u0131n\u0131 takip eden MSCI endeksi y\u00fczde 1.3 d\u00fc\u015f\u00fc\u015fle iki bu\u00e7uk ay\u0131n en d\u00fc\u015f\u00fck seviyesini g\u00f6r\u00fcrken, Japonya Nikkei endeksi de y\u00fczde 2.1 d\u00fc\u015ft\u00fc.<\/p>\n<p style=\"color: #0a0a0a;\">Cumartesi g\u00fcn\u00fc a\u00e7\u0131klanan verilerde \u00c7in\u2019in fabrika b\u00fcy\u00fcmesinin Kas\u0131m ay\u0131nda be\u015f ay\u0131n en y\u00fcksek seviyesine \u00e7\u0131kt\u0131\u011f\u0131 g\u00f6r\u00fcl\u00fcrken, perakende sat\u0131\u015flar da y\u00fczde 11.2 artt\u0131.<\/p>\n<p style=\"color: #0a0a0a;\">Kaynak: Enerji Enstit\u00fcs\u00fc<\/p>\n<p><\/p>","protected":false},"excerpt":{"rendered":"<p>Sorry, this entry is only available in Turkish. For the sake of viewer convenience, the content is shown below in the alternative language. You may click the link to switch the active language. Petrol, \u0130ran\u2019\u0131n \u00fcretimi art\u0131raca\u011f\u0131n\u0131 a\u00e7\u0131klamas\u0131n\u0131n k\u00fcresel arz fazlas\u0131 endi\u015fesini art\u0131rmas\u0131n\u0131n ard\u0131ndan \u015eubat 2009\u2019dan bu yana en d\u00fc\u015f\u00fck seviyesinde. Asya borsalar\u0131 d\u00fc\u015fen petrol [&hellip;]<\/p>\n","protected":false},"author":1,"featured_media":47905,"comment_status":"open","ping_status":"open","sticky":false,"template":"","format":"standard","meta":[],"categories":[53,44],"tags":[63,67,1009,2698,165,10201,22011,59,79,347,2388,2522,1369],"views":651,"_links":{"self":[{"href":"https:\/\/www.enerjigazetesi.ist\/en\/wp-json\/wp\/v2\/posts\/47904"}],"collection":[{"href":"https:\/\/www.enerjigazetesi.ist\/en\/wp-json\/wp\/v2\/posts"}],"about":[{"href":"https:\/\/www.enerjigazetesi.ist\/en\/wp-json\/wp\/v2\/types\/post"}],"author":[{"embeddable":true,"href":"https:\/\/www.enerjigazetesi.ist\/en\/wp-json\/wp\/v2\/users\/1"}],"replies":[{"embeddable":true,"href":"https:\/\/www.enerjigazetesi.ist\/en\/wp-json\/wp\/v2\/comments?post=47904"}],"version-history":[{"count":1,"href":"https:\/\/www.enerjigazetesi.ist\/en\/wp-json\/wp\/v2\/posts\/47904\/revisions"}],"predecessor-version":[{"id":47906,"href":"https:\/\/www.enerjigazetesi.ist\/en\/wp-json\/wp\/v2\/posts\/47904\/revisions\/47906"}],"wp:featuredmedia":[{"embeddable":true,"href":"https:\/\/www.enerjigazetesi.ist\/en\/wp-json\/wp\/v2\/media\/47905"}],"wp:attachment":[{"href":"https:\/\/www.enerjigazetesi.ist\/en\/wp-json\/wp\/v2\/media?parent=47904"}],"wp:term":[{"taxonomy":"category","embeddable":true,"href":"https:\/\/www.enerjigazetesi.ist\/en\/wp-json\/wp\/v2\/categories?post=47904"},{"taxonomy":"post_tag","embeddable":true,"href":"https:\/\/www.enerjigazetesi.ist\/en\/wp-json\/wp\/v2\/tags?post=47904"}],"curies":[{"name":"wp","href":"https:\/\/api.w.org\/{rel}","templated":true}]}}