{"id":47875,"date":"2015-12-14T12:51:09","date_gmt":"2015-12-14T09:51:09","guid":{"rendered":"https:\/\/www.enerjigazetesi.ist\/?p=47875"},"modified":"2015-12-14T12:52:49","modified_gmt":"2015-12-14T09:52:49","slug":"64-hukumet-eylem-planina-gore-enerji-yatirim-surecleri-kolaylastirilacak","status":"publish","type":"post","link":"https:\/\/www.enerjigazetesi.ist\/en\/64-hukumet-eylem-planina-gore-enerji-yatirim-surecleri-kolaylastirilacak\/","title":{"rendered":"(Turkish) 64. H\u00fck\u00fcmet Eylem Plan\u0131\u2019na G\u00f6re Enerji Yat\u0131r\u0131m S\u00fcre\u00e7leri Kolayla\u015ft\u0131r\u0131lacak&#8230;"},"content":{"rendered":"<p class=\"qtranxs-available-languages-message qtranxs-available-languages-message-en\">Sorry, this entry is only available in <a href=\"https:\/\/www.enerjigazetesi.ist\/tr\/wp-json\/wp\/v2\/posts\/47875\" class=\"qtranxs-available-language-link qtranxs-available-language-link-tr\" title=\"Turkish\">Turkish<\/a>. For the sake of viewer convenience, the content is shown below in the alternative language. You may click the link to switch the active language.<\/p><p><\/p>\n<p style=\"color: #0a0a0a;\"><strong>64. H\u00fck\u00fcmet\u2019in 2016 Y\u0131l\u0131 Eylem Plan\u0131\u2019nda, yerli ve yenilenebilir enerji kaynak kullan\u0131m\u0131n\u0131n art\u0131r\u0131lmas\u0131 ve enerji verimlili\u011fine vurgu yap\u0131l\u0131rken, enerji yat\u0131r\u0131m s\u00fcre\u00e7lerini kolayla\u015ft\u0131rmak \u00fczere \u00e7al\u0131\u015fmalar ba\u015flat\u0131lacak.<\/strong><span id=\"more-74637\"><\/span><\/p>\n<p style=\"color: #0a0a0a;\">\u00d6n\u00fcm\u00fczdeki ilk \u00fc\u00e7 ay i\u00e7erisinde, kentsel d\u00f6n\u00fc\u015f\u00fcm kapsam\u0131na girmek \u015fart\u0131yla izinsiz yap\u0131lara elektrik ve su ba\u011fl<a href=\"https:\/\/www.enerjigazetesi.ist\/wp-content\/uploads\/2015\/12\/64-hukumet-eylem-planina-gore-enerji-yatirim-surecleri-kolaylastirilacak.jpg\"><img loading=\"lazy\" class=\"alignright size-medium wp-image-47876\" src=\"https:\/\/www.enerjigazetesi.ist\/wp-content\/uploads\/2015\/12\/64-hukumet-eylem-planina-gore-enerji-yatirim-surecleri-kolaylastirilacak-300x165.jpg\" alt=\"64-hukumet-eylem-planina-gore-enerji-yatirim-surecleri-kolaylastirilacak\" width=\"300\" height=\"165\" srcset=\"https:\/\/www.enerjigazetesi.ist\/wp-content\/uploads\/2015\/12\/64-hukumet-eylem-planina-gore-enerji-yatirim-surecleri-kolaylastirilacak-300x165.jpg 300w, https:\/\/www.enerjigazetesi.ist\/wp-content\/uploads\/2015\/12\/64-hukumet-eylem-planina-gore-enerji-yatirim-surecleri-kolaylastirilacak-500x276.jpg 500w, https:\/\/www.enerjigazetesi.ist\/wp-content\/uploads\/2015\/12\/64-hukumet-eylem-planina-gore-enerji-yatirim-surecleri-kolaylastirilacak-80x44.jpg 80w, https:\/\/www.enerjigazetesi.ist\/wp-content\/uploads\/2015\/12\/64-hukumet-eylem-planina-gore-enerji-yatirim-surecleri-kolaylastirilacak.jpg 696w\" sizes=\"(max-width: 300px) 100vw, 300px\" \/><\/a>anmas\u0131 sa\u011flanmas\u0131 i\u00e7in \u00e7al\u0131\u015fma yap\u0131lacak. Ayr\u0131ca, 21 Mart 2016\u2019da tamamlanm\u0131\u015f olmak \u00fczere \u00e7ift\u00e7ilere sera deste\u011fi verilmesinin \u00f6n\u00fc a\u00e7\u0131lacak.\u00a0Plan kapsam\u0131nda, ilk 6 ayl\u0131k s\u00fcrede Maliye Bakanl\u0131\u011f\u0131n\u0131n sorumlulu\u011funda mevcut vergi mevzuat\u0131 g\u00f6zden ge\u00e7irilerek enerji verimlili\u011fini te\u015fvik eden vergisel d\u00fczenlemeler yap\u0131lacak. Ayr\u0131ca, 21 Haziran 2016\u2019da tamamlanm\u0131\u015f olmak \u00fczere sanayide ve evlerde kullan\u0131lan elektrikli ara\u00e7lar ile ula\u015f\u0131m ara\u00e7lar\u0131nda uygulanan vergi oranlar\u0131 enerji verimlili\u011fi a\u00e7\u0131s\u0131ndan g\u00f6zden ge\u00e7irilecek.\u00a0Binalarda daha fazla enerji verimlili\u011fi olu\u015fturmak i\u00e7in \u00c7evre ve \u015eehircilik Bakanl\u0131\u011f\u0131 sorumlulu\u011funda Enerji Verimlili\u011fi Kanunu, \u0130mar Kanunu ve ilgili di\u011fer kanun ve y\u00f6netmeliklerde de\u011fi\u015fiklikler 6 ay i\u00e7erisinde yap\u0131lacak ve enerji verimli binalar olu\u015fturulacak.<\/p>\n<h3 style=\"font-weight: 400; color: #111111;\"><strong>Enerji yat\u0131r\u0131m s\u00fcre\u00e7leri<\/strong><\/h3>\n<p style=\"color: #0a0a0a;\">Ayn\u0131 s\u00fcre zarf\u0131nda ayr\u0131ca, enerji lisans, ruhsat ve izin i\u015flemlerinin daha h\u0131zl\u0131 ve kolay yap\u0131labilmesi i\u00e7in \u00e7al\u0131\u015fmalar ba\u015flat\u0131lacak.\u00a0Enerji yat\u0131r\u0131m s\u00fcre\u00e7lerini kolayla\u015ft\u0131rmak \u00fczere Enerji Piyasas\u0131 D\u00fczenleme Kurumu (EPDK) taraf\u0131ndan lisans, ruhsat, izin i\u015flemlerinde istenen belgelerin azalt\u0131lmas\u0131 ve elektronik ortamda temini m\u00fcmk\u00fcn olan belgelerin ba\u015fvuru sahiplerinden al\u0131nmamas\u0131 y\u00f6n\u00fcnde d\u00fczenleme yap\u0131lacak.<\/p>\n<h3 style=\"font-weight: 400; color: #111111;\"><strong>MTA yurtd\u0131\u015f\u0131na\u00a0a\u00e7\u0131lacak<\/strong><\/h3>\n<p style=\"color: #0a0a0a;\">T\u00fcrkiye 2016 y\u0131l\u0131nda yerli ve yenilenebilir enerji kaynaklar\u0131n\u0131n kullan\u0131m\u0131 ve geli\u015ftirilmesi i\u00e7in tedbirler alacak. Enerji ve Tabii Kaynaklar Bakanl\u0131\u011f\u0131n\u0131n sorumlulu\u011funda yap\u0131lacak reformlarla, 21 Aral\u0131k 2016\u2019da tamamlanmak \u00fczere yenilenebilir enerji kaynaklar\u0131ndan elektrik \u00fcretimi yapan tesislerin kullan\u0131labilmesi i\u00e7in, hidroelektrik santrallerde pompaj ve depolama gibi modeller geli\u015ftirilecek.\u00a0Maden Tetkik Arama Enstit\u00fcs\u00fcn\u00fcn (MTA) yurtd\u0131\u015f\u0131nda madencilik faaliyetleri yapabilmesi sa\u011flanacak. \u201cT\u00fcrk sanayisinin ihtiya\u00e7 duydu\u011fu ham maddelerin yurtd\u0131\u015f\u0131ndan da temini i\u00e7in, proje bazl\u0131 arama, geli\u015ftirme ve yat\u0131r\u0131m konular\u0131nda i\u015fbirli\u011fi yap\u0131labilmesini teminen, MTA\u2019n\u0131n kurulu\u015f kanununda gerekli de\u011fi\u015fiklikler yap\u0131lacakt\u0131r\u201d ifadelerinin kullan\u0131ld\u0131\u011f\u0131 plana g\u00f6re, bu alandaki reformlar da bir y\u0131l i\u00e7erisinde bitirilecek.<\/p>\n<h3 style=\"font-weight: 400; color: #111111;\"><strong>Sera gaz\u0131 emisyonlar\u0131 takip edilecek<\/strong><\/h3>\n<p style=\"color: #0a0a0a;\">T\u00fcrkiye sera gaz\u0131 emisyonlar\u0131na takip sistemi kuracak ve emisyonlar kay\u0131t alt\u0131na al\u0131nacak.\u00a0\u00c7evre ve \u015eehircilik Bakanl\u0131\u011f\u0131n\u0131n sorumlulu\u011funda ger\u00e7ekle\u015ftirilecek reformla enerji, ula\u015ft\u0131rma, tar\u0131m, at\u0131k sanayi, arazi kullan\u0131m\u0131 ve ormanc\u0131l\u0131k sekt\u00f6rlerinden kaynaklanan sera gaz\u0131 emisyonlar\u0131 izlenip raporlanacak. Bu ama\u00e7la ba\u015flat\u0131lacak altyap\u0131 \u00e7al\u0131\u015fmalar\u0131 ile iklim politikalar\u0131na katk\u0131 sa\u011flanacak.<\/p>\n<h3 style=\"font-weight: 400; color: #111111;\"><strong>Enerji Bakanl\u0131\u011f\u0131 ile ilgili Eylemlerin Listesi:<\/strong><\/h3>\n<h3 style=\"font-weight: 400; color: #111111;\">1- Alt i\u015fverenlik \u00e7er\u00e7evesinde as\u0131l i\u015flerde \u00e7al\u0131\u015fanlar\u0131n kamuda istihdam edilmesine y\u00f6nelik olmak \u00fczere ge\u00e7i\u015fe ili\u015fkin ko\u015fullar\u0131n, s\u00fcrenin ve uygulaman\u0131n usul ve esaslar\u0131n\u0131n belirlenece\u011fi d\u00fczenleme yap\u0131lacakt\u0131r.<\/h3>\n<h3 style=\"font-weight: 400; color: #111111;\">2- Sanayide ve evlerde kullan\u0131lan elektrikli ara\u00e7lar ile ula\u015f\u0131m ara\u00e7lar\u0131nda uygulanan vergi oranlar\u0131 enerji verimlili\u011fi a\u00e7\u0131s\u0131ndan g\u00f6zden ge\u00e7irilecektir.<\/h3>\n<h3 style=\"font-weight: 400; color: #111111;\">3- B\u00fcy\u00fck altyap\u0131 projeleri y\u00fcr\u00fcten kurumlar\u0131n planlama ve uygulama a\u015famalar\u0131nda bilgi payla\u015f\u0131m\u0131 ve ortak karar alma s\u00fcre\u00e7leri geli\u015ftirilerek projeler aras\u0131 \u00e7ak\u0131\u015fmalar ve olu\u015fabilecek ilave maliyetler \u00f6nlenecektir. Bu ama\u00e7lara y\u00f6nelik d\u00fczenlemeler yap\u0131lacak ve idari mekanizmalar olu\u015fturulacakt\u0131r.<\/h3>\n<h3 style=\"font-weight: 400; color: #111111;\">4- Enerji yat\u0131r\u0131m s\u00fcre\u00e7lerini kolayla\u015ft\u0131rmak \u00fczere EPDK taraf\u0131ndan lisans\/ruhsat\/izin i\u015flemlerinde istenen belgelerin azalt\u0131lmas\u0131 ve elektronik ortamda temini m\u00fcmk\u00fcn olan belgelerin ba\u015fvuru sahiplerinden al\u0131nmamas\u0131 y\u00f6n\u00fcnde d\u00fczenleme yap\u0131lacakt\u0131r.<\/h3>\n<h3 style=\"font-weight: 400; color: #111111;\">5- Kamuda hizmet binas\u0131 ediniminde kullan\u0131lacak y\u00f6ntem, kriter, usul ve esaslar belirlenecek ve etkin bir \u015fekilde uygulanacakt\u0131r.<\/h3>\n<h3 style=\"font-weight: 400; color: #111111;\">6- Binalarda enerji t\u00fcketiminin azalt\u0131lmas\u0131 i\u00e7in Enerji Verimlili\u011fi Kanunu, \u0130mar Kanunu ve ilgili di\u011fer kanun ve y\u00f6netmeliklerde de\u011fi\u015fiklikler yap\u0131lacak ve enerji verimli binalar olu\u015fturulacakt\u0131r.<\/h3>\n<h3 style=\"font-weight: 400; color: #111111;\">7- Yerli enerji kaynaklar\u0131m\u0131za y\u00f6nelik potansiyelimizin de\u011ferlendirilmesi \u00f6nem arz etmektedir. Bu \u00e7er\u00e7evede yenilenebilir enerji kaynaklar\u0131n\u0131n geli\u015ftirilmesi i\u00e7in gerekli \u00e7al\u0131\u015fmalar yap\u0131lacak, yenilenebilir elektrik \u00fcretim tesislerinin etkin olarak kullan\u0131labilmesi i\u00e7in, hidroelektrik santrallerde pompaj depolama gibi, modeller geli\u015ftirilecektir.<\/h3>\n<h3 style=\"font-weight: 400; color: #111111;\">8- \u00dcst orta ve y\u00fcksek teknolojili \u00fcr\u00fcnlerde kamu al\u0131m garantisine dayal\u0131 \u00fcretim yap\u0131labilmesi i\u00e7in geli\u015ftirilecek \u00fcr\u00fcn bazl\u0131 yerli tedarik modelleri hayata ge\u00e7irilecektir.<\/h3>\n<h3 style=\"font-weight: 400; color: #111111;\">9- Sera gaz\u0131 emisyonlar\u0131 kay\u0131t alt\u0131na al\u0131nacakt\u0131r. Bu \u00e7er\u00e7evede enerji, ula\u015ft\u0131rma, tar\u0131m, at\u0131k sanayii, arazi kullan\u0131m\u0131 ve ormanc\u0131l\u0131k sekt\u00f6rleri i\u00e7in sera gaz\u0131 emisyon izleme ve raporlama altyap\u0131s\u0131 kurulacak ve iklim de\u011fi\u015fikli\u011fi m\u00fccadele politikalar\u0131na katk\u0131 sa\u011flanacakt\u0131r.<\/h3>\n<p style=\"color: #0a0a0a;\"><strong>64. H\u00fck\u00fcmet Eylem plan\u0131 i\u00e7in\u00a0<a style=\"color: #1e73be;\" href=\"http:\/\/www.basbakanlik.gov.tr\/docs\/KurumsalHaberler\/64.hukumet-eylem-plani-kitap.pdf\" target=\"_blank\" rel=\"nofollow\">t\u0131klay\u0131n\u0131z<\/a>.<\/strong><\/p>\n<p style=\"color: #0a0a0a;\">Kaynak: Enerji Enstit\u00fcs\u00fc<\/p>\n<p><\/p>","protected":false},"excerpt":{"rendered":"<p>Sorry, this entry is only available in Turkish. For the sake of viewer convenience, the content is shown below in the alternative language. You may click the link to switch the active language. 64. H\u00fck\u00fcmet\u2019in 2016 Y\u0131l\u0131 Eylem Plan\u0131\u2019nda, yerli ve yenilenebilir enerji kaynak kullan\u0131m\u0131n\u0131n art\u0131r\u0131lmas\u0131 ve enerji verimlili\u011fine vurgu yap\u0131l\u0131rken, enerji yat\u0131r\u0131m s\u00fcre\u00e7lerini kolayla\u015ft\u0131rmak [&hellip;]<\/p>\n","protected":false},"author":1,"featured_media":47876,"comment_status":"open","ping_status":"open","sticky":false,"template":"","format":"standard","meta":[],"categories":[53],"tags":[27413,63,67,1009,2698,165,27451,27452,27453],"views":1025,"_links":{"self":[{"href":"https:\/\/www.enerjigazetesi.ist\/en\/wp-json\/wp\/v2\/posts\/47875"}],"collection":[{"href":"https:\/\/www.enerjigazetesi.ist\/en\/wp-json\/wp\/v2\/posts"}],"about":[{"href":"https:\/\/www.enerjigazetesi.ist\/en\/wp-json\/wp\/v2\/types\/post"}],"author":[{"embeddable":true,"href":"https:\/\/www.enerjigazetesi.ist\/en\/wp-json\/wp\/v2\/users\/1"}],"replies":[{"embeddable":true,"href":"https:\/\/www.enerjigazetesi.ist\/en\/wp-json\/wp\/v2\/comments?post=47875"}],"version-history":[{"count":3,"href":"https:\/\/www.enerjigazetesi.ist\/en\/wp-json\/wp\/v2\/posts\/47875\/revisions"}],"predecessor-version":[{"id":47879,"href":"https:\/\/www.enerjigazetesi.ist\/en\/wp-json\/wp\/v2\/posts\/47875\/revisions\/47879"}],"wp:featuredmedia":[{"embeddable":true,"href":"https:\/\/www.enerjigazetesi.ist\/en\/wp-json\/wp\/v2\/media\/47876"}],"wp:attachment":[{"href":"https:\/\/www.enerjigazetesi.ist\/en\/wp-json\/wp\/v2\/media?parent=47875"}],"wp:term":[{"taxonomy":"category","embeddable":true,"href":"https:\/\/www.enerjigazetesi.ist\/en\/wp-json\/wp\/v2\/categories?post=47875"},{"taxonomy":"post_tag","embeddable":true,"href":"https:\/\/www.enerjigazetesi.ist\/en\/wp-json\/wp\/v2\/tags?post=47875"}],"curies":[{"name":"wp","href":"https:\/\/api.w.org\/{rel}","templated":true}]}}