{"id":47791,"date":"2015-12-12T14:11:15","date_gmt":"2015-12-12T11:11:15","guid":{"rendered":"https:\/\/www.enerjigazetesi.ist\/?p=47791"},"modified":"2015-12-12T14:11:15","modified_gmt":"2015-12-12T11:11:15","slug":"petrol-fiyatlarinin-gerilemesi-hava-yolu-sirketlerine-yariyor","status":"publish","type":"post","link":"https:\/\/www.enerjigazetesi.ist\/en\/petrol-fiyatlarinin-gerilemesi-hava-yolu-sirketlerine-yariyor\/","title":{"rendered":"(Turkish) Petrol Fiyatlar\u0131n\u0131n Gerilemesi Hava Yolu \u015eirketlerine Yar\u0131yor&#8230;"},"content":{"rendered":"<p class=\"qtranxs-available-languages-message qtranxs-available-languages-message-en\">Sorry, this entry is only available in <a href=\"https:\/\/www.enerjigazetesi.ist\/tr\/wp-json\/wp\/v2\/posts\/47791\" class=\"qtranxs-available-language-link qtranxs-available-language-link-tr\" title=\"Turkish\">Turkish<\/a>. For the sake of viewer convenience, the content is shown below in the alternative language. You may click the link to switch the active language.<\/p><p><strong>Gerileyen petrol fiyatlar\u0131 baz\u0131 sekt\u00f6rleri a\u011f\u0131r bir krize s\u00fcr\u00fcklerken hava yolu ta\u015f\u0131mac\u0131l\u0131\u011f\u0131 \u015firketlerinin kar\u0131n\u0131 art\u0131rmas\u0131n\u0131 sa\u011fl\u0131yor.<\/strong><a href=\"https:\/\/www.enerjigazetesi.ist\/wp-content\/uploads\/2015\/12\/petrol-fiyatlarinin-gerilemesi-hava-yolu-sirketlerine-yariyor.jpg\"><img loading=\"lazy\" class=\"alignleft wp-image-47792 size-medium\" src=\"https:\/\/www.enerjigazetesi.ist\/wp-content\/uploads\/2015\/12\/petrol-fiyatlarinin-gerilemesi-hava-yolu-sirketlerine-yariyor-300x165.jpg\" alt=\"petrol-fiyatlarinin-gerilemesi-hava-yolu-sirketlerine-yariyor\" width=\"300\" height=\"165\" srcset=\"https:\/\/www.enerjigazetesi.ist\/wp-content\/uploads\/2015\/12\/petrol-fiyatlarinin-gerilemesi-hava-yolu-sirketlerine-yariyor-300x165.jpg 300w, https:\/\/www.enerjigazetesi.ist\/wp-content\/uploads\/2015\/12\/petrol-fiyatlarinin-gerilemesi-hava-yolu-sirketlerine-yariyor-500x276.jpg 500w, https:\/\/www.enerjigazetesi.ist\/wp-content\/uploads\/2015\/12\/petrol-fiyatlarinin-gerilemesi-hava-yolu-sirketlerine-yariyor-80x44.jpg 80w, https:\/\/www.enerjigazetesi.ist\/wp-content\/uploads\/2015\/12\/petrol-fiyatlarinin-gerilemesi-hava-yolu-sirketlerine-yariyor.jpg 696w\" sizes=\"(max-width: 300px) 100vw, 300px\" \/><\/a><\/p>\n<p>Uluslararas\u0131 Hava Ta\u015f\u0131mac\u0131l\u0131\u011f\u0131 Birli\u011fi, bu y\u0131l baz\u0131 noktalar i\u00e7in ter\u00f6r endi\u015fesi y\u00fcz\u00fcnden gerileyen taleplere ra\u011fmen, \u00f6n\u00fcm\u00fczdeki y\u0131l, hava yolu \u015firketlerinin k\u00e2rlar\u0131n\u0131 art\u0131racaklar\u0131n\u0131 tahmin ediyor.<\/p>\n<p>Hava yolu trafi\u011finin y\u00fczde 83\u2019\u00fcne hakim olan 260 \u015firketin temsil edildi\u011fi birlik, verilerinde, bu \u015firketlerin net k\u00e2r\u0131n\u0131n 2016 y\u0131l\u0131nda 36.3 milyar Dolar\u2019a \u00e7\u0131kaca\u011f\u0131n\u0131 \u00f6ng\u00f6r\u00fcyor.<\/p>\n<p>Bu rakam, 2015 y\u0131l\u0131 i\u00e7in 33 milyar Dolar olarak a\u00e7\u0131klanm\u0131\u015ft\u0131.<\/p>\n<p>Kaynak: Enerji Enstit\u00fcs\u00fc<\/p>","protected":false},"excerpt":{"rendered":"<p>Sorry, this entry is only available in Turkish. For the sake of viewer convenience, the content is shown below in the alternative language. You may click the link to switch the active language.Gerileyen petrol fiyatlar\u0131 baz\u0131 sekt\u00f6rleri a\u011f\u0131r bir krize s\u00fcr\u00fcklerken hava yolu ta\u015f\u0131mac\u0131l\u0131\u011f\u0131 \u015firketlerinin kar\u0131n\u0131 art\u0131rmas\u0131n\u0131 sa\u011fl\u0131yor. Uluslararas\u0131 Hava Ta\u015f\u0131mac\u0131l\u0131\u011f\u0131 Birli\u011fi, bu y\u0131l baz\u0131 [&hellip;]<\/p>\n","protected":false},"author":1,"featured_media":47792,"comment_status":"open","ping_status":"open","sticky":false,"template":"","format":"standard","meta":[],"categories":[53,44],"tags":[63,67,1009,2698,165,27404,27405,27406,59,79,347,2522],"views":733,"_links":{"self":[{"href":"https:\/\/www.enerjigazetesi.ist\/en\/wp-json\/wp\/v2\/posts\/47791"}],"collection":[{"href":"https:\/\/www.enerjigazetesi.ist\/en\/wp-json\/wp\/v2\/posts"}],"about":[{"href":"https:\/\/www.enerjigazetesi.ist\/en\/wp-json\/wp\/v2\/types\/post"}],"author":[{"embeddable":true,"href":"https:\/\/www.enerjigazetesi.ist\/en\/wp-json\/wp\/v2\/users\/1"}],"replies":[{"embeddable":true,"href":"https:\/\/www.enerjigazetesi.ist\/en\/wp-json\/wp\/v2\/comments?post=47791"}],"version-history":[{"count":1,"href":"https:\/\/www.enerjigazetesi.ist\/en\/wp-json\/wp\/v2\/posts\/47791\/revisions"}],"predecessor-version":[{"id":47793,"href":"https:\/\/www.enerjigazetesi.ist\/en\/wp-json\/wp\/v2\/posts\/47791\/revisions\/47793"}],"wp:featuredmedia":[{"embeddable":true,"href":"https:\/\/www.enerjigazetesi.ist\/en\/wp-json\/wp\/v2\/media\/47792"}],"wp:attachment":[{"href":"https:\/\/www.enerjigazetesi.ist\/en\/wp-json\/wp\/v2\/media?parent=47791"}],"wp:term":[{"taxonomy":"category","embeddable":true,"href":"https:\/\/www.enerjigazetesi.ist\/en\/wp-json\/wp\/v2\/categories?post=47791"},{"taxonomy":"post_tag","embeddable":true,"href":"https:\/\/www.enerjigazetesi.ist\/en\/wp-json\/wp\/v2\/tags?post=47791"}],"curies":[{"name":"wp","href":"https:\/\/api.w.org\/{rel}","templated":true}]}}