{"id":47788,"date":"2015-12-12T10:47:01","date_gmt":"2015-12-12T07:47:01","guid":{"rendered":"https:\/\/www.enerjigazetesi.ist\/?p=47788"},"modified":"2015-12-12T15:29:10","modified_gmt":"2015-12-12T12:29:10","slug":"turkiye-yenilenebilir-enerji-kaynaklarina-yonelmeli-2","status":"publish","type":"post","link":"https:\/\/www.enerjigazetesi.ist\/en\/turkiye-yenilenebilir-enerji-kaynaklarina-yonelmeli-2\/","title":{"rendered":"(Turkish) \u201cT\u00fcrkiye Yenilenebilir Enerji Kaynaklar\u0131na Y\u00f6nelmeli!\u201d"},"content":{"rendered":"<p class=\"qtranxs-available-languages-message qtranxs-available-languages-message-en\">Sorry, this entry is only available in <a href=\"https:\/\/www.enerjigazetesi.ist\/tr\/wp-json\/wp\/v2\/posts\/47788\" class=\"qtranxs-available-language-link qtranxs-available-language-link-tr\" title=\"Turkish\">Turkish<\/a>. For the sake of viewer convenience, the content is shown below in the alternative language. You may click the link to switch the active language.<\/p><p><\/p>\n<p style=\"color: #666666;\"><strong style=\"font-weight: bold; color: #222222;\"><a href=\"https:\/\/www.enerjigazetesi.ist\/wp-content\/uploads\/2015\/12\/alternatif-enerji-yenilenebilir-enerji-500x500_c1.gif\"><img loading=\"lazy\" class=\"alignright size-medium wp-image-47789\" src=\"https:\/\/www.enerjigazetesi.ist\/wp-content\/uploads\/2015\/12\/alternatif-enerji-yenilenebilir-enerji-500x500_c1-300x300.gif\" alt=\"alternatif-enerji-yenilenebilir-enerji-500x500_c\" width=\"300\" height=\"300\" srcset=\"https:\/\/www.enerjigazetesi.ist\/wp-content\/uploads\/2015\/12\/alternatif-enerji-yenilenebilir-enerji-500x500_c1-300x300.gif 300w, https:\/\/www.enerjigazetesi.ist\/wp-content\/uploads\/2015\/12\/alternatif-enerji-yenilenebilir-enerji-500x500_c1-150x150.gif 150w, https:\/\/www.enerjigazetesi.ist\/wp-content\/uploads\/2015\/12\/alternatif-enerji-yenilenebilir-enerji-500x500_c1-400x400.gif 400w, https:\/\/www.enerjigazetesi.ist\/wp-content\/uploads\/2015\/12\/alternatif-enerji-yenilenebilir-enerji-500x500_c1-50x50.gif 50w\" sizes=\"(max-width: 300px) 100vw, 300px\" \/><\/a>\u00d6\u011fretim \u00dcyesi Do\u00e7. Dr. Emre \u0130\u015feri ve \u00d6\u011fretim \u00dcyesi Yrd. Do\u00e7. Dr. Nurdan Y\u0131ld\u0131r\u0131m \u00d6zcan, T\u00fcrkiye\u2019nin\u00a0<\/strong><strong style=\"font-weight: bold; color: #222222;\">yenilenebilir ve yerli enerji kaynaklar\u0131na<\/strong>\u00a0y\u00f6nelerek, bu krizi f\u0131rsata \u00e7evirebilece\u011fini s\u00f6yledi.<\/p>\n<p style=\"color: #666666;\">T\u00fcrkiye\u2019nin\u00a0<strong style=\"font-weight: bold; color: #222222;\">yenilenebilir enerji kaynaklar\u0131na<\/strong>\u00a0y\u00f6nelmesi gerekti\u011fi \u00e7e\u015fitli uzman ve akademisyenler taraf\u0131ndan hemen her platformda dile getiriliyor.<\/p>\n<p style=\"color: #666666;\">www.haber3.com\u2019un haberine g\u00f6re, Ya\u015far \u00dcniversitesi Uluslararas\u0131 \u0130li\u015fkiler B\u00f6l\u00fcm\u00fc \u00d6\u011fretim \u00dcyesi Do\u00e7. Dr. Emre \u0130\u015feri ve Enerji Sistemleri M\u00fchendisli\u011fi B\u00f6l\u00fcm\u00fc \u00d6\u011fretim \u00dcyesi Yrd. Do\u00e7. Dr. Nurdan Y\u0131ld\u0131r\u0131m \u00d6zcan, T\u00fcrkiye\u2019nin\u00a0<strong style=\"font-weight: bold; color: #222222;\">yenilenebilir ve yerli enerji kaynaklar\u0131na<\/strong>\u00a0y\u00f6nelerek, bu krizi f\u0131rsata \u00e7evirebilece\u011fini ifade etti.<\/p>\n<p style=\"color: #666666;\">T\u00fcrkiye\u2019nin\u00a0<strong style=\"font-weight: bold; color: #222222;\">enerji<\/strong>\u00a0konusunda do\u011falgaz ve ithal k\u00f6m\u00fcr sebebiyle b\u00fcy\u00fck \u00f6l\u00e7\u00fcde Rusya\u2019ya ba\u011f\u0131ml\u0131 oldu\u011funu s\u00f6yleyen Do\u00e7. Dr. \u0130\u015feri, \u201c<strong style=\"font-weight: bold; color: #222222;\">Enerji<\/strong>i\u00e7in bu kadar Rusya\u2019ya ba\u011f\u0131ml\u0131yken b\u00f6lgede etki sahibi olamazs\u0131n\u0131z. Alternatif olarak d\u00fc\u015f\u00fcn\u00fclen n\u00fckleer enerjide de adres Rusya. Belki bu kriz ,T\u00fcrkiye i\u00e7in hay\u0131rlara vesile olur. Rusya krizi, f\u0131rsata \u00e7evrilmelidir. Acilen bunlara \u00e7\u00f6z\u00fcm bulmal\u0131 ve\u00a0<strong style=\"font-weight: bold; color: #222222;\">g\u00fcne\u015f enerjisi, r\u00fczgar enerjisi gibi kendi \u00f6z kaynaklar\u0131m\u0131za y\u00f6nelmeli<\/strong>, bunu devlet politikas\u0131 haline getirmeliyiz.\u201d dedi.<\/p>\n<p style=\"color: #666666;\">haberin devam\u0131 i\u00e7in\u00a0<a style=\"color: #fc8d8d;\" href=\"http:\/\/www.haber3.com\/turkiye-yilda-tukettigi-elektrigin-iki-katini-sadece-ruzgarla-uretir-3721153h.htm\" target=\"_blank\">t\u0131klay\u0131n<\/a><\/p>\n<p><\/p>","protected":false},"excerpt":{"rendered":"<p>Sorry, this entry is only available in Turkish. For the sake of viewer convenience, the content is shown below in the alternative language. You may click the link to switch the active language. \u00d6\u011fretim \u00dcyesi Do\u00e7. Dr. Emre \u0130\u015feri ve \u00d6\u011fretim \u00dcyesi Yrd. Do\u00e7. Dr. Nurdan Y\u0131ld\u0131r\u0131m \u00d6zcan, T\u00fcrkiye\u2019nin\u00a0yenilenebilir ve yerli enerji kaynaklar\u0131na\u00a0y\u00f6nelerek, bu krizi [&hellip;]<\/p>\n","protected":false},"author":1,"featured_media":47789,"comment_status":"open","ping_status":"open","sticky":false,"template":"","format":"standard","meta":[],"categories":[53,49,50],"tags":[13,16,105],"views":1158,"_links":{"self":[{"href":"https:\/\/www.enerjigazetesi.ist\/en\/wp-json\/wp\/v2\/posts\/47788"}],"collection":[{"href":"https:\/\/www.enerjigazetesi.ist\/en\/wp-json\/wp\/v2\/posts"}],"about":[{"href":"https:\/\/www.enerjigazetesi.ist\/en\/wp-json\/wp\/v2\/types\/post"}],"author":[{"embeddable":true,"href":"https:\/\/www.enerjigazetesi.ist\/en\/wp-json\/wp\/v2\/users\/1"}],"replies":[{"embeddable":true,"href":"https:\/\/www.enerjigazetesi.ist\/en\/wp-json\/wp\/v2\/comments?post=47788"}],"version-history":[{"count":1,"href":"https:\/\/www.enerjigazetesi.ist\/en\/wp-json\/wp\/v2\/posts\/47788\/revisions"}],"predecessor-version":[{"id":47790,"href":"https:\/\/www.enerjigazetesi.ist\/en\/wp-json\/wp\/v2\/posts\/47788\/revisions\/47790"}],"wp:featuredmedia":[{"embeddable":true,"href":"https:\/\/www.enerjigazetesi.ist\/en\/wp-json\/wp\/v2\/media\/47789"}],"wp:attachment":[{"href":"https:\/\/www.enerjigazetesi.ist\/en\/wp-json\/wp\/v2\/media?parent=47788"}],"wp:term":[{"taxonomy":"category","embeddable":true,"href":"https:\/\/www.enerjigazetesi.ist\/en\/wp-json\/wp\/v2\/categories?post=47788"},{"taxonomy":"post_tag","embeddable":true,"href":"https:\/\/www.enerjigazetesi.ist\/en\/wp-json\/wp\/v2\/tags?post=47788"}],"curies":[{"name":"wp","href":"https:\/\/api.w.org\/{rel}","templated":true}]}}