{"id":4776,"date":"2012-12-28T10:20:26","date_gmt":"2012-12-28T07:20:26","guid":{"rendered":"https:\/\/www.enerjigazetesi.ist\/?p=4776"},"modified":"2012-12-28T10:43:54","modified_gmt":"2012-12-28T07:43:54","slug":"bakan-yildiz-iaosb-enerji-verimliligi-ovgu","status":"publish","type":"post","link":"https:\/\/www.enerjigazetesi.ist\/en\/bakan-yildiz-iaosb-enerji-verimliligi-ovgu\/","title":{"rendered":"(Turkish) Bakan Y\u0131ld\u0131z\u2019dan \u0130aosb\u2019ye Enerji Verimlili\u011fi \u00d6vg\u00fcs\u00fc"},"content":{"rendered":"<p class=\"qtranxs-available-languages-message qtranxs-available-languages-message-en\">Sorry, this entry is only available in <a href=\"https:\/\/www.enerjigazetesi.ist\/tr\/wp-json\/wp\/v2\/posts\/4776\" class=\"qtranxs-available-language-link qtranxs-available-language-link-tr\" title=\"Turkish\">Turkish<\/a>. For the sake of viewer convenience, the content is shown below in the alternative language. You may click the link to switch the active language.<\/p><p><strong>Ankara Sanayi Odas\u0131 1.Organize Sanayi B\u00f6lgesi\u2019nde yap\u0131lan \u201cEnerji Verimlili\u011fi Proje Tan\u0131t\u0131m Toplant\u0131s\u0131nda, Enerji ve Tabii Kaynaklar Bakan\u0131 Taner Y\u0131ld\u0131z, \u0130zmir Atat\u00fcrk Organize Sanayi B\u00f6lgesi\u2019 nde y\u00fcr\u00fct\u00fclen Enerji Verimlili\u011fi \u00e7al\u0131\u015fmalar\u0131n\u0131 \u00f6rnek g\u00f6sterdi.<\/strong><\/p>\n<p>Ankara Sanayi Odas\u0131 1.Organize Sanayi B\u00f6lgesi\u2019nde yap\u0131lan \u201cEnerji Verimlili\u011fi Proje Tan\u0131t\u0131m Toplant\u0131s\u0131nda, Enerji ve Tabii Kaynaklar Bakan\u0131 Taner Y\u0131ld\u0131z, \u0130zmir Atat\u00fcrk Organize Sanayi B\u00f6lgesi\u2019 nde y\u00fcr\u00fct\u00fclen Enerji Verimlili\u011fi \u00e7al\u0131\u015fmalar\u0131n\u0131 \u00f6rnek g\u00f6sterdi.<\/p>\n<p><img loading=\"lazy\" class=\"alignleft size-medium wp-image-4756\" title=\"taner-yildiz-enerji-verimliligi\" src=\"https:\/\/www.enerjigazetesi.ist\/wp-content\/uploads\/2012\/12\/taner-yildiz-enerji-verimliligi-300x223.jpg\" alt=\"\" width=\"300\" height=\"223\" srcset=\"https:\/\/www.enerjigazetesi.ist\/wp-content\/uploads\/2012\/12\/taner-yildiz-enerji-verimliligi-300x223.jpg 300w, https:\/\/www.enerjigazetesi.ist\/wp-content\/uploads\/2012\/12\/taner-yildiz-enerji-verimliligi-67x50.jpg 67w, https:\/\/www.enerjigazetesi.ist\/wp-content\/uploads\/2012\/12\/taner-yildiz-enerji-verimliligi.jpg 333w\" sizes=\"(max-width: 300px) 100vw, 300px\" \/>T\u00fcrkiye\u2019nin bir n\u00fckleer g\u00fc\u00e7 santralinden elde edilecek enerjive o yat\u0131r\u0131ma denk gelecek para kadar enerji tasarrufu yapabilece\u011fini belirten Bakan Y\u0131ld\u0131z, bu tasarrufun yakla\u015f\u0131k 23 milyar dolara denk geldi\u011fini s\u00f6yledi. Y\u0131ld\u0131z; \u201c\u00d6n\u00fcm\u00fczde \u00f6zel sekt\u00f6r\u00fcn cebine girecek paray\u0131 ve kamunun da kazanaca\u011f\u0131 paray\u0131 olu\u015fturacak bir model var. ABD ile i\u015fbirli\u011fi yap\u0131larak ilkuygulamas\u0131 \u0130zmir\u2019de Atat\u00fcrk Organize Sanayi B\u00f6lgesinde ger\u00e7ekle\u015ftirilen ve ba\u015far\u0131l\u0131sonu\u00e7lar veren Enerji Verimlili\u011fi Projesinin, b\u00fct\u00fcn organize sanayi b\u00f6lgelerinde uygulanabilece\u011fine inan\u0131yoruz.\u201d dedi.<\/p>\n<p>Ayn\u0131 toplant\u0131da konu\u015fan ABD Enerji Bakanl\u0131\u011f\u0131, Politika ve Uluslararas\u0131 \u0130\u015flerden Sorumlu M\u00fcste\u015far Yard\u0131mc\u0131s\u0131 Andrea Lockwood ise \u201c\u0130AOSB\u2019deki enerji verimlili\u011fi projesi ge\u00e7ti\u011fimiz g\u00fcnlerde tamamland\u0131 ve \u00e7ok \u00e7arp\u0131c\u0131 sonu\u00e7lar elde edildi. Projede yer alan 20 \u015firkette 6,1milyon dolar tasarruf imkan\u0131 do\u011fdu. Burada sadece 20 \u015firkette yakla\u015f\u0131k 67 milyon kilowatt saatten bahsediyoruz . T\u00fcrkiye\u2019deki 52 bin \u015firketin y\u00fczde 10\u2019unda bu projeyi uygularsak ne kadar muazzam bir tasarruf miktar\u0131n\u0131n ortaya \u00e7\u0131kaca\u011f\u0131n\u0131 d\u00fc\u015f\u00fcn\u00fcn. Sadece \u0130AOSB\u2019deki 20 \u015firkette ortalama y\u00fczde 24 enerji tasarrufu sa\u011fland\u0131. Baz\u0131 \u015firketlerde bu oran y\u00fczde 40\u2019lara vard\u0131. \u0130AOSB\u2019deki uygulamalar\u0131n i\u00e7 geriye d\u00f6n\u00fc\u015f oran\u0131 ise y\u00fczde 56 idi, e\u011fer bu \u015fekilde tasarruf sa\u011flan\u0131rsa do\u011falgaz ithalat\u0131n\u0131 y\u00fczde 6 oran\u0131nda azaltmak m\u00fcmk\u00fcnd\u00fcr. 32 bin metrek\u00fcp karbondioksit sal\u0131n\u0131m\u0131 da azalt\u0131labilir, bunlar bizce b\u00fcy\u00fck ba\u015far\u0131lard\u0131r. Umar\u0131m \u0130zmir\u2019de elde edilen bu ba\u015far\u0131lar t\u00fcm T\u00fcrkiye\u2019ye ve d\u00fcnyaya yay\u0131l\u0131r\u201d dedi.<\/p>\n<p>Toplant\u0131daki konu\u015fmalar\u0131 de\u011ferlendiren \u0130AOSB Ba\u015fkan\u0131 Hilmi U\u011furta\u015f ise \u201c\u00fclkemizin bug\u00fcnleri ve gelece\u011fi i\u00e7in bu denli stratejik \u00f6nemi olan bir alanda \u00f6nc\u00fc olman\u0131n gururunu ya\u015f\u0131yoruz. Enerji verimlili\u011fi mikro \u00f6l\u00e7ekte \u015firketlerimiz i\u00e7in, makro \u00f6l\u00e7ekte ise \u00fclke ekonomimiz i\u00e7in \u00e7ok b\u00fcy\u00fck de\u011fere sahiptir. Ayr\u0131ca, \u00e7evresel etkileri bak\u0131m\u0131ndan da ya\u015fanabilir bir d\u00fcnya i\u00e7in, vazge\u00e7ilemez bir uygulamad\u0131r. Bizlerin de dile\u011fi, ABD ile i\u015fbirli\u011fi i\u00e7in b\u00f6lgemizde ger\u00e7ekle\u015ftirilen bu projenin yarataca\u011f\u0131 fark\u0131ndal\u0131k ile \u00fclkemizdeki t\u00fcm sanayi kurulu\u015flar\u0131na \u00f6rnek olmas\u0131d\u0131r\u201d dedi.<\/p>\n<p>Kaynak: <a href=\"http:\/\/www.haberciniz.biz\/bakan-yildizdan-iaosbye-ovgu-1798282h.htm\" target=\"_blank\">Haberciniz<\/a><\/p>","protected":false},"excerpt":{"rendered":"<p>Sorry, this entry is only available in Turkish. For the sake of viewer convenience, the content is shown below in the alternative language. You may click the link to switch the active language.Ankara Sanayi Odas\u0131 1.Organize Sanayi B\u00f6lgesi\u2019nde yap\u0131lan \u201cEnerji Verimlili\u011fi Proje Tan\u0131t\u0131m Toplant\u0131s\u0131nda, Enerji ve Tabii Kaynaklar Bakan\u0131 Taner Y\u0131ld\u0131z, \u0130zmir Atat\u00fcrk Organize Sanayi [&hellip;]<\/p>\n","protected":false},"author":1,"featured_media":3287,"comment_status":"open","ping_status":"open","sticky":false,"template":"","format":"standard","meta":[],"categories":[53,52],"tags":[1605,67,12,1608,1607,1606],"views":623,"_links":{"self":[{"href":"https:\/\/www.enerjigazetesi.ist\/en\/wp-json\/wp\/v2\/posts\/4776"}],"collection":[{"href":"https:\/\/www.enerjigazetesi.ist\/en\/wp-json\/wp\/v2\/posts"}],"about":[{"href":"https:\/\/www.enerjigazetesi.ist\/en\/wp-json\/wp\/v2\/types\/post"}],"author":[{"embeddable":true,"href":"https:\/\/www.enerjigazetesi.ist\/en\/wp-json\/wp\/v2\/users\/1"}],"replies":[{"embeddable":true,"href":"https:\/\/www.enerjigazetesi.ist\/en\/wp-json\/wp\/v2\/comments?post=4776"}],"version-history":[{"count":3,"href":"https:\/\/www.enerjigazetesi.ist\/en\/wp-json\/wp\/v2\/posts\/4776\/revisions"}],"predecessor-version":[{"id":4791,"href":"https:\/\/www.enerjigazetesi.ist\/en\/wp-json\/wp\/v2\/posts\/4776\/revisions\/4791"}],"wp:featuredmedia":[{"embeddable":true,"href":"https:\/\/www.enerjigazetesi.ist\/en\/wp-json\/wp\/v2\/media\/3287"}],"wp:attachment":[{"href":"https:\/\/www.enerjigazetesi.ist\/en\/wp-json\/wp\/v2\/media?parent=4776"}],"wp:term":[{"taxonomy":"category","embeddable":true,"href":"https:\/\/www.enerjigazetesi.ist\/en\/wp-json\/wp\/v2\/categories?post=4776"},{"taxonomy":"post_tag","embeddable":true,"href":"https:\/\/www.enerjigazetesi.ist\/en\/wp-json\/wp\/v2\/tags?post=4776"}],"curies":[{"name":"wp","href":"https:\/\/api.w.org\/{rel}","templated":true}]}}