{"id":47712,"date":"2015-12-10T15:48:09","date_gmt":"2015-12-10T12:48:09","guid":{"rendered":"https:\/\/www.enerjigazetesi.ist\/?p=47712"},"modified":"2015-12-10T15:48:09","modified_gmt":"2015-12-10T12:48:09","slug":"turkiye-dogal-kaynaklarla-elektrik-uretip-disa-bagimliligini-azaltacak","status":"publish","type":"post","link":"https:\/\/www.enerjigazetesi.ist\/en\/turkiye-dogal-kaynaklarla-elektrik-uretip-disa-bagimliligini-azaltacak\/","title":{"rendered":"(Turkish) T\u00fcrkiye Do\u011fal Kaynaklarla Elektrik \u00dcretip D\u0131\u015fa Ba\u011f\u0131ml\u0131l\u0131\u011f\u0131n\u0131 Azaltacak&#8230;"},"content":{"rendered":"<p class=\"qtranxs-available-languages-message qtranxs-available-languages-message-en\">Sorry, this entry is only available in <a href=\"https:\/\/www.enerjigazetesi.ist\/tr\/wp-json\/wp\/v2\/posts\/47712\" class=\"qtranxs-available-language-link qtranxs-available-language-link-tr\" title=\"Turkish\">Turkish<\/a>. For the sake of viewer convenience, the content is shown below in the alternative language. You may click the link to switch the active language.<\/p><p><strong>T\u00fcrkiye ge\u00e7ti<\/strong><strong>\u011f<\/strong><strong>imiz y<\/strong><strong>\u0131<\/strong><strong>la g<\/strong><strong>\u00f6<\/strong><strong>re elektrik t<\/strong><strong>\u00fc<\/strong><strong>ketimini y<\/strong><strong>\u00fc<\/strong><strong>zde 4,2 art<\/strong><strong>\u0131<\/strong><strong>rarak 2015 y<\/strong><strong>\u0131<\/strong><strong>l<\/strong><strong>\u0131<\/strong><strong> sonunda 268 milyar kilovatsaate ula<\/strong><strong>\u015f<\/strong><strong>t<\/strong><strong>\u0131<\/strong><strong>. Yunanistan, Bulgaristan ve <\/strong><strong>\u0130<\/strong><strong>ran<\/strong><strong>\u2019<\/strong><strong>dan elektrik ithal eden T<\/strong><strong>\u00fc<\/strong><strong>rkiye, tezekten <\/strong><strong>\u00fc<\/strong><strong>retece<\/strong><strong>\u011f<\/strong><strong>i elektrik ile d<\/strong><strong>\u0131\u015f<\/strong><strong>a ba<\/strong><strong>\u011f\u0131<\/strong><strong>ml<\/strong><strong>\u0131<\/strong><strong>l<\/strong><strong>\u0131\u011f\u0131<\/strong><strong>n<\/strong><strong>\u0131<\/strong><strong> azaltmay<\/strong><strong>\u0131<\/strong><strong> hedefliyor. <\/strong><\/p>\n<p>Bu kapsamda geli\u015fmeleri ve yenilikleri payla\u015fmak \u00fczere biyoenerji sekt\u00f6r\u00fc temsilcilerinin bir araya gelece\u011fi Biyogaz, Biyok\u00fctle, Biyodizel Enerji Teknolojileri ve Ekipmanlar\u0131 Fuar\u0131, Demos Fuarc\u0131l\u0131k organizasyonu ile 2<a href=\"https:\/\/www.enerjigazetesi.ist\/wp-content\/uploads\/2015\/12\/turkiye-dogal-kaynaklarla-elektrik-uretip-disa-bagimliligini-azaltacak.jpg\"><img loading=\"lazy\" class=\"alignright size-medium wp-image-47713\" src=\"https:\/\/www.enerjigazetesi.ist\/wp-content\/uploads\/2015\/12\/turkiye-dogal-kaynaklarla-elektrik-uretip-disa-bagimliligini-azaltacak-300x200.jpg\" alt=\"turkiye-dogal-kaynaklarla-elektrik-uretip-disa-bagimliligini-azaltacak\" width=\"300\" height=\"200\" srcset=\"https:\/\/www.enerjigazetesi.ist\/wp-content\/uploads\/2015\/12\/turkiye-dogal-kaynaklarla-elektrik-uretip-disa-bagimliligini-azaltacak-300x200.jpg 300w, https:\/\/www.enerjigazetesi.ist\/wp-content\/uploads\/2015\/12\/turkiye-dogal-kaynaklarla-elektrik-uretip-disa-bagimliligini-azaltacak-1024x682.jpg 1024w, https:\/\/www.enerjigazetesi.ist\/wp-content\/uploads\/2015\/12\/turkiye-dogal-kaynaklarla-elektrik-uretip-disa-bagimliligini-azaltacak-500x333.jpg 500w, https:\/\/www.enerjigazetesi.ist\/wp-content\/uploads\/2015\/12\/turkiye-dogal-kaynaklarla-elektrik-uretip-disa-bagimliligini-azaltacak-74x50.jpg 74w\" sizes=\"(max-width: 300px) 100vw, 300px\" \/><\/a>1-23 Ocak 2016 tarihleri aras\u0131nda Ankara ATO Kongre ve Sergi Saray\u0131\u2019nda ger\u00e7ekle\u015fecek.<\/p>\n<p>Ayr\u0131ca, T\u00fcrkiye&#8217;nin jeotermal sekt\u00f6r\u00fcndeki tek fuar\u0131\u201c3. Jeotermal Enerji Teknolojileri ve Ekipmanlar\u0131 Fuar\u0131\u201d, \u201cEnerji Depolama &amp; Elektrikli Ara\u00e7 Teknolojileri Fuar\u0131\u201d,\u201c3. Barajlar ve HES Fuar\u0131\u201d ve enerjide boru hatt\u0131 projelerine ev sahipli\u011fi yapacak olan \u201cEnerji Boru Hatt\u0131 Ekipmanlar\u0131, G\u00fcvenlik ve Bak\u0131m Teknolojileri Fuar\u0131\u201d ayn\u0131 tarihte Ankara ATO Kongre ve Sergi Saray\u0131\u2019nda organize edilecek.<\/p>\n<p>Kom\u015fu \u00fclke Rusya ile ya\u015fanan son kriz ortam\u0131 ile birlikte T\u00fcrkiye, elektrik ithal etti\u011fi \u00fclkelerle do\u011fabilecek anla\u015fmazl\u0131klara kar\u015f\u0131 biyoenerji teknolojilerini kullanarak tezekten elektrik \u00fcretmeyi yayg\u0131nla\u015ft\u0131rmay\u0131 hedefliyor. May\u0131s 2015\u2019ten beri Ayd\u0131n\u2019\u0131n \u0130ncirliova il\u00e7esinde kurulan biyoenerji santralinde 6 bin b\u00fcy\u00fckba\u015f hayvandan g\u00fcnl\u00fck 400 ton g\u00fcbre elde ediliyor. Bu g\u00fcbreler kurulan biyoenerji tesisinde i\u015flenip, gaz ve elektrik \u00fcretiliyor. \u00dcretilen enerji yakla\u015f\u0131k 5 bin konutun elektrik ihtiyac\u0131n\u0131 kar\u015f\u0131l\u0131yor. Demos Fuarc\u0131l\u0131k, T\u00fcrkiye\u2019nin elektrik \u00fcretiminde d\u0131\u015fa ba\u011f\u0131ml\u0131l\u0131\u011f\u0131n\u0131 azaltmaya katk\u0131da bulunmak ve sekt\u00f6r hacmini geni\u015fletebilmek amac\u0131yla <strong>21-23 Ocak 2016<\/strong> tarihleri aras\u0131nda <strong>Ankara ATO Kongre ve Sergi Saray<\/strong><strong>\u0131<\/strong><strong>\u2019<\/strong><strong>nda <\/strong><strong>\u201c<\/strong><strong>Biyogaz, Biyok<\/strong><strong>\u00fc<\/strong><strong>tle, Biyodizel Enerji Teknolojileri ve Ekipmanlar<\/strong><strong>\u0131<\/strong><strong> Fuar<\/strong><strong>\u0131<\/strong><strong>\u2019<\/strong><strong>n<\/strong><strong>\u0131<\/strong><strong> organize ediyor.<\/strong><\/p>\n<p>Son y\u0131llarda devlet taraf\u0131ndan \u00fcretim tesisleri i\u00e7in sunulan te\u015fvikler ile yerli yat\u0131r\u0131mc\u0131lar\u0131n b\u00fcy\u00fck ilgi g\u00f6sterdi\u011fi yenilenebilir enerji projeleri art\u0131k ekonomisi geli\u015fmi\u015f b\u00fcy\u00fck \u00fclkelerin dikkatini \u00fclkemize \u00e7ekmeye ba\u015flad\u0131. Verimlili\u011fi olduk\u00e7a y\u00fcksek olan <strong>g\u00fcne<\/strong><strong>\u015f<\/strong>, <strong>r\u00fczg\u00e2r<\/strong>, <strong>hidrojen<\/strong> ve <strong>jeotermal enerji <\/strong>teknolojileri, \u00fclkemizin enerji alan\u0131ndaki iddias\u0131n\u0131 ortaya koyuyor. \u00dcretiminin yan\u0131 s\u0131ra gelecek 10 y\u0131lda \u00e7ok b\u00fcy\u00fck yat\u0131r\u0131mlar yap\u0131lmas\u0131 planlanan <strong>enerji depolama teknolojileri<\/strong> de fuarda sergilenerek T\u00fcrkiye\u2019nin bu alandaki hedefinin ne kadar y\u00fcksek oldu\u011funu g\u00f6zler \u00f6n\u00fcne serilecek.<\/p>\n<p>T\u00fcrkiye&#8217;nin jeotermal sekt\u00f6r\u00fcndeki tek fuar\u0131<strong> \u201c3.<\/strong> <strong>Jeotermal Enerji Teknolojileri ve Ekipmanlar<\/strong><strong>\u0131<\/strong><strong> Fuar<\/strong><strong>\u0131<\/strong><strong>\u201d<\/strong><strong>, <\/strong>sekt\u00f6r\u00fcnde \u00e7\u0131\u011f\u0131r a\u00e7acak yenilenebilir enerji depolama teknolojilerin sergilenece\u011fi<strong> \u201cEnerji Depolama &amp; Elektrikli Ara\u00e7 Teknolojileri Fuar<\/strong><strong>\u0131<\/strong><strong>\u201d<\/strong>, sekt\u00f6r\u00fcn ilk ve tek organizasyonu \u201c<strong>3.<\/strong> <strong>Barajlar ve HES Fuar<\/strong><strong>\u0131<\/strong>\u201d <strong>ve enerjide boru hatt<\/strong><strong>\u0131<\/strong><strong> projelerine ev sahipli<\/strong><strong>\u011f<\/strong><strong>i yapacak olan <\/strong><strong>\u201c<\/strong><strong>Enerji Boru Hatt<\/strong><strong>\u0131<\/strong><strong> Ekipmanlar<\/strong><strong>\u0131<\/strong><strong>, G<\/strong><strong>\u00fc<\/strong><strong>venlik ve Bak<\/strong><strong>\u0131<\/strong><strong>m Teknolojileri Fuar<\/strong><strong>\u0131<\/strong><strong>\u201d<\/strong><strong>lar<\/strong><strong>\u0131<\/strong><strong>n<\/strong><strong>\u0131<\/strong><strong>n bir arada olaca<\/strong><strong>\u011f\u0131<\/strong><strong> organizasyon, enerji sekt<\/strong><strong>\u00f6<\/strong><strong>r<\/strong><strong>\u00fc<\/strong><strong>n<\/strong><strong>\u00fc<\/strong><strong>n bulu<\/strong><strong>\u015f<\/strong><strong>ma noktas<\/strong><strong>\u0131<\/strong><strong> olacak.<\/strong><\/p>\n<p><strong>Fuar Hakk\u0131nda Detayl\u0131 Bilgi \u0130\u00e7in<\/strong>\u00a0<a href=\"http:\/\/powernextfair.com%20\" target=\"_blank\">http:\/\/powernextfair.com <\/a>adresini ziyaret edebilirsiniz.<\/p>\n<p>Kaynak: B\u00fcltenler<\/p>","protected":false},"excerpt":{"rendered":"<p>Sorry, this entry is only available in Turkish. For the sake of viewer convenience, the content is shown below in the alternative language. You may click the link to switch the active language.T\u00fcrkiye ge\u00e7ti\u011fimiz y\u0131la g\u00f6re elektrik t\u00fcketimini y\u00fczde 4,2 art\u0131rarak 2015 y\u0131l\u0131 sonunda 268 milyar kilovatsaate ula\u015ft\u0131. Yunanistan, Bulgaristan ve \u0130ran\u2019dan elektrik ithal eden [&hellip;]<\/p>\n","protected":false},"author":1,"featured_media":47713,"comment_status":"open","ping_status":"open","sticky":false,"template":"","format":"standard","meta":[],"categories":[22893,51,53,47,48],"tags":[27377,26928,27380,27375,27374,640,1678,7561,27373,68,61,19638,1451,2873,63,27378,27376,23527,67,1009,2698,165,27381,27379,58,56],"views":1233,"_links":{"self":[{"href":"https:\/\/www.enerjigazetesi.ist\/en\/wp-json\/wp\/v2\/posts\/47712"}],"collection":[{"href":"https:\/\/www.enerjigazetesi.ist\/en\/wp-json\/wp\/v2\/posts"}],"about":[{"href":"https:\/\/www.enerjigazetesi.ist\/en\/wp-json\/wp\/v2\/types\/post"}],"author":[{"embeddable":true,"href":"https:\/\/www.enerjigazetesi.ist\/en\/wp-json\/wp\/v2\/users\/1"}],"replies":[{"embeddable":true,"href":"https:\/\/www.enerjigazetesi.ist\/en\/wp-json\/wp\/v2\/comments?post=47712"}],"version-history":[{"count":1,"href":"https:\/\/www.enerjigazetesi.ist\/en\/wp-json\/wp\/v2\/posts\/47712\/revisions"}],"predecessor-version":[{"id":47714,"href":"https:\/\/www.enerjigazetesi.ist\/en\/wp-json\/wp\/v2\/posts\/47712\/revisions\/47714"}],"wp:featuredmedia":[{"embeddable":true,"href":"https:\/\/www.enerjigazetesi.ist\/en\/wp-json\/wp\/v2\/media\/47713"}],"wp:attachment":[{"href":"https:\/\/www.enerjigazetesi.ist\/en\/wp-json\/wp\/v2\/media?parent=47712"}],"wp:term":[{"taxonomy":"category","embeddable":true,"href":"https:\/\/www.enerjigazetesi.ist\/en\/wp-json\/wp\/v2\/categories?post=47712"},{"taxonomy":"post_tag","embeddable":true,"href":"https:\/\/www.enerjigazetesi.ist\/en\/wp-json\/wp\/v2\/tags?post=47712"}],"curies":[{"name":"wp","href":"https:\/\/api.w.org\/{rel}","templated":true}]}}