{"id":47701,"date":"2015-12-10T15:11:22","date_gmt":"2015-12-10T12:11:22","guid":{"rendered":"https:\/\/www.enerjigazetesi.ist\/?p=47701"},"modified":"2015-12-10T15:13:32","modified_gmt":"2015-12-10T12:13:32","slug":"zorlunun-saritepe-ve-demirciler-reslerine-gold-standard-sertifikasi","status":"publish","type":"post","link":"https:\/\/www.enerjigazetesi.ist\/en\/zorlunun-saritepe-ve-demirciler-reslerine-gold-standard-sertifikasi\/","title":{"rendered":"(Turkish) Zorlu&#8217;nun Sar\u0131tepe ve Demirciler RES&#8217;lerine \u201cGold Standard\u201d Sertifikas\u0131&#8230;"},"content":{"rendered":"<p class=\"qtranxs-available-languages-message qtranxs-available-languages-message-en\">Sorry, this entry is only available in <a href=\"https:\/\/www.enerjigazetesi.ist\/tr\/wp-json\/wp\/v2\/posts\/47701\" class=\"qtranxs-available-language-link qtranxs-available-language-link-tr\" title=\"Turkish\">Turkish<\/a>. For the sake of viewer convenience, the content is shown below in the alternative language. You may click the link to switch the active language.<\/p><p><strong>Zorlu Enerji,G\u00f6k\u00e7eda<\/strong><strong>\u011f<\/strong><strong> RES projesinden sonra, Haziran 2016<\/strong><strong>\u2019<\/strong><strong>da devreye almay<\/strong><strong>\u0131<\/strong><strong> planlad<\/strong><strong>\u0131\u011f\u0131<\/strong><strong> toplam 80,3 MW<\/strong><strong>\u2019<\/strong><strong>lik Sar<\/strong><strong>\u0131<\/strong><strong>tepe ve Demirciler R<\/strong><strong>\u00fc<\/strong><strong>zg<\/strong><strong>\u00e2<\/strong><strong>r Enerjisi Santralleri i<\/strong><strong>\u00e7<\/strong><strong>in de \u201cGold Standard\u201d sertifikas<\/strong><strong>\u0131<\/strong><strong> ald<\/strong><strong>\u0131<\/strong><strong>.K<\/strong><strong>\u00fc<\/strong><strong>resel <\/strong><strong>\u00f6<\/strong><strong>l<\/strong><strong>\u00e7<\/strong><strong>ekteki en detayl<\/strong><strong>\u0131<\/strong><strong> ve itibarl<\/strong><strong>\u0131<\/strong><strong> sertifika program<\/strong><strong>\u0131<\/strong><strong> olan Gold Standard, yenilenebilir enerji ve enerji verimlili<\/strong><strong>\u011f<\/strong><strong>i projelerinin fiili olarak CO<sub>2<\/sub> emisyonlar<\/strong><strong>\u0131<\/strong><strong>n<\/strong><strong>\u0131<\/strong><strong> d<\/strong><strong>\u00fc<\/strong><strong>\u015f<\/strong><strong>\u00fc<\/strong><strong>rd<\/strong><strong>\u00fc<\/strong><strong>\u011f<\/strong><strong>\u00fc<\/strong><strong>n<\/strong><strong>\u00fc<\/strong><strong> ve yerel halk<\/strong><strong>\u0131<\/strong><strong>n bundan yararland<\/strong><strong>\u0131\u011f\u0131<\/strong><strong>n<\/strong><strong>\u0131<\/strong><strong> g<\/strong><strong>\u00fc<\/strong><strong>vence alt<\/strong><strong>\u0131<\/strong><strong>na al<\/strong><strong>\u0131<\/strong><strong>yor. Y<\/strong><strong>\u0131<\/strong><strong>lda100 bin tona yak<\/strong><strong>\u0131<\/strong><strong>n CO<sub>2 <\/sub>emisyon azalt<\/strong><strong>\u0131<\/strong><strong>m<\/strong><strong>\u0131\u00a0<\/strong><strong>sa<\/strong><strong>\u011f<\/strong><strong>lamas<\/strong><strong>\u0131\u00a0<\/strong><strong>\u00f6<\/strong><strong>ng<\/strong><strong>\u00f6<\/strong><strong>r<\/strong><strong>\u00fc<\/strong><strong>len Sar<\/strong><strong>\u0131<\/strong><strong>tepe RES ve Demirciler RES projeleri, g<\/strong><strong>\u00f6<\/strong><strong>n<\/strong><strong>\u00fc<\/strong><strong>ll<\/strong><strong>\u00fc<\/strong><strong> piyasada <\/strong><strong>\u015f<\/strong><strong>effafl<\/strong><strong>\u0131\u011f\u0131<\/strong><strong> ve kredibiliteyi garanti ederek, y<\/strong><strong>\u00fc<\/strong><strong>ksek kaliteli karbon kredilerinin olu<\/strong><strong>\u015f<\/strong><strong>turulmas<\/strong><strong>\u0131<\/strong><strong>nda kalite g<\/strong><strong>\u00fc<\/strong><strong>vence belgesi sa<\/strong><strong>\u011f<\/strong><strong>layacak.<\/strong><\/p>\n<p><strong>Zorlu Enerji<\/strong>\u2019nin Haziran 2016\u2019da devreye al\u0131nmas\u0131 planlanan Sar\u0131tepe ve Demirciler R\u00fczg\u00e2<a href=\"https:\/\/www.enerjigazetesi.ist\/wp-content\/uploads\/2015\/12\/zorlunun-saritepe-ve-demirciler-res-projelerine-gold-standard-sertifikasi3.jpg\"><img loading=\"lazy\" class=\"alignright size-medium wp-image-47705\" src=\"https:\/\/www.enerjigazetesi.ist\/wp-content\/uploads\/2015\/12\/zorlunun-saritepe-ve-demirciler-res-projelerine-gold-standard-sertifikasi3-300x200.jpg\" alt=\"zorlunun-saritepe-ve-demirciler-res-projelerine-gold-standard-sertifikasi\" width=\"300\" height=\"200\" srcset=\"https:\/\/www.enerjigazetesi.ist\/wp-content\/uploads\/2015\/12\/zorlunun-saritepe-ve-demirciler-res-projelerine-gold-standard-sertifikasi3-300x200.jpg 300w, https:\/\/www.enerjigazetesi.ist\/wp-content\/uploads\/2015\/12\/zorlunun-saritepe-ve-demirciler-res-projelerine-gold-standard-sertifikasi3-1024x682.jpg 1024w, https:\/\/www.enerjigazetesi.ist\/wp-content\/uploads\/2015\/12\/zorlunun-saritepe-ve-demirciler-res-projelerine-gold-standard-sertifikasi3-500x333.jpg 500w, https:\/\/www.enerjigazetesi.ist\/wp-content\/uploads\/2015\/12\/zorlunun-saritepe-ve-demirciler-res-projelerine-gold-standard-sertifikasi3-75x50.jpg 75w, https:\/\/www.enerjigazetesi.ist\/wp-content\/uploads\/2015\/12\/zorlunun-saritepe-ve-demirciler-res-projelerine-gold-standard-sertifikasi3.jpg 1434w\" sizes=\"(max-width: 300px) 100vw, 300px\" \/><\/a>r Enerjisi Santralleri (RES)projeleri, s\u00fcrd\u00fcr\u00fclebilir kalk\u0131nmaya (yerel ve k\u00fcresel \u00e7evre, sosyal ve teknolojik geli\u015fim) net katk\u0131lar\u0131 nedeniyle g\u00f6n\u00fcll\u00fc karbon piyasas\u0131nda i\u015flem g\u00f6ren enerji projelerini derecelendiren standartlar aras\u0131nda en itibarl\u0131s\u0131 olan <strong>\u201cGold Standard\u201d <\/strong>sertifikas\u0131n\u0131 ald\u0131. Zorlu Enerji\u2019nin 2010 y\u0131l\u0131nda devreye ald\u0131\u011f\u0131 <strong>135 MW<\/strong>\u2019l\u0131k G\u00f6k\u00e7eda\u011f RES\u2019in de sahip oldu\u011fu <strong>\u201cGold Standard\u201d<\/strong>, yenilenebilir ve temiz enerji projelerinin \u00e7evresel ve sosyal etkileri de\u011ferlendirilerek veriliyor.Sertifika,aralar\u0131nda Birle\u015fmi\u015f Milletler\u2019in yan\u0131 s\u0131ra bir\u00e7ok ulusal h\u00fck\u00fcmet ve \u015firketlerin de bulundu\u011fu 80\u2019den fazla kurum taraf\u0131ndan destekleniyor.<\/p>\n<p><strong>\u201cGold Standard\u201d,<\/strong>Osmaniye\u2019de in\u015fas\u0131 s\u00fcren toplam <strong>80,3 MW<\/strong> kurulu g\u00fcce sahip olacak<strong>Sar<\/strong><strong>\u0131<\/strong><strong>tepe RES ve Demirciler RES<\/strong> projeleri i\u00e7in y\u00fcksek kaliteli karbon kredilerinin olu\u015fturulmas\u0131nda \u00f6nemli bir g\u00fcvence sunacak.Sar\u0131tepe RES\u2019de 61 bin 408 ton CO<sub>2<\/sub>, Demirciler RES\u2019de ise 37 bin 547 ton CO<sub>2<\/sub> olmak \u00fczere y\u0131ll\u0131k toplam <strong>100 bin tona yak<\/strong><strong>\u0131<\/strong><strong>n CO<sub>2<\/sub>emisyon azalt<\/strong><strong>\u0131<\/strong><strong>m<\/strong><strong>\u0131\u00a0<\/strong>sunmas\u0131 beklenen <strong>Sar<\/strong><strong>\u0131<\/strong><strong>tepe ve Demirciler RES\u00a0<\/strong>projelerinin karbon borsas\u0131nda toplamda yakla\u015f\u0131k 200 bin il\u00e2 250 bin Euro aras\u0131nda y\u0131ll\u0131k gelir sa\u011flayabilece\u011fi tahmin ediliyor.<\/p>\n<p>Birle\u015fmi\u015f Milletler\u2019in ba\u011f\u0131ms\u0131z g\u00fcvenilir denet\u00e7ileri taraf\u0131ndan incelenerek projelerin;<\/p>\n<p>*CO<sub>2<\/sub> emisyonlar\u0131nda fiili d\u00fc\u015f\u00fc\u015f sa\u011flamas\u0131 veya emisyon azalt\u0131mlar\u0131na katk\u0131 sa\u011flamas\u0131,<\/p>\n<p>*Yenilenebilir enerji ve \/ veya enerji verimlili\u011fi teknolojileri \u00fczerine bilgi ve deneyimini geli\u015fmekte olan \u00fclkelerle payla\u015fmas\u0131,<\/p>\n<p>*Yerel halk\u0131n projeye kat\u0131l\u0131m\u0131n\u0131 sa\u011flamas\u0131,<\/p>\n<p>*Do\u011faya sayg\u0131l\u0131 olmas\u0131, s\u00fcrd\u00fcr\u00fclebilir kalk\u0131nma g\u00f6stergelerine (biyolojik \u00e7e\u015fitlilik, do\u011fal kaynaklar\u0131n s\u00fcrd\u00fcr\u00fclebilirli\u011fi, hava ve su kalitesi vb) fayda sunmas\u0131 kriterlerine uygunlu\u011fu de\u011ferlendiriliyor ve Gold Standard sertifikas\u0131 veriliyor.<\/p>\n<p><strong>\u201cSosyal, ekonomik ve teknik geli<\/strong><strong>\u015f<\/strong><strong>meye birarada katk<\/strong><strong>\u0131<\/strong><strong> sunuyoruz<\/strong><strong>\u201d<\/strong><\/p>\n<p><strong>Zorlu Enerji Genel M\u00fcd\u00fcr\u00fc Sinan Ak<\/strong>, konuyla ilgili olarak \u015fu de\u011ferlendirmede bulundu:<\/p>\n<p><em>\u201cSar<\/em><em>\u0131<\/em><em>tepe RES ve Demirciler RES projelerimiz i<\/em><em>\u00e7<\/em><em>in Gold Standard de<\/em><em>\u011f<\/em><em>erlendirme s<\/em><em>\u00fc<\/em><em>reci Haziran 2015<\/em><em>\u2019<\/em><em>te ba<\/em><em>\u015f<\/em><em>lad<\/em><em>\u0131<\/em><em>. <\/em><em>\u0130<\/em><em>n<\/em><em>\u015f<\/em><em>aat<\/em><em>\u0131<\/em><em> devam eden ve <\/em><em>\u00f6<\/em><em>n<\/em><em>\u00fc<\/em><em>m<\/em><em>\u00fc<\/em><em>zdeki y<\/em><em>\u0131<\/em><em>l devreye alaca<\/em><em>\u011f\u0131<\/em><em>m<\/em><em>\u0131<\/em><em>z projemizin almaya hak kazand<\/em><em>\u0131\u011f\u0131<\/em><em> Gold Standard, g<\/em><em>\u00f6<\/em><em>n<\/em><em>\u00fc<\/em><em>ll<\/em><em>\u00fc<\/em><em> karbon piyasas<\/em><em>\u0131<\/em><em>nda i<\/em><em>\u015f<\/em><em>lem g\u00f6ren yenilenebilir ve temiz enerji projeleri i\u00e7in \u00f6nemli bir e<\/em><em>\u015f<\/em><em>i<\/em><em>\u011f<\/em><em>i temsil ediyor. Sosyal, ekonomik ve teknik geli<\/em><em>\u015f<\/em><em>meye birarada katk<\/em><em>\u0131<\/em><em> sa<\/em><em>\u011f<\/em><em>layan projelerimizin ald<\/em><em>\u0131\u011f\u0131<\/em><em> sertifika ile <\/em><em>\u00f6<\/em><em>rnek ve ilham verici olmalar<\/em><em>\u0131<\/em><em>n<\/em><em>\u0131<\/em><em> hedefliyoruz. Zorlu Enerji olarak t<\/em><em>\u00fc<\/em><em>m yat<\/em><em>\u0131<\/em><em>r<\/em><em>\u0131<\/em><em>mlar<\/em><em>\u0131<\/em><em>m<\/em><em>\u0131<\/em><em>zda sosyal ve <\/em><em>\u00e7<\/em><em>evresel sorumluluklar<\/em><em>\u0131<\/em><em>m<\/em><em>\u0131<\/em><em>z<\/em><em>\u0131<\/em><em> g<\/em><em>\u00f6<\/em><em>z <\/em><em>\u00f6<\/em><em>n<\/em><em>\u00fc<\/em><em>nde bulundurmaya devam edece<\/em><em>\u011f<\/em><em>iz<\/em><em>\u201d<\/em><em> dedi.<\/em><\/p>\n<p><strong>Gold Standard<\/strong> sertifikas\u0131, d\u00fcnyada 80\u2019den fazla sivil toplum \u00f6rg\u00fct\u00fc taraf\u0131ndan desteklenen ve h\u00e2lihaz\u0131rda 1100\u2019den fazla projenin sertifikaland\u0131rmas\u0131 s\u00fcrecini y\u00fcr\u00fcten <strong>Gold Standard Foundation<\/strong> taraf\u0131ndan veriliyor. 2003 y\u0131l\u0131nda Do\u011fal Hayat\u0131 Koruma Vakf\u0131 (World Wildlife Fund &#8211; WWF) ve di\u011fer sivil toplum \u00f6rg\u00fctleri taraf\u0131ndan kurulan <strong>Gold Standard Foundation<\/strong>, enerji projelerinin emisyonu azalt\u0131m\u0131 ve s\u00fcrd\u00fcr\u00fclebilirli\u011fi konular\u0131nda en iyi derecelendirmeyi sunmay\u0131 ama\u00e7l\u0131yor.<\/p>\n<p><strong>Zorlu Enerji\u2019nin,<\/strong>y\u0131lda 302 bin 675 ton CO<sub>2<\/sub><strong>emisyon azalt<\/strong><strong>\u0131<\/strong><strong>m<\/strong><strong>\u0131<\/strong><strong> sunan G<\/strong><strong>\u00f6<\/strong><strong>k<\/strong><strong>\u00e7<\/strong><strong>eda<\/strong><strong>\u011f<\/strong><strong> RES projesi 2009 y<\/strong><strong>\u0131<\/strong><strong>l<\/strong><strong>\u0131<\/strong><strong>nda, Gold Standard sertifikas<\/strong><strong>\u0131<\/strong><strong> alan d<\/strong><strong>\u00fc<\/strong><strong>nyan<\/strong><strong>\u0131<\/strong><strong>n en b<\/strong><strong>\u00fc<\/strong><strong>y<\/strong><strong>\u00fc<\/strong><strong>k yenilenebilir enerji projesi olmu<\/strong><strong>\u015f<\/strong><strong>tu. G<\/strong><strong>\u00f6<\/strong><strong>k<\/strong><strong>\u00e7<\/strong><strong>eda<\/strong><strong>\u011f<\/strong><strong> RES, ayn<\/strong><strong>\u0131<\/strong><strong> zamanda<\/strong>Uluslararas\u0131 Enerji ve \u00c7evre Fuar\u0131 ve Konferans\u0131 (ICCI) 2014 Enerji \u00d6d\u00fclleri\u2019nde \u201cR\u00fczg\u00e2r\u201d kategorisinde de \u00f6d\u00fcle lay\u0131k g\u00f6r\u00fclm\u00fc\u015ft\u00fc.<\/p>\n<p>Kaynak: B\u00fcltenler<\/p>","protected":false},"excerpt":{"rendered":"<p>Sorry, this entry is only available in Turkish. For the sake of viewer convenience, the content is shown below in the alternative language. You may click the link to switch the active language.Zorlu Enerji,G\u00f6k\u00e7eda\u011f RES projesinden sonra, Haziran 2016\u2019da devreye almay\u0131 planlad\u0131\u011f\u0131 toplam 80,3 MW\u2019lik Sar\u0131tepe ve Demirciler R\u00fczg\u00e2r Enerjisi Santralleri i\u00e7in de \u201cGold Standard\u201d [&hellip;]<\/p>\n","protected":false},"author":1,"featured_media":47704,"comment_status":"open","ping_status":"open","sticky":false,"template":"","format":"standard","meta":[],"categories":[53,50],"tags":[9509,27365,9054,63,67,1009,2698,165,27367,27368,27366,474,69,16,231,23318,4784,27364,2582,1296,842,105,10290,344,4866],"views":1302,"_links":{"self":[{"href":"https:\/\/www.enerjigazetesi.ist\/en\/wp-json\/wp\/v2\/posts\/47701"}],"collection":[{"href":"https:\/\/www.enerjigazetesi.ist\/en\/wp-json\/wp\/v2\/posts"}],"about":[{"href":"https:\/\/www.enerjigazetesi.ist\/en\/wp-json\/wp\/v2\/types\/post"}],"author":[{"embeddable":true,"href":"https:\/\/www.enerjigazetesi.ist\/en\/wp-json\/wp\/v2\/users\/1"}],"replies":[{"embeddable":true,"href":"https:\/\/www.enerjigazetesi.ist\/en\/wp-json\/wp\/v2\/comments?post=47701"}],"version-history":[{"count":3,"href":"https:\/\/www.enerjigazetesi.ist\/en\/wp-json\/wp\/v2\/posts\/47701\/revisions"}],"predecessor-version":[{"id":47708,"href":"https:\/\/www.enerjigazetesi.ist\/en\/wp-json\/wp\/v2\/posts\/47701\/revisions\/47708"}],"wp:featuredmedia":[{"embeddable":true,"href":"https:\/\/www.enerjigazetesi.ist\/en\/wp-json\/wp\/v2\/media\/47704"}],"wp:attachment":[{"href":"https:\/\/www.enerjigazetesi.ist\/en\/wp-json\/wp\/v2\/media?parent=47701"}],"wp:term":[{"taxonomy":"category","embeddable":true,"href":"https:\/\/www.enerjigazetesi.ist\/en\/wp-json\/wp\/v2\/categories?post=47701"},{"taxonomy":"post_tag","embeddable":true,"href":"https:\/\/www.enerjigazetesi.ist\/en\/wp-json\/wp\/v2\/tags?post=47701"}],"curies":[{"name":"wp","href":"https:\/\/api.w.org\/{rel}","templated":true}]}}