{"id":47698,"date":"2015-12-10T12:30:17","date_gmt":"2015-12-10T09:30:17","guid":{"rendered":"https:\/\/www.enerjigazetesi.ist\/?p=47698"},"modified":"2015-12-10T12:30:17","modified_gmt":"2015-12-10T09:30:17","slug":"38-ulkeden-jeortermal-enerjide-isbirligi","status":"publish","type":"post","link":"https:\/\/www.enerjigazetesi.ist\/en\/38-ulkeden-jeortermal-enerjide-isbirligi\/","title":{"rendered":"(Turkish) 38 \u00dclkeden Jeortermal Enerjide \u0130\u015fbirli\u011fi!"},"content":{"rendered":"<p class=\"qtranxs-available-languages-message qtranxs-available-languages-message-en\">Sorry, this entry is only available in <a href=\"https:\/\/www.enerjigazetesi.ist\/tr\/wp-json\/wp\/v2\/posts\/47698\" class=\"qtranxs-available-language-link qtranxs-available-language-link-tr\" title=\"Turkish\">Turkish<\/a>. For the sake of viewer convenience, the content is shown below in the alternative language. You may click the link to switch the active language.<\/p><p><\/p>\n<p style=\"color: #0a0a0a;\"><strong><a href=\"https:\/\/www.enerjigazetesi.ist\/wp-content\/uploads\/2015\/12\/zorlu-jeotermal-238933-696x385.jpg\"><img loading=\"lazy\" class=\"alignleft size-medium wp-image-47699\" src=\"https:\/\/www.enerjigazetesi.ist\/wp-content\/uploads\/2015\/12\/zorlu-jeotermal-238933-696x385-300x165.jpg\" alt=\"zorlu-jeotermal-238933-696x385\" width=\"300\" height=\"165\" srcset=\"https:\/\/www.enerjigazetesi.ist\/wp-content\/uploads\/2015\/12\/zorlu-jeotermal-238933-696x385-300x165.jpg 300w, https:\/\/www.enerjigazetesi.ist\/wp-content\/uploads\/2015\/12\/zorlu-jeotermal-238933-696x385-500x276.jpg 500w, https:\/\/www.enerjigazetesi.ist\/wp-content\/uploads\/2015\/12\/zorlu-jeotermal-238933-696x385-80x44.jpg 80w, https:\/\/www.enerjigazetesi.ist\/wp-content\/uploads\/2015\/12\/zorlu-jeotermal-238933-696x385.jpg 696w\" sizes=\"(max-width: 300px) 100vw, 300px\" \/><\/a>Zirvede jeotermal enerjinin elektrik \u00fcretiminde y\u00fczde 500, \u0131s\u0131tmada y\u00fczde 200 art\u0131r\u0131lmas\u0131 i\u00e7in 38 \u00fclkenin i\u015fbirli\u011fi yapaca\u011f\u0131 duyuruldu.<\/strong><span id=\"more-74597\"><\/span><\/p>\n<p style=\"color: #0a0a0a;\">Birle\u015fmi\u015f Milletler (BM) \u0130klim De\u011fi\u015fikli\u011fi Taraflar Konferans\u0131 (COP21)\u2019na kat\u0131lan 38 \u00fclkenin, k\u00fcresel jeotermal enerjinin pay\u0131n\u0131 art\u0131rmak i\u00e7in K\u00fcresel Jeotermal \u0130ttifak\u0131\u2019n\u0131 kurdu\u011fu a\u00e7\u0131kland\u0131.<\/p>\n<p style=\"color: #0a0a0a;\">Uluslararas\u0131 Yenilenebilir Enerji Ajans\u0131\u2019ndan (IRENA) yap\u0131lan yaz\u0131l\u0131 a\u00e7\u0131klamada, jeortermal ittifak\u0131 ile 38 \u00fclke ve 20\u2019den fazla sekt\u00f6r temsilcisinin, enerji \u00fcretiminde jeotermal enerjinin pay\u0131n\u0131n artt\u0131r\u0131lmas\u0131n\u0131 hedefledi\u011fi belirtildi.<\/p>\n<p style=\"color: #0a0a0a;\">Yakla\u015f\u0131k 90 \u00fclkenin jeotermal enerjisini geli\u015ftirme potansiyelinin bulundu\u011funun alt\u0131 \u00e7izilen a\u00e7\u0131klamada, bu alanda sadece 13 gigavat civar\u0131nda kurulu g\u00fc\u00e7 oldu\u011funa i\u015faret edildi. S\u00f6z konusu ittifak ile jeotermal enerjiden elektrik \u00fcretimi y\u00fczde 500 oran\u0131nda artt\u0131r\u0131lmas\u0131n\u0131n planland\u0131\u011f\u0131 vurgulanan a\u00e7\u0131klamada, \u0131s\u0131tmada kullan\u0131m\u0131n ise y\u00fczde 200\u2019lere \u00e7\u0131kar\u0131lma hedefi yer ald\u0131.<\/p>\n<p style=\"color: #0a0a0a;\">Jeotermal yat\u0131r\u0131mlar\u0131nda en b\u00fcy\u00fck engelin, teknolojik yetersizlik ve di\u011fer alternatif kaynaklara g\u00f6re daha az tercih edilmesi olarak g\u00f6sterildi\u011fi a\u00e7\u0131klamada, di\u011fer zorluklar aras\u0131nda ise y\u00fczeye yak\u0131n yerlerdeki jeofiziksel \u00e7al\u0131\u015fmalar\u0131n ve jeotermal yataklar\u0131n ke\u015ffi i\u00e7in sondajlar\u0131n maliyetlerinin ilk etapta y\u00fcksek olmas\u0131n\u0131n geldi\u011fi ifade edildi.<\/p>\n<p style=\"color: #0a0a0a;\">Jeotermal kayna\u011f\u0131n bulunmas\u0131 ve i\u015fletmeye al\u0131nmas\u0131n\u0131n, elektrik \u00fcretimini ucuzlatabilece\u011fine de\u011finilen a\u00e7\u0131klamada, Paris\u2019te kurulan K\u00fcresel Jeotermal \u0130ttifak\u0131 ile bu sorunlar\u0131n \u00e7\u00f6z\u00fcm\u00fcnde i\u015fbirli\u011fine gidilebilece\u011fi vurguland\u0131.<\/p>\n<p style=\"color: #0a0a0a;\">Kaynak:EnerjiEnstit\u00fcs\u00fc<\/p>\n<p><\/p>","protected":false},"excerpt":{"rendered":"<p>Sorry, this entry is only available in Turkish. For the sake of viewer convenience, the content is shown below in the alternative language. You may click the link to switch the active language. Zirvede jeotermal enerjinin elektrik \u00fcretiminde y\u00fczde 500, \u0131s\u0131tmada y\u00fczde 200 art\u0131r\u0131lmas\u0131 i\u00e7in 38 \u00fclkenin i\u015fbirli\u011fi yapaca\u011f\u0131 duyuruldu. Birle\u015fmi\u015f Milletler (BM) \u0130klim De\u011fi\u015fikli\u011fi [&hellip;]<\/p>\n","protected":false},"author":1,"featured_media":47699,"comment_status":"open","ping_status":"open","sticky":false,"template":"","format":"standard","meta":[],"categories":[53,48],"tags":[1350,10165,21974,27363],"views":892,"_links":{"self":[{"href":"https:\/\/www.enerjigazetesi.ist\/en\/wp-json\/wp\/v2\/posts\/47698"}],"collection":[{"href":"https:\/\/www.enerjigazetesi.ist\/en\/wp-json\/wp\/v2\/posts"}],"about":[{"href":"https:\/\/www.enerjigazetesi.ist\/en\/wp-json\/wp\/v2\/types\/post"}],"author":[{"embeddable":true,"href":"https:\/\/www.enerjigazetesi.ist\/en\/wp-json\/wp\/v2\/users\/1"}],"replies":[{"embeddable":true,"href":"https:\/\/www.enerjigazetesi.ist\/en\/wp-json\/wp\/v2\/comments?post=47698"}],"version-history":[{"count":1,"href":"https:\/\/www.enerjigazetesi.ist\/en\/wp-json\/wp\/v2\/posts\/47698\/revisions"}],"predecessor-version":[{"id":47700,"href":"https:\/\/www.enerjigazetesi.ist\/en\/wp-json\/wp\/v2\/posts\/47698\/revisions\/47700"}],"wp:featuredmedia":[{"embeddable":true,"href":"https:\/\/www.enerjigazetesi.ist\/en\/wp-json\/wp\/v2\/media\/47699"}],"wp:attachment":[{"href":"https:\/\/www.enerjigazetesi.ist\/en\/wp-json\/wp\/v2\/media?parent=47698"}],"wp:term":[{"taxonomy":"category","embeddable":true,"href":"https:\/\/www.enerjigazetesi.ist\/en\/wp-json\/wp\/v2\/categories?post=47698"},{"taxonomy":"post_tag","embeddable":true,"href":"https:\/\/www.enerjigazetesi.ist\/en\/wp-json\/wp\/v2\/tags?post=47698"}],"curies":[{"name":"wp","href":"https:\/\/api.w.org\/{rel}","templated":true}]}}