{"id":47685,"date":"2015-12-10T11:11:55","date_gmt":"2015-12-10T08:11:55","guid":{"rendered":"https:\/\/www.enerjigazetesi.ist\/?p=47685"},"modified":"2015-12-10T11:11:55","modified_gmt":"2015-12-10T08:11:55","slug":"katar-turkiyeye-istedigi-kadar-dogalgaz-verebiliriz","status":"publish","type":"post","link":"https:\/\/www.enerjigazetesi.ist\/en\/katar-turkiyeye-istedigi-kadar-dogalgaz-verebiliriz\/","title":{"rendered":"(Turkish) Katar: \u201cT\u00fcrkiye\u2019ye \u0130stedi\u011fi Kadar Do\u011falgaz Verebiliriz&#8230;\u201d"},"content":{"rendered":"<p class=\"qtranxs-available-languages-message qtranxs-available-languages-message-en\">Sorry, this entry is only available in <a href=\"https:\/\/www.enerjigazetesi.ist\/tr\/wp-json\/wp\/v2\/posts\/47685\" class=\"qtranxs-available-language-link qtranxs-available-language-link-tr\" title=\"Turkish\">Turkish<\/a>. For the sake of viewer convenience, the content is shown below in the alternative language. You may click the link to switch the active language.<\/p><p><\/p>\n<p style=\"color: #0a0a0a;\"><strong><a href=\"https:\/\/www.enerjigazetesi.ist\/wp-content\/uploads\/2015\/12\/katar-lng-gaz-2982333333333-696x385.jpg\"><img loading=\"lazy\" class=\"alignright size-medium wp-image-47686\" src=\"https:\/\/www.enerjigazetesi.ist\/wp-content\/uploads\/2015\/12\/katar-lng-gaz-2982333333333-696x385-300x165.jpg\" alt=\"katar-lng-gaz-2982333333333-696x385\" width=\"300\" height=\"165\" srcset=\"https:\/\/www.enerjigazetesi.ist\/wp-content\/uploads\/2015\/12\/katar-lng-gaz-2982333333333-696x385-300x165.jpg 300w, https:\/\/www.enerjigazetesi.ist\/wp-content\/uploads\/2015\/12\/katar-lng-gaz-2982333333333-696x385-500x276.jpg 500w, https:\/\/www.enerjigazetesi.ist\/wp-content\/uploads\/2015\/12\/katar-lng-gaz-2982333333333-696x385-80x44.jpg 80w, https:\/\/www.enerjigazetesi.ist\/wp-content\/uploads\/2015\/12\/katar-lng-gaz-2982333333333-696x385.jpg 696w\" sizes=\"(max-width: 300px) 100vw, 300px\" \/><\/a>Bo\u011fazi\u00e7i Zirvesi\u2019ne kat\u0131lan Katarl\u0131 yetkililer, T\u00fcrkiye\u2019nin istedi\u011fi kadar do\u011falgaz\u0131 verebileceklerini s\u00f6yledi.<\/strong><span id=\"more-74593\"><\/span><\/p>\n<p style=\"color: #0a0a0a;\">Katar\u2019dan T\u00fcrkiye\u2019ye do\u011falgaz m\u00fcjdesiUluslararas\u0131 \u0130\u015f Birli\u011fi Platformu taraf\u0131ndan, T\u0130M ev sahipli\u011finde d\u00fczenlenen, ge\u00e7en y\u0131l 540 milyon dolarl\u0131k \u00f6n anla\u015fman\u0131n imzaland\u0131\u011f\u0131 6. Bo\u011fazi\u00e7i Zirvesi d\u00fcn ba\u015flad\u0131. Bu y\u0131l 750 milyon dolarl\u0131k anla\u015fman\u0131n hedeflendi\u011fi zirve, yar\u0131n sona erecek. 80 \u00fclkenin siyaset ve i\u015f d\u00fcnyas\u0131n\u0131n \u00f6nde gelen isimlerini tek \u00e7at\u0131 alt\u0131nda toplayan etkinlik, \u201cDaha Az Yoksulluk, Daha Fazla Refah\u201d temas\u0131yla ger\u00e7ekle\u015ftiriliyor. Zirveye onur konu\u015fmas\u0131 yapmak \u00fczere kat\u0131lan Katar Eski Ba\u015fbakan Yard\u0131mc\u0131s\u0131, Eski Sanayi ve Enerji Bakan\u0131 H.E. Abdullah Bin HamadAl-Attiyah, g\u00fcndemle ilgili Sabah gazetesinin sorular\u0131n\u0131 yan\u0131tlad\u0131.<br \/>\n<strong style=\"font-weight: bold;\">\u201cT\u00dcRK\u0130YE\u2019N\u0130N \u0130STED\u0130\u011e\u0130 KADAR TEDAR\u0130K EDEB\u0130L\u0130R\u0130Z\u201d<\/strong><\/p>\n<p style=\"color: #0a0a0a;\">Cumhurba\u015fkan\u0131 Recep Tayyip Erdo\u011fan\u2019\u0131n Katar ziyaretinde yapt\u0131\u011f\u0131 g\u00f6r\u00fc\u015fmeler sonras\u0131nda T\u00fcrkiye\u2019nin do\u011falgazda arz g\u00fcvenli\u011fini garanti alt\u0131na ald\u0131\u011f\u0131n\u0131 s\u00f6yleyen Al-Attiyah, do\u011falgaz tedarikinde Katar a\u00e7\u0131s\u0131ndan hi\u00e7bir sorun olmad\u0131\u011f\u0131n\u0131 belirtti. \u201cT\u00fcrkiye\u2019nin istedi\u011fi kadar gaz\u0131 tedarik etmeye haz\u0131r\u0131z\u201d diyen Al-Attiyah, \u201cD\u00fcnyan\u0131n en b\u00fcy\u00fck LNG gemileri bizde. 4-5 g\u00fcnde istenilen miktarda gaz\u0131 T\u00fcrkiye\u2019ye ula\u015ft\u0131r\u0131r\u0131z\u201d ifadelerini kulland\u0131.<\/p>\n<p style=\"color: #0a0a0a;\"><strong style=\"font-weight: bold;\">DO\u011eALGAZ F\u0130YATLARI D\u00dc\u015eT\u00dc<\/strong><\/p>\n<p style=\"color: #0a0a0a;\">\u0130ki \u00fclkenin yetkililerinin detaylar \u00fczerinde g\u00f6r\u00fc\u015fmeler yapt\u0131\u011f\u0131n\u0131 vurgulayan Al Attiyah, do\u011falgaz fiyatlar\u0131n\u0131n da petrole ba\u011fl\u0131 olarak d\u00fc\u015ft\u00fc\u011f\u00fcn\u00fc s\u00f6yledi. Zirve\u2019de bir konu\u015fma yapan Kalk\u0131nma Bakan\u0131 Cevdet Y\u0131lmaz da, \u201cPlanlar\u0131m\u0131z\u0131 insan odakl\u0131 belirliyoruz. 2023\u2019te mutlak yoksullu\u011fu s\u0131f\u0131rlamay\u0131 hedefliyoruz\u201d dedi.<\/p>\n<p style=\"color: #0a0a0a;\">Kaynek:EnerjiEnstit\u00fcs\u00fc<\/p>\n<p><\/p>","protected":false},"excerpt":{"rendered":"<p>Sorry, this entry is only available in Turkish. For the sake of viewer convenience, the content is shown below in the alternative language. You may click the link to switch the active language. Bo\u011fazi\u00e7i Zirvesi\u2019ne kat\u0131lan Katarl\u0131 yetkililer, T\u00fcrkiye\u2019nin istedi\u011fi kadar do\u011falgaz\u0131 verebileceklerini s\u00f6yledi. Katar\u2019dan T\u00fcrkiye\u2019ye do\u011falgaz m\u00fcjdesiUluslararas\u0131 \u0130\u015f Birli\u011fi Platformu taraf\u0131ndan, T\u0130M ev sahipli\u011finde [&hellip;]<\/p>\n","protected":false},"author":1,"featured_media":47686,"comment_status":"open","ping_status":"open","sticky":false,"template":"","format":"standard","meta":[],"categories":[46,53],"tags":[27358,27359,2012,846],"views":580,"_links":{"self":[{"href":"https:\/\/www.enerjigazetesi.ist\/en\/wp-json\/wp\/v2\/posts\/47685"}],"collection":[{"href":"https:\/\/www.enerjigazetesi.ist\/en\/wp-json\/wp\/v2\/posts"}],"about":[{"href":"https:\/\/www.enerjigazetesi.ist\/en\/wp-json\/wp\/v2\/types\/post"}],"author":[{"embeddable":true,"href":"https:\/\/www.enerjigazetesi.ist\/en\/wp-json\/wp\/v2\/users\/1"}],"replies":[{"embeddable":true,"href":"https:\/\/www.enerjigazetesi.ist\/en\/wp-json\/wp\/v2\/comments?post=47685"}],"version-history":[{"count":1,"href":"https:\/\/www.enerjigazetesi.ist\/en\/wp-json\/wp\/v2\/posts\/47685\/revisions"}],"predecessor-version":[{"id":47687,"href":"https:\/\/www.enerjigazetesi.ist\/en\/wp-json\/wp\/v2\/posts\/47685\/revisions\/47687"}],"wp:featuredmedia":[{"embeddable":true,"href":"https:\/\/www.enerjigazetesi.ist\/en\/wp-json\/wp\/v2\/media\/47686"}],"wp:attachment":[{"href":"https:\/\/www.enerjigazetesi.ist\/en\/wp-json\/wp\/v2\/media?parent=47685"}],"wp:term":[{"taxonomy":"category","embeddable":true,"href":"https:\/\/www.enerjigazetesi.ist\/en\/wp-json\/wp\/v2\/categories?post=47685"},{"taxonomy":"post_tag","embeddable":true,"href":"https:\/\/www.enerjigazetesi.ist\/en\/wp-json\/wp\/v2\/tags?post=47685"}],"curies":[{"name":"wp","href":"https:\/\/api.w.org\/{rel}","templated":true}]}}