{"id":47660,"date":"2015-12-09T23:00:39","date_gmt":"2015-12-09T20:00:39","guid":{"rendered":"https:\/\/www.enerjigazetesi.ist\/?p=47660"},"modified":"2015-12-09T23:00:39","modified_gmt":"2015-12-09T20:00:39","slug":"enerjide-disa-bagimliliga-komurlu-cozum-onerisi","status":"publish","type":"post","link":"https:\/\/www.enerjigazetesi.ist\/en\/enerjide-disa-bagimliliga-komurlu-cozum-onerisi\/","title":{"rendered":"(Turkish) Enerjide D\u0131\u015fa Ba\u011f\u0131ml\u0131l\u0131\u011fa K\u00f6m\u00fcrl\u00fc \u00c7\u00f6z\u00fcm \u00d6nerisi&#8230;"},"content":{"rendered":"<p class=\"qtranxs-available-languages-message qtranxs-available-languages-message-en\">Sorry, this entry is only available in <a href=\"https:\/\/www.enerjigazetesi.ist\/tr\/wp-json\/wp\/v2\/posts\/47660\" class=\"qtranxs-available-language-link qtranxs-available-language-link-tr\" title=\"Turkish\">Turkish<\/a>. For the sake of viewer convenience, the content is shown below in the alternative language. You may click the link to switch the active language.<\/p><p><\/p>\n<p style=\"color: #0a0a0a;\"><strong>Do\u00e7. Dr. Niyazi Bilim,\u201dD\u00fcnyada elektrik \u00fcretiminin y\u00fczde 41\u2019i k\u00f6m\u00fcrden sa\u011flan\u0131yor. T\u00fcrkiye\u2019de ise bu oran y\u00fczde 28 seviyesinde. Bunun da y\u00fczde 15\u2019ini ithal k\u00f6m\u00fcr olu\u015fturuyor\u201d dedi.<\/strong><span id=\"more-74576\"><\/span><\/p>\n<p style=\"color: #0a0a0a;\">Sel\u00e7uk \u00dcniversitesi M\u00fchendislik Fak\u00fcltesi Maden M\u00fchendisli\u011fi B\u00f6l\u00fcm\u00fc \u00d6\u011fretim \u00dcyesi Do\u00e7. Dr. Niya<a href=\"https:\/\/www.enerjigazetesi.ist\/wp-content\/uploads\/2015\/12\/enerjide-disa-bagimliliga-komurlu-cozum-onerisi.jpg\"><img loading=\"lazy\" class=\"alignright size-medium wp-image-47661\" src=\"https:\/\/www.enerjigazetesi.ist\/wp-content\/uploads\/2015\/12\/enerjide-disa-bagimliliga-komurlu-cozum-onerisi-300x165.jpg\" alt=\"enerjide-disa-bagimliliga-komurlu-cozum-onerisi\" width=\"300\" height=\"165\" srcset=\"https:\/\/www.enerjigazetesi.ist\/wp-content\/uploads\/2015\/12\/enerjide-disa-bagimliliga-komurlu-cozum-onerisi-300x165.jpg 300w, https:\/\/www.enerjigazetesi.ist\/wp-content\/uploads\/2015\/12\/enerjide-disa-bagimliliga-komurlu-cozum-onerisi-500x276.jpg 500w, https:\/\/www.enerjigazetesi.ist\/wp-content\/uploads\/2015\/12\/enerjide-disa-bagimliliga-komurlu-cozum-onerisi-80x44.jpg 80w, https:\/\/www.enerjigazetesi.ist\/wp-content\/uploads\/2015\/12\/enerjide-disa-bagimliliga-komurlu-cozum-onerisi.jpg 696w\" sizes=\"(max-width: 300px) 100vw, 300px\" \/><\/a>zi Bilim, d\u00fcnyada elektrik \u00fcretiminin y\u00fczde 41\u2019inin k\u00f6m\u00fcrden sa\u011fland\u0131\u011f\u0131n\u0131 belirterek, T\u00fcrkiye\u2019deki zengin linyit kaynaklar\u0131 kullan\u0131larak k\u0131sa vadede enerjide d\u0131\u015fa ba\u011f\u0131ml\u0131l\u0131\u011f\u0131n \u00f6n\u00fcne ge\u00e7ilebilece\u011fini s\u00f6yledi.<\/p>\n<p style=\"color: #0a0a0a;\">K\u00f6m\u00fcr\u00fcn elektrik \u00fcretimindeki pay\u0131n\u0131n \u00c7in\u2019de y\u00fczde 75,8, Almanya\u2019da y\u00fczde 47, ABD\u2019de y\u00fczde 40, Japonya\u2019da y\u00fczde 31,9 ve \u0130ngiltere\u2019de y\u00fczde 36,5 gibi \u00e7ok b\u00fcy\u00fck oranda oldu\u011funa dikkati \u00e7eken Bilim, \u201cD\u00fcnyada elektrik \u00fcretiminin y\u00fczde 41\u2019i k\u00f6m\u00fcrden sa\u011flan\u0131yor. T\u00fcrkiye\u2019de ise bu oran y\u00fczde 28 seviyesinde. Bunun da y\u00fczde 15\u2019ini ithal k\u00f6m\u00fcr olu\u015fturuyor\u201d dedi.<\/p>\n<p style=\"color: #0a0a0a;\">Bilim, k\u00f6m\u00fcrden elektrik \u00fcretiminde linyit (birle\u015fimindeki karbon oran\u0131 y\u00fczde 60-70 olan, kahverengi veya siyah k\u00f6m\u00fcr) kaynaklar\u0131n\u0131n yeterince kullan\u0131lmad\u0131\u011f\u0131n\u0131 belirterek, T\u00fcrkiye\u2019nin toplam 15,4 milyar ton k\u00f6m\u00fcr rezervi bulundu\u011funa, bunun 14,1 milyar tonuna kar\u015f\u0131l\u0131k gelen y\u00fczde 92\u2019sinin linyit rezervi oldu\u011funa dikkati \u00e7ekti.<\/p>\n<p style=\"color: #0a0a0a;\">T\u00fcrkiye\u2019de elektrik enerjisi \u00fcretiminde en b\u00fcy\u00fck pay\u0131n y\u00fczde 41 ile do\u011falgaz oldu\u011funu anlatan Do\u00e7. Dr. Bilim, \u201cDo\u011falgaz\u0131 y\u00fczde 24 ile hidroelektrik ve y\u00fczde 15 ile ithal k\u00f6m\u00fcrle \u00e7al\u0131\u015fan termik santraller takip etmektedir. 2015 y\u0131l\u0131 elektrik enerjisi \u00fcretiminde \u00fcretim kaynaklar\u0131n\u0131n y\u00fczde 58\u2019i d\u0131\u015fa ba\u011f\u0131ml\u0131 oldu\u011fumuz kaynaklardan yani do\u011falgaz, fuel oil ve ithal k\u00f6m\u00fcrden elde edilmektedir\u201d diye konu\u015ftu.<\/p>\n<p style=\"color: #0a0a0a;\">Bilim, elektrik enerjisi \u00fcretiminde y\u00fczde 58 gibi b\u00fcy\u00fck bir oranda d\u0131\u015fa ba\u011f\u0131ml\u0131 olunan bir konumda, yeni elektrik enerjisi \u00fcretim santrallerinin acil olarak devreye al\u0131nmas\u0131 ve zengin k\u00f6m\u00fcr kaynaklar\u0131na daha fazla \u00f6nem verilmesi gerekti\u011fini savunarak, \u201cBu sebeple k\u0131sa vadede d\u0131\u015fa ba\u011f\u0131ml\u0131 oldu\u011fumuz kaynaklardan elde edilen elektrik enerjisinin \u00fcretimdeki paylar\u0131 azalt\u0131larak kendi \u00f6z kayna\u011f\u0131m\u0131z linyitin \u00fcretimdeki pay\u0131n\u0131n art\u0131r\u0131lmas\u0131 b\u00fcy\u00fck \u00f6nem arz etmektedir\u201d de\u011ferlendirmesinde bulundu.<\/p>\n<p style=\"color: #0a0a0a;\">Bilim, hidroelektrik ve yenilenebilir enerji kaynaklar\u0131n\u0131n \u00fcretimdeki paylar\u0131n\u0131n art\u0131r\u0131lmas\u0131n\u0131n da \u00f6nemli oldu\u011funu vurgulad\u0131.<\/p>\n<p style=\"color: #0a0a0a;\">D\u00fcnyada n\u00fckleer santrallerden enerji elde edilmesinin giderek yayg\u0131nla\u015ft\u0131\u011f\u0131n\u0131 ifade eden Bilim, geli\u015fmi\u015f \u00fclkelerin fosil yak\u0131tlar ve n\u00fckleer enerjiden elektrik enerjisi \u00fcretimi yapmas\u0131n\u0131n bir manas\u0131 oldu\u011funu, r\u00fczgar ve g\u00fcne\u015f gibi yenilenebilir enerji santrallerinin d\u00fcnya ve T\u00fcrkiye\u2019nin hem yeterli enerji \u00fcretimini kar\u015f\u0131layabilecek kapasitelere ula\u015famad\u0131\u011f\u0131n\u0131 hem de daha maliyetli enerji \u00fcretimine neden oldu\u011funu dile getirdi.<\/p>\n<p style=\"color: #0a0a0a;\">Kaynak: Enerji Enstit\u00fcs\u00fc<\/p>\n<p><\/p>","protected":false},"excerpt":{"rendered":"<p>Sorry, this entry is only available in Turkish. For the sake of viewer convenience, the content is shown below in the alternative language. You may click the link to switch the active language. Do\u00e7. Dr. Niyazi Bilim,\u201dD\u00fcnyada elektrik \u00fcretiminin y\u00fczde 41\u2019i k\u00f6m\u00fcrden sa\u011flan\u0131yor. T\u00fcrkiye\u2019de ise bu oran y\u00fczde 28 seviyesinde. Bunun da y\u00fczde 15\u2019ini ithal [&hellip;]<\/p>\n","protected":false},"author":1,"featured_media":47661,"comment_status":"open","ping_status":"open","sticky":false,"template":"","format":"standard","meta":[],"categories":[53,24649],"tags":[19,63,67,1009,2698,165,1653,1800,1675,24143,23098,15199,5097,27331,1677,21],"views":806,"_links":{"self":[{"href":"https:\/\/www.enerjigazetesi.ist\/en\/wp-json\/wp\/v2\/posts\/47660"}],"collection":[{"href":"https:\/\/www.enerjigazetesi.ist\/en\/wp-json\/wp\/v2\/posts"}],"about":[{"href":"https:\/\/www.enerjigazetesi.ist\/en\/wp-json\/wp\/v2\/types\/post"}],"author":[{"embeddable":true,"href":"https:\/\/www.enerjigazetesi.ist\/en\/wp-json\/wp\/v2\/users\/1"}],"replies":[{"embeddable":true,"href":"https:\/\/www.enerjigazetesi.ist\/en\/wp-json\/wp\/v2\/comments?post=47660"}],"version-history":[{"count":1,"href":"https:\/\/www.enerjigazetesi.ist\/en\/wp-json\/wp\/v2\/posts\/47660\/revisions"}],"predecessor-version":[{"id":47662,"href":"https:\/\/www.enerjigazetesi.ist\/en\/wp-json\/wp\/v2\/posts\/47660\/revisions\/47662"}],"wp:featuredmedia":[{"embeddable":true,"href":"https:\/\/www.enerjigazetesi.ist\/en\/wp-json\/wp\/v2\/media\/47661"}],"wp:attachment":[{"href":"https:\/\/www.enerjigazetesi.ist\/en\/wp-json\/wp\/v2\/media?parent=47660"}],"wp:term":[{"taxonomy":"category","embeddable":true,"href":"https:\/\/www.enerjigazetesi.ist\/en\/wp-json\/wp\/v2\/categories?post=47660"},{"taxonomy":"post_tag","embeddable":true,"href":"https:\/\/www.enerjigazetesi.ist\/en\/wp-json\/wp\/v2\/tags?post=47660"}],"curies":[{"name":"wp","href":"https:\/\/api.w.org\/{rel}","templated":true}]}}