{"id":4765,"date":"2012-12-27T10:37:26","date_gmt":"2012-12-27T07:37:26","guid":{"rendered":"https:\/\/www.enerjigazetesi.ist\/?p=4765"},"modified":"2012-12-27T10:37:26","modified_gmt":"2012-12-27T07:37:26","slug":"2-nukleer-santral-icin-uzakdogu-ulkeleri-onde","status":"publish","type":"post","link":"https:\/\/www.enerjigazetesi.ist\/en\/2-nukleer-santral-icin-uzakdogu-ulkeleri-onde\/","title":{"rendered":"(Turkish) 2. N\u00fckleer Santral \u0130\u00e7in Uzakdo\u011fu \u00dclkeleri \u00d6nde"},"content":{"rendered":"<p class=\"qtranxs-available-languages-message qtranxs-available-languages-message-en\">Sorry, this entry is only available in <a href=\"https:\/\/www.enerjigazetesi.ist\/tr\/wp-json\/wp\/v2\/posts\/4765\" class=\"qtranxs-available-language-link qtranxs-available-language-link-tr\" title=\"Turkish\">Turkish<\/a>. For the sake of viewer convenience, the content is shown below in the alternative language. You may click the link to switch the active language.<\/p><p><strong>Sinop&#8217;a yap\u0131lmas\u0131 planlanan ikinci santral konusunda \u00c7in, G\u00fcney Kore, Rusya ve Fransa&#8217;yla y\u00fcr\u00fct\u00fclen g\u00f6r\u00fc\u015fmelerde \u00f6ne \u00e7\u0131kan Uzakdo\u011fu \u00fclkeleri oldu.<\/strong><\/p>\n<p>\u0130lk n\u00fckleer santralini Rusya&#8217;ya ihale eden T\u00fcrkiye, ikinci santral i\u00e7in \u00e7al\u0131\u015fmalar\u0131n\u0131 h\u0131zland\u0131rd\u0131.<\/p>\n<p><img loading=\"lazy\" class=\"alignleft size-medium wp-image-4766\" title=\"2_nukleer_santral_icin_uzakdogu_ulkeleri_onde_38433_510_310\" src=\"https:\/\/www.enerjigazetesi.ist\/wp-content\/uploads\/2012\/12\/2_nukleer_santral_icin_uzakdogu_ulkeleri_onde_38433_510_310-300x182.jpg\" alt=\"\" width=\"300\" height=\"182\" srcset=\"https:\/\/www.enerjigazetesi.ist\/wp-content\/uploads\/2012\/12\/2_nukleer_santral_icin_uzakdogu_ulkeleri_onde_38433_510_310-300x182.jpg 300w, https:\/\/www.enerjigazetesi.ist\/wp-content\/uploads\/2012\/12\/2_nukleer_santral_icin_uzakdogu_ulkeleri_onde_38433_510_310-500x303.jpg 500w, https:\/\/www.enerjigazetesi.ist\/wp-content\/uploads\/2012\/12\/2_nukleer_santral_icin_uzakdogu_ulkeleri_onde_38433_510_310-80x48.jpg 80w, https:\/\/www.enerjigazetesi.ist\/wp-content\/uploads\/2012\/12\/2_nukleer_santral_icin_uzakdogu_ulkeleri_onde_38433_510_310.jpg 510w\" sizes=\"(max-width: 300px) 100vw, 300px\" \/>Sinop&#8217;a yap\u0131lmas\u0131 planlanan ikinci santral konusunda \u00c7in, G\u00fcney Kore, Rusya ve Fransa&#8217;yla y\u00fcr\u00fct\u00fclen g\u00f6r\u00fc\u015fmelerde \u00f6ne \u00e7\u0131kan Uzakdo\u011fu \u00fclkeleri oldu.<br \/>\nGazetecilerle bir araya gelen Enerji Bakan\u0131 Taner Y\u0131ld\u0131z, &#8220;\u0130kinci n\u00fckleer g\u00fc\u00e7 santralinde Uzakdo\u011fu ve Bat\u0131l\u0131 firmalar yar\u0131\u015f\u0131yor. Her ne kadar son noktay\u0131 koymasak da Uzakdo\u011fulu firmalar daha yak\u0131n&#8221; dedi.<\/p>\n<p><strong><\/strong><strong>\u0130\u011eNEADA ALTERNAT\u0130FLERDEN B\u0130R\u0130<\/strong><\/p>\n<p>Y\u0131ld\u0131z, \u00fc\u00e7\u00fcnc\u00fc n\u00fckleer santralin yeri konusunda ise karar\u0131n hen\u00fcz verilmedi\u011fini, \u0130\u011fneada&#8217;n\u0131n sadece alternatiflerden biri oldu\u011funu dile getirdi. Y\u0131ld\u0131z, &#8220;\u00dc\u00e7\u00fcnc\u00fcyle ilgili mutabakat yok. D\u00f6rt-be\u015f ayr\u0131 yeri ara\u015ft\u0131r\u0131yoruz. 1.5-2 y\u0131ll\u0131k bir \u00e7al\u0131\u015fma var, zaman\u0131m\u0131z var&#8221; diye konu\u015ftu.<\/p>\n<p>Kaynak: <a href=\"http:\/\/www.ntvmsnbc.com\/id\/25408960\/\" target=\"_blank\">ntvmsnbc<\/a><\/p>","protected":false},"excerpt":{"rendered":"<p>Sorry, this entry is only available in Turkish. For the sake of viewer convenience, the content is shown below in the alternative language. You may click the link to switch the active language.Sinop&#8217;a yap\u0131lmas\u0131 planlanan ikinci santral konusunda \u00c7in, G\u00fcney Kore, Rusya ve Fransa&#8217;yla y\u00fcr\u00fct\u00fclen g\u00f6r\u00fc\u015fmelerde \u00f6ne \u00e7\u0131kan Uzakdo\u011fu \u00fclkeleri oldu. \u0130lk n\u00fckleer santralini Rusya&#8217;ya [&hellip;]<\/p>\n","protected":false},"author":1,"featured_media":4766,"comment_status":"open","ping_status":"open","sticky":false,"template":"","format":"standard","meta":[],"categories":[53,43],"tags":[1596,67,21,1597,1595],"views":685,"_links":{"self":[{"href":"https:\/\/www.enerjigazetesi.ist\/en\/wp-json\/wp\/v2\/posts\/4765"}],"collection":[{"href":"https:\/\/www.enerjigazetesi.ist\/en\/wp-json\/wp\/v2\/posts"}],"about":[{"href":"https:\/\/www.enerjigazetesi.ist\/en\/wp-json\/wp\/v2\/types\/post"}],"author":[{"embeddable":true,"href":"https:\/\/www.enerjigazetesi.ist\/en\/wp-json\/wp\/v2\/users\/1"}],"replies":[{"embeddable":true,"href":"https:\/\/www.enerjigazetesi.ist\/en\/wp-json\/wp\/v2\/comments?post=4765"}],"version-history":[{"count":2,"href":"https:\/\/www.enerjigazetesi.ist\/en\/wp-json\/wp\/v2\/posts\/4765\/revisions"}],"predecessor-version":[{"id":4768,"href":"https:\/\/www.enerjigazetesi.ist\/en\/wp-json\/wp\/v2\/posts\/4765\/revisions\/4768"}],"wp:featuredmedia":[{"embeddable":true,"href":"https:\/\/www.enerjigazetesi.ist\/en\/wp-json\/wp\/v2\/media\/4766"}],"wp:attachment":[{"href":"https:\/\/www.enerjigazetesi.ist\/en\/wp-json\/wp\/v2\/media?parent=4765"}],"wp:term":[{"taxonomy":"category","embeddable":true,"href":"https:\/\/www.enerjigazetesi.ist\/en\/wp-json\/wp\/v2\/categories?post=4765"},{"taxonomy":"post_tag","embeddable":true,"href":"https:\/\/www.enerjigazetesi.ist\/en\/wp-json\/wp\/v2\/tags?post=4765"}],"curies":[{"name":"wp","href":"https:\/\/api.w.org\/{rel}","templated":true}]}}