{"id":47584,"date":"2015-12-07T18:39:16","date_gmt":"2015-12-07T15:39:16","guid":{"rendered":"https:\/\/www.enerjigazetesi.ist\/?p=47584"},"modified":"2015-12-07T18:39:16","modified_gmt":"2015-12-07T15:39:16","slug":"en-buyuk-kirletici-cin-en-buyuk-temiz-enerji-yatirimcisi-oldu","status":"publish","type":"post","link":"https:\/\/www.enerjigazetesi.ist\/en\/en-buyuk-kirletici-cin-en-buyuk-temiz-enerji-yatirimcisi-oldu\/","title":{"rendered":"(Turkish) En B\u00fcy\u00fck Kirletici \u00c7in, En B\u00fcy\u00fck Temiz Enerji Yat\u0131r\u0131mc\u0131s\u0131 Oldu&#8230;"},"content":{"rendered":"<p class=\"qtranxs-available-languages-message qtranxs-available-languages-message-en\">Sorry, this entry is only available in <a href=\"https:\/\/www.enerjigazetesi.ist\/tr\/wp-json\/wp\/v2\/posts\/47584\" class=\"qtranxs-available-language-link qtranxs-available-language-link-tr\" title=\"Turkish\">Turkish<\/a>. For the sake of viewer convenience, the content is shown below in the alternative language. You may click the link to switch the active language.<\/p><p><\/p>\n<p style=\"color: #0a0a0a;\"><strong>D\u00fcnyan\u0131n en b\u00fcy\u00fck kirleticisi s\u0131ralamas\u0131nda birinci olan \u00c7in, temiz enerji yat\u0131r\u0131m\u0131nda da listenin ba\u015f\u0131nda bulunuyor. \u00c7in, 2014 y\u0131l\u0131nda yenilenebilir enerji alan\u0131nda yapt\u0131\u011f\u0131 89 milyar dolarla listenin ilk s\u0131ras\u0131na yerle\u015fti.<\/strong><span id=\"more-74470\"><\/span><\/p>\n<p style=\"color: #0a0a0a;\">ABD ve \u0130ngiltere taraf\u0131ndan desteklenen 2015 \u0130klim \u00d6l\u00e7\u00fcs\u00fc Ara\u015ft\u0131rma Raporu\u2019na g\u00f6re \u00c7in, yenilenebilir enerji projelerine yat\u0131r\u0131m yapan \u00fclkele<a href=\"https:\/\/www.enerjigazetesi.ist\/wp-content\/uploads\/2015\/12\/en-buyuk-kirletici-cin-en-buyuk-temiz-enerji-yatirimcisi-oldu.jpg\"><img loading=\"lazy\" class=\"alignleft size-medium wp-image-47585\" src=\"https:\/\/www.enerjigazetesi.ist\/wp-content\/uploads\/2015\/12\/en-buyuk-kirletici-cin-en-buyuk-temiz-enerji-yatirimcisi-oldu-300x165.jpg\" alt=\"en-buyuk-kirletici-cin-en-buyuk-temiz-enerji-yatirimcisi-oldu\" width=\"300\" height=\"165\" srcset=\"https:\/\/www.enerjigazetesi.ist\/wp-content\/uploads\/2015\/12\/en-buyuk-kirletici-cin-en-buyuk-temiz-enerji-yatirimcisi-oldu-300x165.jpg 300w, https:\/\/www.enerjigazetesi.ist\/wp-content\/uploads\/2015\/12\/en-buyuk-kirletici-cin-en-buyuk-temiz-enerji-yatirimcisi-oldu-500x276.jpg 500w, https:\/\/www.enerjigazetesi.ist\/wp-content\/uploads\/2015\/12\/en-buyuk-kirletici-cin-en-buyuk-temiz-enerji-yatirimcisi-oldu-80x44.jpg 80w, https:\/\/www.enerjigazetesi.ist\/wp-content\/uploads\/2015\/12\/en-buyuk-kirletici-cin-en-buyuk-temiz-enerji-yatirimcisi-oldu.jpg 696w\" sizes=\"(max-width: 300px) 100vw, 300px\" \/><\/a>r aras\u0131nda en b\u00fcy\u00fc\u011f\u00fc konumunda bulunuyor. \u00c7in\u2019i Brezilya, \u015eili ve G\u00fcney Afrika ve Hindistan takip ediyor.<\/p>\n<p style=\"color: #0a0a0a;\">S\u00f6z konusu rapor, d\u00fcnyada ye\u015fil enerji yat\u0131r\u0131m\u0131 ve sermaye da\u011f\u0131t\u0131m\u0131 a\u00e7\u0131s\u0131ndan d\u00fcnyan\u0131n en \u00f6nemli 55 geli\u015fmekte olan \u00fclkelerin performans\u0131n\u0131 baz almakta.<\/p>\n<p style=\"color: #0a0a0a;\">Raporda, \u00c7in\u2019in temiz enerji evriminde sadece geli\u015fmekte olan \u00fclkeler alan\u0131nda de\u011fil, ayn\u0131 zamanda t\u00fcm \u00fclkeler i\u00e7in de kritik rol oymamaya devam edece\u011fi vurguland\u0131.<\/p>\n<p style=\"color: #0a0a0a;\">\u00c7in, \u00e7evreyi kirleten k\u00f6m\u00fcr merkezli enerji santrallerinin yerine bir \u00e7ok yenilenebilir enerji projelerini hayata ge\u00e7irmeye ba\u015flad\u0131. Uzakdo\u011fu \u00fclkesi \u00c7in, 2014\u2019te 35 GW yeni yenilenebilir enerji yat\u0131r\u0131m\u0131 yapt\u0131 ve bu rakam Afrika\u2019n\u0131n Sahraalt\u0131 yada A\u015fa\u011f\u0131 Sahra olarak da bilinen b\u00f6lgesindeki G\u00fcney Afrika ve Nijerya hari\u00e7 49 \u00fclkenin toplam operasyon kapasitesinden fazla durumda bulunuyor.<\/p>\n<p style=\"color: #0a0a0a;\">Kaynak: Enerji Enstit\u00fcs\u00fc<\/p>\n<p><\/p>","protected":false},"excerpt":{"rendered":"<p>Sorry, this entry is only available in Turkish. For the sake of viewer convenience, the content is shown below in the alternative language. You may click the link to switch the active language. D\u00fcnyan\u0131n en b\u00fcy\u00fck kirleticisi s\u0131ralamas\u0131nda birinci olan \u00c7in, temiz enerji yat\u0131r\u0131m\u0131nda da listenin ba\u015f\u0131nda bulunuyor. \u00c7in, 2014 y\u0131l\u0131nda yenilenebilir enerji alan\u0131nda yapt\u0131\u011f\u0131 [&hellip;]<\/p>\n","protected":false},"author":1,"featured_media":47585,"comment_status":"open","ping_status":"open","sticky":false,"template":"","format":"standard","meta":[],"categories":[53,49],"tags":[886,27294,63,67,1009,2698,3458,165,227,13,23133,22975,4269,842,27295,21101,105,358],"views":1057,"_links":{"self":[{"href":"https:\/\/www.enerjigazetesi.ist\/en\/wp-json\/wp\/v2\/posts\/47584"}],"collection":[{"href":"https:\/\/www.enerjigazetesi.ist\/en\/wp-json\/wp\/v2\/posts"}],"about":[{"href":"https:\/\/www.enerjigazetesi.ist\/en\/wp-json\/wp\/v2\/types\/post"}],"author":[{"embeddable":true,"href":"https:\/\/www.enerjigazetesi.ist\/en\/wp-json\/wp\/v2\/users\/1"}],"replies":[{"embeddable":true,"href":"https:\/\/www.enerjigazetesi.ist\/en\/wp-json\/wp\/v2\/comments?post=47584"}],"version-history":[{"count":1,"href":"https:\/\/www.enerjigazetesi.ist\/en\/wp-json\/wp\/v2\/posts\/47584\/revisions"}],"predecessor-version":[{"id":47586,"href":"https:\/\/www.enerjigazetesi.ist\/en\/wp-json\/wp\/v2\/posts\/47584\/revisions\/47586"}],"wp:featuredmedia":[{"embeddable":true,"href":"https:\/\/www.enerjigazetesi.ist\/en\/wp-json\/wp\/v2\/media\/47585"}],"wp:attachment":[{"href":"https:\/\/www.enerjigazetesi.ist\/en\/wp-json\/wp\/v2\/media?parent=47584"}],"wp:term":[{"taxonomy":"category","embeddable":true,"href":"https:\/\/www.enerjigazetesi.ist\/en\/wp-json\/wp\/v2\/categories?post=47584"},{"taxonomy":"post_tag","embeddable":true,"href":"https:\/\/www.enerjigazetesi.ist\/en\/wp-json\/wp\/v2\/tags?post=47584"}],"curies":[{"name":"wp","href":"https:\/\/api.w.org\/{rel}","templated":true}]}}