{"id":47523,"date":"2015-12-06T16:22:54","date_gmt":"2015-12-06T13:22:54","guid":{"rendered":"https:\/\/www.enerjigazetesi.ist\/?p=47523"},"modified":"2015-12-06T16:33:41","modified_gmt":"2015-12-06T13:33:41","slug":"jeotermal-enerjide-yerlilik-konusu-daha-cok-gundeme-geliyor-2","status":"publish","type":"post","link":"https:\/\/www.enerjigazetesi.ist\/en\/jeotermal-enerjide-yerlilik-konusu-daha-cok-gundeme-geliyor-2\/","title":{"rendered":"(Turkish) \u201cJeotermal Enerjide Yerlilik Konusu Daha \u00c7ok G\u00fcndeme Geliyor!\u201d"},"content":{"rendered":"<p class=\"qtranxs-available-languages-message qtranxs-available-languages-message-en\">Sorry, this entry is only available in <a href=\"https:\/\/www.enerjigazetesi.ist\/tr\/wp-json\/wp\/v2\/posts\/47523\" class=\"qtranxs-available-language-link qtranxs-available-language-link-tr\" title=\"Turkish\">Turkish<\/a>. For the sake of viewer convenience, the content is shown below in the alternative language. You may click the link to switch the active language.<\/p><p><strong>Exergy T\u00fcrkiye A.\u015e. Genel M\u00fcd\u00fcr\u00fc Celal Tu\u011fcu, jeotermal enerji alan\u0131nda yerlilik konusunun 2015 y\u0131l\u0131nda daha \u00e7ok g\u00fcndeme geldi\u011fini ifade etti.<\/strong><\/p>\n<p>Exergy T\u00fcrkiye A.\u015e. Genel M\u00fcd\u00fcr\u00fc Celal Tu\u011fcu,<strong> jeotermal enerji<\/strong> alan\u0131nda yerlilik konusunun 2015 y\u0131l\u0131nda daha \u00e7ok g\u00fcndeme geldi\u011fine i\u015fa<a href=\"https:\/\/www.enerjigazetesi.ist\/wp-content\/uploads\/2015\/12\/jeotermal-enerjide-yerlilik-konusu-daha-cok-gundeme-geliyor-2.jpg\"><img loading=\"lazy\" class=\"alignleft  wp-image-47524\" src=\"https:\/\/www.enerjigazetesi.ist\/wp-content\/uploads\/2015\/12\/jeotermal-enerjide-yerlilik-konusu-daha-cok-gundeme-geliyor-2-300x110.jpg\" alt=\"jeotermal-enerjide-yerlilik-konusu-daha-cok-gundeme-geliyor-2\" width=\"292\" height=\"159\" \/><\/a>ret ederek, 2016 y\u0131l\u0131nda yat\u0131r\u0131mlar\u0131n h\u0131zlanmas\u0131yla, 14 yerli<strong> t\u00fcrbini<\/strong> \u00fcreteceklerini dile getirdi. Exery T\u00fcrkiye olarak yat\u0131r\u0131mlar\u0131n\u0131 T\u00fcrkiye\u2019de art\u0131rarak devam ettirmek istediklerini belirten Tu\u011fcu, \u201cDi\u011fer \u00fcr\u00fcnlerimizin de yerlile\u015ftirilmesi konusunda \u00e7al\u0131\u015fmalar\u0131m\u0131z s\u00fcr\u00fcyor. Biz sadece te\u015fvik kapsam\u0131nda de\u011fil, ba\u015fka \u00fcr\u00fcn gruplar\u0131nda da yerlile\u015ftirmeye \u00f6nem veriyoruz. T\u00fcrk sanayine daha fazla katk\u0131da bulunmaya \u00e7al\u0131\u015f\u0131yoruz. \u00dcretimimizle 2015 y\u0131l\u0131nda 10 milyon dolar \u00fczerinde bir ithalat kalemini engelledik. 2016 y\u0131l\u0131nda 50 milyon dolarl\u0131k ithalat kalemini engelleyerek, \u00fcr\u00fcnlerin T\u00fcrkiye\u2019den tedarik edilmesini sa\u011flamak istiyoruz\u201d dedi.<br \/>\nTu\u011fcu, \u00fcretimin yan\u0131 s\u0131ra, servis ve bak\u0131m hizmetlerine de a\u011f\u0131rl\u0131k verdiklerini aktard\u0131.<\/p>\n<p><strong>\u201c\u00dcr\u00fcn\u00fcn kalitesini ortaya koyuyoruz\u201d<\/strong><\/p>\n<p>S&amp;Q Mart Sertifikasyon \u0130\u015f Geli\u015ftirme M\u00fcd\u00fcr\u00fc Levent Barlan\u2019da konferansta yapt\u0131\u011f\u0131 konu\u015fmada, S&amp;Q Mart\u2019\u0131n 1991 y\u0131l\u0131nda bir IFU kalk\u0131nma projesi olarak, Danimarka Teknik Bilimler Akademisi \u00fcyesi FORCE Technology\u2019nin teknik deste\u011fi ile 1991 y\u0131l\u0131nda kuruldu\u011funu belirterek, 2001 y\u0131l\u0131ndan itibaren ise, bir T\u00fcrk \u015firketi olarak \u00e7al\u0131\u015fmaya ba\u015flad\u0131klar\u0131n\u0131 aktard\u0131. Barlan, \u00fcr\u00fcn\u00fcn kaliteli oldu\u011funu ortaya koyduklar\u0131n\u0131 kaydederek, \u201cDevlet organizasyonunu saymazsak, belgelendirmeyi yapan tek kurulu\u015fuz. Yabanc\u0131 standartlar\u0131 T\u00fcrk\u00e7e\u2019ye \u00e7eviriyoruz\u201d dedi.<\/p>\n<p><strong>Jeotermal enerjide 1200 megawatt\u2019l\u0131k \u00fcretim<\/strong><\/p>\n<p>Yenilenebilir Enerji Genel M\u00fcd\u00fcrl\u00fc\u011f\u00fc\u2019nden Ali B\u00fclent Kap\u00e7\u0131 ise, T\u00fcrkiye\u2019nin<strong> elektrik kurulu g\u00fcc\u00fcn\u00fcn <\/strong>72 gigawatt\u2019\u0131 ge\u00e7ti\u011fini belirterek, <strong>enerji ihtiyac\u0131n\u0131n<\/strong> b\u00fcy\u00fck k\u0131sm\u0131n\u0131 do\u011falgazdan sa\u011fland\u0131\u011f\u0131n\u0131 aktararak, T\u00fcrkiye\u2019nin jeotermal kaynaktan <strong>elektrik \u00fcretiminin<\/strong> 1200 megawatt\u2019\u0131 ge\u00e7ti\u011fine de\u011findi. Kapc\u0131, <strong>jeotermal kaynaktan elektrik \u00fcretim lisanslar\u0131nda<\/strong> ise, 451,24 MW\u2019l\u0131k 28 adet \u00f6n lisans, 751,4 MW\u2019l\u0131k 27 adet y\u00fcr\u00fcrl\u00fckte, 43 MW\u2019l\u0131k 4 adet sonland\u0131r\u0131lan ve 9,5 MW\u2019l\u0131k bir adet iptal edilen proje bulundu\u011funu aktard\u0131.<\/p>\n<p>Kapc\u0131, T\u00fcrkiye\u2019de <strong>yenilenebilir enerji kaynaklar\u0131ndan<\/strong> daha fazla yararlan\u0131lmas\u0131 i\u00e7in bir\u00e7ok kanun ve genelge yay\u0131nland\u0131\u011f\u0131na dikkat \u00e7ekerek, YEKDEM\u2019in ortaya \u00e7\u0131kar\u0131ld\u0131\u011f\u0131n\u0131 aktard\u0131. Kapc\u0131, firmalar\u0131n yerli aksamdan yararlanmas\u0131 i\u00e7in \u00f6n \u015fart\u0131n YEKDEM\u2019e kay\u0131t yapt\u0131rmas\u0131 oldu\u011funu s\u00f6yledi.<\/p>\n<p><strong>\u201cJeotermal enerji \u00f6nemli bir kaynak\u201d<\/strong><\/p>\n<p>Karizma Enerji Yetkilisi Kubilay \u00c7evik ise, toplant\u0131da yapt\u0131\u011f\u0131 konu\u015fmada, <strong>jeotermal enerjinin<\/strong> T\u00fcrkiye\u2019nin \u00f6nemli <strong>enerji kaynaklar\u0131ndan<\/strong> biri oldu\u011funa de\u011finerek, jeotermal enerji alan\u0131nda sondaj \u00e7al\u0131\u015fmalar\u0131 yapt\u0131klar\u0131n\u0131 aktard\u0131.<\/p>\n<p>Kaynak: <a href=\"http:\/\/www.alternatifenerji.com\/jeotermal-enerjide-yerlilik-konusu-daha-cok-gundeme-geliyor\/\" target=\"_blank\" rel=\"nofollow&quot;\">Alternatif Enerji<\/a><\/p>","protected":false},"excerpt":{"rendered":"<p>Sorry, this entry is only available in Turkish. For the sake of viewer convenience, the content is shown below in the alternative language. You may click the link to switch the active language.Exergy T\u00fcrkiye A.\u015e. Genel M\u00fcd\u00fcr\u00fc Celal Tu\u011fcu, jeotermal enerji alan\u0131nda yerlilik konusunun 2015 y\u0131l\u0131nda daha \u00e7ok g\u00fcndeme geldi\u011fini ifade etti. Exergy T\u00fcrkiye A.\u015e. [&hellip;]<\/p>\n","protected":false},"author":1,"featured_media":47524,"comment_status":"open","ping_status":"open","sticky":false,"template":"","format":"standard","meta":[],"categories":[53,48],"tags":[27266,27263,63,67,1009,2698,165,27262,58,56,23226,23225,26867,27267,27265,27264,2168,27261],"views":1728,"_links":{"self":[{"href":"https:\/\/www.enerjigazetesi.ist\/en\/wp-json\/wp\/v2\/posts\/47523"}],"collection":[{"href":"https:\/\/www.enerjigazetesi.ist\/en\/wp-json\/wp\/v2\/posts"}],"about":[{"href":"https:\/\/www.enerjigazetesi.ist\/en\/wp-json\/wp\/v2\/types\/post"}],"author":[{"embeddable":true,"href":"https:\/\/www.enerjigazetesi.ist\/en\/wp-json\/wp\/v2\/users\/1"}],"replies":[{"embeddable":true,"href":"https:\/\/www.enerjigazetesi.ist\/en\/wp-json\/wp\/v2\/comments?post=47523"}],"version-history":[{"count":2,"href":"https:\/\/www.enerjigazetesi.ist\/en\/wp-json\/wp\/v2\/posts\/47523\/revisions"}],"predecessor-version":[{"id":47531,"href":"https:\/\/www.enerjigazetesi.ist\/en\/wp-json\/wp\/v2\/posts\/47523\/revisions\/47531"}],"wp:featuredmedia":[{"embeddable":true,"href":"https:\/\/www.enerjigazetesi.ist\/en\/wp-json\/wp\/v2\/media\/47524"}],"wp:attachment":[{"href":"https:\/\/www.enerjigazetesi.ist\/en\/wp-json\/wp\/v2\/media?parent=47523"}],"wp:term":[{"taxonomy":"category","embeddable":true,"href":"https:\/\/www.enerjigazetesi.ist\/en\/wp-json\/wp\/v2\/categories?post=47523"},{"taxonomy":"post_tag","embeddable":true,"href":"https:\/\/www.enerjigazetesi.ist\/en\/wp-json\/wp\/v2\/tags?post=47523"}],"curies":[{"name":"wp","href":"https:\/\/api.w.org\/{rel}","templated":true}]}}