{"id":47520,"date":"2015-12-06T16:18:21","date_gmt":"2015-12-06T13:18:21","guid":{"rendered":"https:\/\/www.enerjigazetesi.ist\/?p=47520"},"modified":"2015-12-06T16:18:21","modified_gmt":"2015-12-06T13:18:21","slug":"shell-eco-marathonda-karadeniz-teknik-universitesi-birinci-oldu","status":"publish","type":"post","link":"https:\/\/www.enerjigazetesi.ist\/en\/shell-eco-marathonda-karadeniz-teknik-universitesi-birinci-oldu\/","title":{"rendered":"(Turkish) \u2018Shell Eco-Marathon&#8217;da Karadeniz Teknik \u00dcniversitesi Birinci Oldu&#8230;"},"content":{"rendered":"<p class=\"qtranxs-available-languages-message qtranxs-available-languages-message-en\">Sorry, this entry is only available in <a href=\"https:\/\/www.enerjigazetesi.ist\/tr\/wp-json\/wp\/v2\/posts\/47520\" class=\"qtranxs-available-language-link qtranxs-available-language-link-tr\" title=\"Turkish\">Turkish<\/a>. For the sake of viewer convenience, the content is shown below in the alternative language. You may click the link to switch the active language.<\/p><p><strong>50 Kuru\u015fluk elektrikle 144 km yol kateden Karadeniz Teknik \u00dcniversitesi \u2018Shell Eco-marathon T\u00fcrkiye\u2019de birinci oldu.<\/strong><\/p>\n<p>T\u00fcrkiye\u2019de <strong>elektrikli ara\u00e7lar\u0131n<\/strong> geli\u015fimi i\u00e7in \u00f6zellikle akademik d\u00fczeyde \u00f6nemli \u00e7al\u0131\u015fmalar ger\u00e7ekle\u015ftiriliyor. Gen\u00e7ler gelece\u011fin otomobillerini \u00fcretiyor.<a href=\"https:\/\/www.enerjigazetesi.ist\/wp-content\/uploads\/2015\/12\/shell-eco-marathonda-karadeniz-teknik-universitesi-birinci-oldu.jpg\"><img loading=\"lazy\" class=\"alignright  wp-image-47521\" src=\"https:\/\/www.enerjigazetesi.ist\/wp-content\/uploads\/2015\/12\/shell-eco-marathonda-karadeniz-teknik-universitesi-birinci-oldu-300x110.jpg\" alt=\"shell-eco-marathonda-karadeniz-teknik-universitesi-birinci-oldu\" width=\"300\" height=\"172\" \/><\/a><\/p>\n<p>Shell T\u00fcrkiye, T\u00fcrkiye \u0130hracat\u00e7\u0131lar Meclisi (T\u0130M) ve Uluda\u011f Otomotiv End\u00fcstrisi \u0130hracat\u00e7\u0131lar\u0131 Birli\u011fi (O\u0130B) i\u015fbirli\u011fiyle, gen\u00e7leri daha az enerji ile daha fazla yol kat eden ara\u00e7lar tasarlay\u0131p \u00fcretmeye te\u015fvik etmek amac\u0131yla bu y\u0131l ilk kez d\u00fczenlenen \u201cShell Eco-marathon T\u00fcrkiye\u201dde gelece\u011fin m\u00fchendisleri yar\u0131\u015ft\u0131. Karadeniz Teknik \u00dcniversitesi\u2019nden \u201cEnergy Technologies Team\u201d ekibinin elektrikli arac\u0131, serbest piyasada fiyat\u0131 yakla\u015f\u0131k 50 kuru\u015f olan 1 kWs elektrikle, 144 km yol kat ederek, ilk Shell Eco-marathon T\u00fcrkiye\u2019nin birincisi oldu.<\/p>\n<p>T\u00fcrkiye\u2019nin enerji sekt\u00f6r\u00fcne, sanayisine, \u00fcretimine ve istihdam\u0131na 92 y\u0131ld\u0131r katk\u0131da bulunan Shell\u2019in 30 y\u0131ld\u0131r, t\u00fcm d\u00fcnyadan gen\u00e7leri <strong>enerji tasarruflu yenilik\u00e7i ara\u00e7lar<\/strong> tasarlay\u0131p \u00fcretmeleri i\u00e7in te\u015fvik etmek amac\u0131yla, k\u00fcresel \u00f6l\u00e7ekte d\u00fczenledi\u011fi bir etkinlik olan \u201cShell Eco-marathon\u201d yar\u0131\u015fmas\u0131, bu y\u0131l ilk kez, T\u00fcrkiye\u2019den \u00f6\u011frencilere y\u00f6nelik olarak \u201cShell Eco-marathon T\u00fcrkiye\u201d ad\u0131yla, 27-28-29 Kas\u0131m tarihleri aras\u0131nda, \u0130stanbul\u2019daki T\u0130M D\u0131\u015f Ticaret Kompleksi\u2019nde ger\u00e7ekle\u015ftirildi.<\/p>\n<p>\u0130lk Shell Eco-marathon T\u00fcrkiye\u2019de ayr\u0131ca; Gediz \u00dcniversitesi \u201cinovasyon\u201d, Ankara \u00dcniversitesi \u201cTasar\u0131m\u201d, Y\u0131ld\u0131z Teknik \u00dcniversitesi \u201cEmniyet\u201d, Terakki Okullar\u0131 \u201cTak\u0131m Ruhu\u201d ve Konya Dilta\u015f Lisesi de \u201cGelecek Vaat Eden Tak\u0131m\u201d \u00f6d\u00fcl\u00fcn\u00fc kazand\u0131lar.<\/p>\n<p><strong>Yar\u0131\u015fmaya 13 tak\u0131m kat\u0131ld\u0131<\/strong><\/p>\n<p>Yar\u0131\u015fmaya, T\u00fcrkiye\u2019nin d\u00f6rt bir yan\u0131ndan lise ve \u00fcniversite \u00f6\u011frencilerinin, okullar\u0131n\u0131n deste\u011fi ile kurduklar\u0131 toplam 13 tak\u0131m kat\u0131ld\u0131. Ayr\u0131ca, Hollanda Konsoloslu\u011fu\u2019nun T\u00fcrkiye \u0130novasyon Haftas\u0131 kapsam\u0131nda \u0130stanbul\u2019a davet etti\u011fi Eindhoven Teknik \u00dcniversitesi \u00f6\u011frencileri de d\u00fcnyan\u0131n ilk mod\u00fcler <strong>elektrikli otomobili<\/strong> olma \u00f6zelli\u011fi ta\u015f\u0131yan Nova ile misafir ekip olarak yar\u0131\u015fmaya kat\u0131larak, renk katt\u0131. Yar\u0131\u015fmada dereceye giren tak\u0131mlara \u00f6d\u00fclleri, 3 Aral\u0131k\u2019ta, T\u0130M taraf\u0131ndan d\u00fczenlenen T\u00fcrkiye \u0130novasyon Haftas\u0131\u2019nda Bilim, Sanayi ve Teknoloji Bakan\u0131 Fikri I\u015f\u0131k ve Hollanda Prensi Maurits Van Oranje taraf\u0131ndan verilecek.<\/p>\n<p>Shell T\u00fcrkiye \u00dclke Ba\u015fkan\u0131 Ahmet Erdem, Shell Eco-marathon T\u00fcrkiye yar\u0131\u015fmas\u0131n\u0131n a\u00e7\u0131l\u0131\u015f t\u00f6reninde yapt\u0131\u011f\u0131 konu\u015fmada, \u201cSon 10 y\u0131lda T\u00fcrkiye\u2019nin farkl\u0131 illerinden 120\u2019nin \u00fczerinde tak\u0131m ve 1500\u2019den fazla gencimizin Shell Eco-marathon\u2019a kat\u0131lmas\u0131 bana ve t\u00fcm Shell T\u00fcrkiye Ailesi\u2019ne ayr\u0131 bir heyecan ve gurur veriyor. Bu y\u0131l ilk kez Shell Eco-marathon etkinli\u011fini T\u0130M\u2019in de deste\u011fiyle T\u00fcrkiye\u2019ye ta\u015f\u0131d\u0131k. 10 y\u0131l \u00f6nce yar\u0131\u015fmaya kat\u0131lan \u00f6\u011frencilerimizin bir k\u0131sm\u0131 i\u015f d\u00fcnyas\u0131na at\u0131ld\u0131, baz\u0131lar\u0131 d\u00fcnyan\u0131n sayg\u0131n \u00fcniversitelerinde e\u011fitim g\u00f6r\u00fcyor. Baz\u0131 \u00f6\u011frencilerimiz ise Shell Eco-marathon\u2019da edindikleri uluslararas\u0131 tecr\u00fcbeyi T\u00fcrkiye\u2019ye ta\u015f\u0131yarak yenilik\u00e7i projelerin do\u011fmas\u0131na ve yeni \u015firketlerin kurulmas\u0131na \u00f6nc\u00fcl\u00fck ettiler. T\u00fcrkiye\u2019ye katma de\u011fer sa\u011flad\u0131lar. Gen\u00e7lerimizin yeti\u015fmesine bir\u00e7ok a\u00e7\u0131dan katk\u0131da bulunan bu \u00f6nemli etkinli\u011fi, sadece T\u00fcrkiye\u2019deki gen\u00e7lerimize y\u00f6nelik olarak da ger\u00e7ekle\u015ftirmekten mutluluk duyuyorum. Ayr\u0131ca bu konudaki desteklerinden dolay\u0131 T\u0130M\u2019e ve O\u0130B\u2019e te\u015fekk\u00fcr ediyorum\u201d dedi. Erdem s\u00f6zlerine \u015f\u00f6yle devam etti:<\/p>\n<p>\u201cShell Eco-marathon, arac\u0131n tasar\u0131m\u0131ndaki ve imalat\u0131ndaki teknik becerilerden, finans kayna\u011f\u0131 bulup b\u00fct\u00e7e y\u00f6netmeye, ileti\u015fim becerileri ve ekip \u00e7al\u0131\u015fmas\u0131ndan proje y\u00f6netimine ve t\u00fcm emniyeti kurallar\u0131na kadar bir\u00e7ok alanda gen\u00e7lerimiz i\u00e7in \u00e7ok \u00f6nemli bir tecr\u00fcbe. Bu y\u0131l 18 tak\u0131m\u0131m\u0131zla Shell Eco-marathon Avrupa\u2019ya en fazla tak\u0131mla kat\u0131lan \u00fclkelerden biriydik. Shell Eco-marathon\u2019a gen\u00e7lerimizin b\u00fcy\u00fck ilgi g\u00f6sterdi\u011fini g\u00f6r\u00fcyorum. B\u00fcy\u00fck bir azim ve m\u00fccadele \u00f6rne\u011fi g\u00f6steren gen\u00e7lerimiz i\u00e7in, her y\u0131l k\u00fcresel \u00e7apta d\u00fczenlenen bir etkinli\u011fi \u00fclkemize ta\u015f\u0131m\u0131\u015f olmaktan dolay\u0131 \u00e7ok mutluyuz. Tak\u0131mlar\u0131m\u0131za destek veren t\u00fcm akademisyenlere ve kurumlara te\u015fekk\u00fcr ediyorum ve t\u00fcm gen\u00e7 arkada\u015flar\u0131m\u0131z\u0131 tebrik ediyorum.\u201d<\/p>\n<p>T\u0130M Ba\u015fkan\u0131 Mehmet B\u00fcy\u00fckek\u015fi ise konu\u015fmas\u0131nda, gen\u00e7leri inovasyona y\u00f6nelik \u00e7al\u0131\u015fmalar yapmaya te\u015fvik eden Shell Eco-marathon gibi \u00f6nemli bir organizasyonun T\u00fcrkiye\u2019de ger\u00e7ekle\u015fmesine katk\u0131 sa\u011flamaktan b\u00fcy\u00fck memnuniyet duyduklar\u0131n\u0131 belirterek, \u201cBu y\u0131l ilk kez d\u00fczenlenen \u2018Shell Eco-Marathon T\u00fcrkiye\u2019 organizasyonuna T\u0130M olarak ev sahipli\u011fi yap\u0131yoruz. Bu vesileyle gen\u00e7lerimizin bu organizasyona ilgi ve kat\u0131l\u0131mlar\u0131n\u0131n \u00f6n\u00fcm\u00fczdeki d\u00f6nemlerde daha da artaca\u011f\u0131n\u0131 d\u00fc\u015f\u00fcn\u00fcyorum. Bug\u00fcn, T\u00fcrkiye\u2019den ve Hollanda\u2019dan kat\u0131lan gen\u00e7 yeteneklerle beraber olmaktan b\u00fcy\u00fck mutluluk duyuyorum\u201d dedi. D\u00fcnyadaki enerji kaynaklar\u0131 sorununa i\u015faret eden B\u00fcy\u00fckek\u015fi, s\u00f6zlerine \u015f\u00f6yle devam etti:<\/p>\n<p>\u201cD\u00fcnya\u2019da motorlu ta\u015f\u0131t say\u0131s\u0131 s\u00fcrekli art\u0131yor. Son verilere g\u00f6re T\u00fcrkiye\u2019de yakla\u015f\u0131k 20 milyon kay\u0131tl\u0131 motorlu ta\u015f\u0131t bulunuyor. Bunlar\u0131n yakla\u015f\u0131k 5 te 1\u2019i \u0130stanbul\u2019da kullan\u0131l\u0131yor. D\u00fcnya \u00fczerinde ise yakla\u015f\u0131k 1 milyar\u0131n \u00fczerinde motorlu ta\u015f\u0131t oldu\u011fu tahmin ediliyor. Ara\u00e7 say\u0131lar\u0131,<strong> enerji kaynaklar\u0131yla<\/strong> ters orant\u0131l\u0131 olarak s\u00fcrekli art\u0131yor. Harcanan yak\u0131tlar\u0131n olu\u015fturdu\u011fu mali k\u00fclfet de az\u0131msanacak d\u00fczeyde de\u011fil. Bu a\u00e7\u0131dan bakt\u0131\u011f\u0131m\u0131z zaman s\u00fcrd\u00fcr\u00fclebilir ve sa\u011fl\u0131kl\u0131 bir \u00e7evreye git gide daha fazla ihtiya\u00e7 duyuyoruz. Ara\u00e7lardaki yak\u0131t teknolojisi de Ar-Ge \u00e7al\u0131\u015fmalar\u0131 sonucu s\u00fcrekli geli\u015fiyor ve bu geli\u015fme devam edecek. Bug\u00fcn burada yar\u0131\u015fan tasar\u0131mlar\u0131n da gelecekteki teknolojilere \u0131\u015f\u0131k tutaca\u011f\u0131na inan\u0131yorum.\u201d<\/p>\n<p>O\u0130B Ba\u015fkan\u0131 \u00d6mer Burhano\u011flu da konu\u015fmas\u0131nda, daha az yak\u0131t t\u00fcketen ara\u00e7lar\u0131n otomotiv end\u00fcstrisi a\u00e7\u0131s\u0131ndan \u00f6neminin giderek artt\u0131\u011f\u0131na dikkat \u00e7ekerek, \u201cBu t\u00fcr ara\u00e7lar\u0131n geli\u015ftirilmesini te\u015fvik eden Shell Eco-marathon T\u00fcrkiye\u2019ye destek vermekten dolay\u0131 O\u0130B olarak b\u00fcy\u00fck mutluluk duyuyoruz\u201d dedi ve ekledi: \u201cBenim g\u00f6z\u00fcmde kendi ara\u00e7lar\u0131n\u0131 geli\u015ftirerek bu yar\u0131\u015fmaya kat\u0131lan t\u00fcm \u00f6\u011frencilerimiz, t\u00fcm tak\u0131mlar\u0131m\u0131z birincidir. T\u00fcm tak\u0131mlar\u0131 tebrik ediyorum\u201d dedi.<\/p>\n<p>Yar\u0131\u015fman\u0131n a\u00e7\u0131l\u0131\u015f t\u00f6reni sonras\u0131nda T\u0130M Ba\u015fkan\u0131 Mehmet B\u00fcy\u00fckek\u015fi ve Shell T\u00fcrkiye \u00dclke Ba\u015fkan\u0131 Ahmet Erdem piste \u00e7\u0131karak enerji tasarruflu ara\u00e7larla deneme s\u00fcr\u00fc\u015f\u00fc yapt\u0131lar.<\/p>\n<p>Kaynak: B\u00fcltenler<\/p>","protected":false},"excerpt":{"rendered":"<p>Sorry, this entry is only available in Turkish. For the sake of viewer convenience, the content is shown below in the alternative language. You may click the link to switch the active language.50 Kuru\u015fluk elektrikle 144 km yol kateden Karadeniz Teknik \u00dcniversitesi \u2018Shell Eco-marathon T\u00fcrkiye\u2019de birinci oldu. T\u00fcrkiye\u2019de elektrikli ara\u00e7lar\u0131n geli\u015fimi i\u00e7in \u00f6zellikle akademik d\u00fczeyde [&hellip;]<\/p>\n","protected":false},"author":1,"featured_media":47521,"comment_status":"open","ping_status":"open","sticky":false,"template":"","format":"standard","meta":[],"categories":[51,53,157],"tags":[215,1311,63,67,1009,2698,165,27260,3008,12172,27259],"views":1185,"_links":{"self":[{"href":"https:\/\/www.enerjigazetesi.ist\/en\/wp-json\/wp\/v2\/posts\/47520"}],"collection":[{"href":"https:\/\/www.enerjigazetesi.ist\/en\/wp-json\/wp\/v2\/posts"}],"about":[{"href":"https:\/\/www.enerjigazetesi.ist\/en\/wp-json\/wp\/v2\/types\/post"}],"author":[{"embeddable":true,"href":"https:\/\/www.enerjigazetesi.ist\/en\/wp-json\/wp\/v2\/users\/1"}],"replies":[{"embeddable":true,"href":"https:\/\/www.enerjigazetesi.ist\/en\/wp-json\/wp\/v2\/comments?post=47520"}],"version-history":[{"count":1,"href":"https:\/\/www.enerjigazetesi.ist\/en\/wp-json\/wp\/v2\/posts\/47520\/revisions"}],"predecessor-version":[{"id":47522,"href":"https:\/\/www.enerjigazetesi.ist\/en\/wp-json\/wp\/v2\/posts\/47520\/revisions\/47522"}],"wp:featuredmedia":[{"embeddable":true,"href":"https:\/\/www.enerjigazetesi.ist\/en\/wp-json\/wp\/v2\/media\/47521"}],"wp:attachment":[{"href":"https:\/\/www.enerjigazetesi.ist\/en\/wp-json\/wp\/v2\/media?parent=47520"}],"wp:term":[{"taxonomy":"category","embeddable":true,"href":"https:\/\/www.enerjigazetesi.ist\/en\/wp-json\/wp\/v2\/categories?post=47520"},{"taxonomy":"post_tag","embeddable":true,"href":"https:\/\/www.enerjigazetesi.ist\/en\/wp-json\/wp\/v2\/tags?post=47520"}],"curies":[{"name":"wp","href":"https:\/\/api.w.org\/{rel}","templated":true}]}}