{"id":47493,"date":"2015-12-06T00:35:42","date_gmt":"2015-12-05T21:35:42","guid":{"rendered":"https:\/\/www.enerjigazetesi.ist\/?p=47493"},"modified":"2015-12-06T00:35:42","modified_gmt":"2015-12-05T21:35:42","slug":"ruzgarda-artik-atak-zamani","status":"publish","type":"post","link":"https:\/\/www.enerjigazetesi.ist\/en\/ruzgarda-artik-atak-zamani\/","title":{"rendered":"(Turkish) R\u00fczgarda Art\u0131k Atak Zaman\u0131!"},"content":{"rendered":"<p class=\"qtranxs-available-languages-message qtranxs-available-languages-message-en\">Sorry, this entry is only available in <a href=\"https:\/\/www.enerjigazetesi.ist\/tr\/wp-json\/wp\/v2\/posts\/47493\" class=\"qtranxs-available-language-link qtranxs-available-language-link-tr\" title=\"Turkish\">Turkish<\/a>. For the sake of viewer convenience, the content is shown below in the alternative language. You may click the link to switch the active language.<\/p><p><strong>Son d\u00f6nemde Rusya ile ya\u015fanan gerginlik sonras\u0131, Rusya\u2019n\u0131n do\u011falgaz\u0131 kesebilece\u011fi s\u00f6ylemleri enerjide d\u0131\u015fa ba\u011f\u0131ml\u0131 bir \u00fclke oldu\u011fumuzu bir kez daha hat\u0131rlatt\u0131. Do\u011falgaz ve petrol\u00fcn neredeyse tamam\u0131n\u0131 ithal ediyoruz. Do\u011falgaz\u0131n yar\u0131s\u0131n\u0131 Rusya\u2019dan al\u0131yoruz. Krizin derinle\u015fmesi durumunda Rusya do\u011falgaz\u0131 keser mi sorusunun cevab\u0131 ise merak konusu\u2026<\/strong><\/p>\n<p>Konuyla ilgili yaz\u0131l\u0131 a\u00e7\u0131klamada bulunan T\u00dcREB Ba\u015fkan\u0131 Mustafa Serdar Ataseseven, T\u00fcrkiye\u2019nin yerl<a href=\"https:\/\/www.enerjigazetesi.ist\/wp-content\/uploads\/2015\/12\/ruzgarda-artik-atak-zamani.jpg\"><img loading=\"lazy\" class=\"alignright size-medium wp-image-47494\" src=\"https:\/\/www.enerjigazetesi.ist\/wp-content\/uploads\/2015\/12\/ruzgarda-artik-atak-zamani-300x241.jpg\" alt=\"ruzgarda-artik-atak-zamani\" width=\"300\" height=\"241\" srcset=\"https:\/\/www.enerjigazetesi.ist\/wp-content\/uploads\/2015\/12\/ruzgarda-artik-atak-zamani-300x241.jpg 300w, https:\/\/www.enerjigazetesi.ist\/wp-content\/uploads\/2015\/12\/ruzgarda-artik-atak-zamani-497x400.jpg 497w, https:\/\/www.enerjigazetesi.ist\/wp-content\/uploads\/2015\/12\/ruzgarda-artik-atak-zamani-62x50.jpg 62w, https:\/\/www.enerjigazetesi.ist\/wp-content\/uploads\/2015\/12\/ruzgarda-artik-atak-zamani.jpg 988w\" sizes=\"(max-width: 300px) 100vw, 300px\" \/><\/a>i ve yenilenebilir kaynaklar\u0131n\u0131n zenginli\u011fine dikkat \u00e7ekerek, \u201cAsl\u0131nda y\u0131llardan beri bahsetti\u011fimiz tam da buydu. Bug\u00fcne kadarki a\u00e7\u0131klamalar\u0131m\u0131zda yer alan enerjide d\u0131\u015fa ba\u011f\u0131ml\u0131l\u0131\u011f\u0131m\u0131z\u0131 azaltmal\u0131y\u0131z, yerli kaynaklar\u0131m\u0131za h\u0131zla y\u00f6nelmeliyiz s\u00f6ylemlerinin do\u011frulu\u011funu bir kez daha g\u00f6r\u00fcyoruz.\u201d dedi.<\/p>\n<p><strong>Enerjide D\u0131\u015fa Ba\u011f\u0131ml\u0131y\u0131z<\/strong><\/p>\n<p>Son on y\u0131ld\u0131r yenilenebilir enerjinin kullan\u0131lmas\u0131 ile ilgili b\u00fcy\u00fck bir \u00e7aban\u0131n var oldu\u011funu belirten Ataseven, 2006 y\u0131l\u0131nda 51 MW olan r\u00fczgar kurulu g\u00fcc\u00fcn\u00fcn 2015 sonuna gelindi\u011finde neredeyse 4500 MW seviyesine \u00e7\u0131kt\u0131\u011f\u0131n\u0131 s\u00f6yledi. Devletin r\u00fczgar i\u00e7in verdi\u011fi desteklerin son d\u00f6nemde yerli katk\u0131 ile birlikte iyice artt\u0131\u011f\u0131n\u0131n alt\u0131n\u0131 \u00e7izen Ataseven; \u201cR\u00fczgarda epeyce ilerlemeler kaydettik. Fakat g\u00f6r\u00fcld\u00fc\u011f\u00fc gibi yeterli de\u011fil. Bug\u00fcn hala yurtd\u0131\u015f\u0131na ba\u011f\u0131ml\u0131y\u0131z. Bizim biran \u00f6nce yerli kaynak kullan\u0131m\u0131n\u0131 artt\u0131racak projelere a\u011f\u0131rl\u0131k vermemiz gerekiyor.\u201d Dedi.<\/p>\n<p>D\u00fcnyadaki bir\u00e7ok \u00fclkenin yat\u0131r\u0131mlar\u0131n\u0131 r\u00fczgar enerjisine \u00e7evirdi\u011fine vurgu yapan Ataseven, \u00c7in\u2019in sadece ge\u00e7en y\u0131l i\u015fletmeye ald\u0131\u011f\u0131 r\u00fczgar kurulu g\u00fcc\u00fcn\u00fcn 23.351 MW, Almanya\u2019n\u0131n ise 5.279 MW oldu\u011funa de\u011findi.<\/p>\n<p>Danimarka\u2019n\u0131n 1970\u2019lerde ya\u015fanan petrol krizi sonras\u0131nda r\u00fczgara h\u0131zla ge\u00e7i\u015f yapt\u0131\u011f\u0131n\u0131 ve \u015fu anda enerji t\u00fcketimlerinin %39\u2019unu r\u00fczgardan kar\u015f\u0131lar duruma geldi\u011fini belirten Ataseven \u015funlar\u0131 s\u00f6yledi : \u201cBazen krizler bulundu\u011funuz durumun fark\u0131na varmak ve bu durumdan kurtulmak i\u00e7in muhte\u015fem \u00e7\u00f6z\u00fcmler ortaya koyabildi\u011finiz zamanlard\u0131r. Belki Rusya ile ya\u015fanan bu kriz, bize bulundu\u011fumuz durumu hat\u0131rlatan bir f\u0131rsat olur. \u00dclkemizin potansiyeli d\u00fc\u015f\u00fcn\u00fcld\u00fc\u011f\u00fcnde, sanayicilerimizin tecr\u00fcbesi g\u00f6z \u00f6n\u00fcne al\u0131nd\u0131\u011f\u0131nda, r\u00fczgarda daha h\u0131zl\u0131 bir ilerleyi\u015f m\u00fcmk\u00fcn g\u00f6r\u00fcl\u00fcyor. Bu noktada hem iklim de\u011fi\u015fikli\u011fi ile m\u00fccadelede, hem de d\u0131\u015fa ba\u011f\u0131ml\u0131l\u0131\u011f\u0131n azalt\u0131lmas\u0131nda, ba\u015f rol oyuncusu olmay\u0131 hak eden r\u00fczgar enerjisi i\u00e7in ata\u011fa ge\u00e7menin tam zaman\u0131 diye d\u00fc\u015f\u00fcn\u00fcyoruz.\u201d<\/p>\n<p>Kaynak: B\u00fcltenler<\/p>","protected":false},"excerpt":{"rendered":"<p>Sorry, this entry is only available in Turkish. For the sake of viewer convenience, the content is shown below in the alternative language. You may click the link to switch the active language.Son d\u00f6nemde Rusya ile ya\u015fanan gerginlik sonras\u0131, Rusya\u2019n\u0131n do\u011falgaz\u0131 kesebilece\u011fi s\u00f6ylemleri enerjide d\u0131\u015fa ba\u011f\u0131ml\u0131 bir \u00fclke oldu\u011fumuzu bir kez daha hat\u0131rlatt\u0131. Do\u011falgaz ve [&hellip;]<\/p>\n","protected":false},"author":1,"featured_media":47494,"comment_status":"open","ping_status":"open","sticky":false,"template":"","format":"standard","meta":[],"categories":[53,50],"tags":[63,67,1009,2698,165,27249,474,69,16,231,23318,4784,1682,105],"views":978,"_links":{"self":[{"href":"https:\/\/www.enerjigazetesi.ist\/en\/wp-json\/wp\/v2\/posts\/47493"}],"collection":[{"href":"https:\/\/www.enerjigazetesi.ist\/en\/wp-json\/wp\/v2\/posts"}],"about":[{"href":"https:\/\/www.enerjigazetesi.ist\/en\/wp-json\/wp\/v2\/types\/post"}],"author":[{"embeddable":true,"href":"https:\/\/www.enerjigazetesi.ist\/en\/wp-json\/wp\/v2\/users\/1"}],"replies":[{"embeddable":true,"href":"https:\/\/www.enerjigazetesi.ist\/en\/wp-json\/wp\/v2\/comments?post=47493"}],"version-history":[{"count":1,"href":"https:\/\/www.enerjigazetesi.ist\/en\/wp-json\/wp\/v2\/posts\/47493\/revisions"}],"predecessor-version":[{"id":47495,"href":"https:\/\/www.enerjigazetesi.ist\/en\/wp-json\/wp\/v2\/posts\/47493\/revisions\/47495"}],"wp:featuredmedia":[{"embeddable":true,"href":"https:\/\/www.enerjigazetesi.ist\/en\/wp-json\/wp\/v2\/media\/47494"}],"wp:attachment":[{"href":"https:\/\/www.enerjigazetesi.ist\/en\/wp-json\/wp\/v2\/media?parent=47493"}],"wp:term":[{"taxonomy":"category","embeddable":true,"href":"https:\/\/www.enerjigazetesi.ist\/en\/wp-json\/wp\/v2\/categories?post=47493"},{"taxonomy":"post_tag","embeddable":true,"href":"https:\/\/www.enerjigazetesi.ist\/en\/wp-json\/wp\/v2\/tags?post=47493"}],"curies":[{"name":"wp","href":"https:\/\/api.w.org\/{rel}","templated":true}]}}