{"id":47397,"date":"2015-12-03T18:01:30","date_gmt":"2015-12-03T15:01:30","guid":{"rendered":"https:\/\/www.enerjigazetesi.ist\/?p=47397"},"modified":"2015-12-03T18:01:30","modified_gmt":"2015-12-03T15:01:30","slug":"abd-disisleri-bakanligi-turkiyenin-isidden-petrol-aldigi-iddiasi-dogru-degil","status":"publish","type":"post","link":"https:\/\/www.enerjigazetesi.ist\/en\/abd-disisleri-bakanligi-turkiyenin-isidden-petrol-aldigi-iddiasi-dogru-degil\/","title":{"rendered":"(Turkish) ABD D\u0131\u015fi\u015fleri Bakanl\u0131\u011f\u0131: \u201cT\u00fcrkiye\u2019nin I\u015e\u0130D\u2019den Petrol Ald\u0131\u011f\u0131 \u0130ddias\u0131 Do\u011fru De\u011fil!\u201d"},"content":{"rendered":"<p class=\"qtranxs-available-languages-message qtranxs-available-languages-message-en\">Sorry, this entry is only available in <a href=\"https:\/\/www.enerjigazetesi.ist\/tr\/wp-json\/wp\/v2\/posts\/47397\" class=\"qtranxs-available-language-link qtranxs-available-language-link-tr\" title=\"Turkish\">Turkish<\/a>. For the sake of viewer convenience, the content is shown below in the alternative language. You may click the link to switch the active language.<\/p><p><\/p>\n<p style=\"color: #0a0a0a;\"><strong><a href=\"https:\/\/www.enerjigazetesi.ist\/wp-content\/uploads\/2015\/12\/suriye-rafineri-I\u015e\u0130D-237823893-696x385.jpg\"><img loading=\"lazy\" class=\"alignleft size-medium wp-image-47398\" src=\"https:\/\/www.enerjigazetesi.ist\/wp-content\/uploads\/2015\/12\/suriye-rafineri-I\u015e\u0130D-237823893-696x385-300x165.jpg\" alt=\"suriye-rafineri-I\u015e\u0130D-237823893-696x385\" width=\"300\" height=\"165\" srcset=\"https:\/\/www.enerjigazetesi.ist\/wp-content\/uploads\/2015\/12\/suriye-rafineri-I\u015e\u0130D-237823893-696x385-300x165.jpg 300w, https:\/\/www.enerjigazetesi.ist\/wp-content\/uploads\/2015\/12\/suriye-rafineri-I\u015e\u0130D-237823893-696x385-500x276.jpg 500w, https:\/\/www.enerjigazetesi.ist\/wp-content\/uploads\/2015\/12\/suriye-rafineri-I\u015e\u0130D-237823893-696x385-80x44.jpg 80w, https:\/\/www.enerjigazetesi.ist\/wp-content\/uploads\/2015\/12\/suriye-rafineri-I\u015e\u0130D-237823893-696x385.jpg 696w\" sizes=\"(max-width: 300px) 100vw, 300px\" \/><\/a>ABD y\u00f6netimi, T\u00fcrkiye\u2019nin I\u015e\u0130D\u2019den petrol ald\u0131\u011f\u0131na ili\u015fkin iddialar\u0131 kuvvetli bir dille reddetti.<span id=\"more-74412\"><\/span><\/strong><\/p>\n<p style=\"color: #0a0a0a;\">ABD D\u0131\u015fi\u015fleri Bakanl\u0131\u011f\u0131 S\u00f6zc\u00fcs\u00fc Julia Mason, \u201cT\u00fcrk h\u00fck\u00fcmetinin petrol ka\u00e7\u0131rmak i\u00e7in I\u015e\u0130D\u2019le i\u015fbirli\u011fi yapt\u0131\u011f\u0131 iddias\u0131n\u0131 reddediyoruz. B\u00f6yle bir su\u00e7lamay\u0131 destekleyen\u00a0hi\u00e7bir kan\u0131t g\u00f6rmedik\u201d ifadesini kulland\u0131.<\/p>\n<p style=\"color: #0a0a0a;\">Buna ek olarak, T\u00fcrkiye\u2019nin, uluslararas\u0131 ortaklarla birlikte \u00e7al\u0131\u015farak, Suriye ile s\u0131n\u0131r\u0131n\u0131n g\u00fcvenli\u011fini art\u0131rmaya d\u00f6n\u00fck ad\u0131mlar att\u0131\u011f\u0131n\u0131 belirten Mason, bu \u00e7abadaki hedeflerden birinin I\u015e\u0130D\u2019in ka\u00e7ak\u00e7\u0131l\u0131k faaliyetlerini kesmek oldu\u011funu kaydetti.<\/p>\n<p style=\"color: #0a0a0a;\">S\u00f6zc\u00fc\u00a0Mason a\u00e7\u0131klamas\u0131na \u015f\u00f6yle devam etti:<\/p>\n<p style=\"color: #0a0a0a;\">\u201cDefalarca s\u00f6yledi\u011fimiz gibi, Rusya\u2019dan Suriye\u2019de ger\u00e7ek anlamda I\u015e\u0130D kar\u015f\u0131t\u0131 \u00e7abalar g\u00f6rmekten memnuniyet duyar\u0131z, ancak bu olay\u0131n (Rus u\u00e7a\u011f\u0131n\u0131n T\u00fcrk hava sahas\u0131nda d\u00fc\u015f\u00fcr\u00fclmesi) meydana geldi\u011fi b\u00f6lgedeki Rus operasyonlar\u0131, Rusya\u2019n\u0131n I\u015e\u0130D\u00a0ve di\u011fer ter\u00f6rist gruplara kar\u015f\u0131 sava\u015fmak i\u00e7in Suriye\u2019de oldu\u011fu\u00a0iddialar\u0131 \u00fczerinde soru i\u015fareti yarat\u0131yor. Ba\u015fkan Obama\u2019n\u0131n dedi\u011fi gibi, T\u00fcrkiye\u2019nin hava sahas\u0131 ve topraklar\u0131n\u0131 savunma hakk\u0131n\u0131 destekliyoruz. Ba\u015fkan Obama ayr\u0131ca, T\u00fcrkiye ve Rusya\u2019n\u0131n aralar\u0131ndaki gerilimi d\u00fc\u015f\u00fcrmek ve bu t\u00fcr talihsiz bir olay\u0131n bir daha tekrarlanmamas\u0131n\u0131 sa\u011flamak i\u00e7in birlikte \u00e7al\u0131\u015fmalar\u0131n\u0131n \u00f6nemini\u00a0vurgulad\u0131.\u201d<\/p>\n<p style=\"color: #0a0a0a;\">ABD \u00f6nc\u00fcl\u00fc\u011f\u00fcndeki koalisyonun I\u015e\u0130D\u2019e kar\u015f\u0131 y\u00fcr\u00fctt\u00fc\u011f\u00fc\u00a0Do\u011fal Kararl\u0131l\u0131k Operasyonu S\u00f6zc\u00fcs\u00fc Albay Steve Warren da T\u00fcrkiye\u2019nin I\u015e\u0130D\u2019den petrol ald\u0131\u011f\u0131na ili\u015fkin iddialar\u0131 \u201csa\u00e7ma sapan\u201d olarak niteledi.<\/p>\n<p style=\"color: #0a0a0a;\">Warren, Ba\u011fdat\u2019tan video konferans yoluyla Pentagon\u2019da bas\u0131n mensuplar\u0131n\u0131n sorular\u0131n\u0131 yan\u0131tlad\u0131. I\u015e\u0130D\u2019in T\u00fcrkiye\u2019ye petrol satt\u0131\u011f\u0131 veya T\u00fcrkiye\u2019nin I\u015e\u0130D\u2019den petrol ald\u0131\u011f\u0131 iddialar\u0131n\u0131 \u201csa\u00e7ma sapan\u201d bulduklar\u0131n\u0131 belirten Warren, \u201cT\u00fcrkiye\u2019nin bir \u015fekilde I\u015e\u0130D\u00a0ile \u00e7al\u0131\u015ft\u0131\u011f\u0131 g\u00f6r\u00fc\u015f\u00fcn\u00fc kesinlikle reddediyoruz. Bu sa\u00e7ma sapan ve ger\u00e7ekten g\u00fcl\u00fcn\u00e7. Bu d\u00fc\u015f\u00fcnceyi tamam\u0131yla, a\u00e7\u0131k\u00e7a reddediyoruz\u201d diye konu\u015ftu.<\/p>\n<p style=\"color: #0a0a0a;\">Warren, T\u00fcrkiye\u2019nin I\u015e\u0130D\u2019e kar\u015f\u0131 verilen m\u00fccadelede \u00f6nemli bir partner olageldi\u011finin alt\u0131n\u0131 \u00e7izerek, \u201cOnlar (T\u00fcrkiye) u\u00e7aklar\u0131m\u0131za ev sahipli\u011fi yap\u0131yor, (I\u015e\u0130D\u2019i hedef alan) hava sald\u0131r\u0131lar\u0131 d\u00fczenliyor, k\u00fc\u00e7\u00fck Suriyeli muhalifleri destekliyorlar. Burada iyi bir ortak oldular. Dolay\u0131s\u0131yla T\u00fcrk h\u00fck\u00fcmetinin I\u015e\u0130D\u2019le bir \u015fekilde \u00e7al\u0131\u015ft\u0131\u011f\u0131na dair d\u00fc\u015f\u00fcnce sa\u00e7ma ve kesinlikle uydurma\u201d ifadesini kulland\u0131.<\/p>\n<p style=\"color: #0a0a0a;\">Kaynak:EnerjiEnstit\u00fcs\u00fc<\/p>\n<p><\/p>","protected":false},"excerpt":{"rendered":"<p>Sorry, this entry is only available in Turkish. For the sake of viewer convenience, the content is shown below in the alternative language. You may click the link to switch the active language. ABD y\u00f6netimi, T\u00fcrkiye\u2019nin I\u015e\u0130D\u2019den petrol ald\u0131\u011f\u0131na ili\u015fkin iddialar\u0131 kuvvetli bir dille reddetti. ABD D\u0131\u015fi\u015fleri Bakanl\u0131\u011f\u0131 S\u00f6zc\u00fcs\u00fc Julia Mason, \u201cT\u00fcrk h\u00fck\u00fcmetinin petrol ka\u00e7\u0131rmak [&hellip;]<\/p>\n","protected":false},"author":1,"featured_media":47398,"comment_status":"open","ping_status":"open","sticky":false,"template":"","format":"standard","meta":[],"categories":[53,44],"tags":[12542,17812,27206,27207,846],"views":843,"_links":{"self":[{"href":"https:\/\/www.enerjigazetesi.ist\/en\/wp-json\/wp\/v2\/posts\/47397"}],"collection":[{"href":"https:\/\/www.enerjigazetesi.ist\/en\/wp-json\/wp\/v2\/posts"}],"about":[{"href":"https:\/\/www.enerjigazetesi.ist\/en\/wp-json\/wp\/v2\/types\/post"}],"author":[{"embeddable":true,"href":"https:\/\/www.enerjigazetesi.ist\/en\/wp-json\/wp\/v2\/users\/1"}],"replies":[{"embeddable":true,"href":"https:\/\/www.enerjigazetesi.ist\/en\/wp-json\/wp\/v2\/comments?post=47397"}],"version-history":[{"count":1,"href":"https:\/\/www.enerjigazetesi.ist\/en\/wp-json\/wp\/v2\/posts\/47397\/revisions"}],"predecessor-version":[{"id":47399,"href":"https:\/\/www.enerjigazetesi.ist\/en\/wp-json\/wp\/v2\/posts\/47397\/revisions\/47399"}],"wp:featuredmedia":[{"embeddable":true,"href":"https:\/\/www.enerjigazetesi.ist\/en\/wp-json\/wp\/v2\/media\/47398"}],"wp:attachment":[{"href":"https:\/\/www.enerjigazetesi.ist\/en\/wp-json\/wp\/v2\/media?parent=47397"}],"wp:term":[{"taxonomy":"category","embeddable":true,"href":"https:\/\/www.enerjigazetesi.ist\/en\/wp-json\/wp\/v2\/categories?post=47397"},{"taxonomy":"post_tag","embeddable":true,"href":"https:\/\/www.enerjigazetesi.ist\/en\/wp-json\/wp\/v2\/tags?post=47397"}],"curies":[{"name":"wp","href":"https:\/\/api.w.org\/{rel}","templated":true}]}}