{"id":47370,"date":"2015-12-03T10:53:46","date_gmt":"2015-12-03T07:53:46","guid":{"rendered":"https:\/\/www.enerjigazetesi.ist\/?p=47370"},"modified":"2015-12-03T13:32:34","modified_gmt":"2015-12-03T10:32:34","slug":"yilin-ilk-enerji-fuarinin-odak-konularindan-biri-biyogaz-olacak","status":"publish","type":"post","link":"https:\/\/www.enerjigazetesi.ist\/en\/yilin-ilk-enerji-fuarinin-odak-konularindan-biri-biyogaz-olacak\/","title":{"rendered":"(Turkish) Y\u0131l\u0131n \u0130lk Enerji Fuar\u0131n\u0131n Odak Konular\u0131ndan Biri Biyogaz Olacak!"},"content":{"rendered":"<p class=\"qtranxs-available-languages-message qtranxs-available-languages-message-en\">Sorry, this entry is only available in <a href=\"https:\/\/www.enerjigazetesi.ist\/tr\/wp-json\/wp\/v2\/posts\/47370\" class=\"qtranxs-available-language-link qtranxs-available-language-link-tr\" title=\"Turkish\">Turkish<\/a>. For the sake of viewer convenience, the content is shown below in the alternative language. You may click the link to switch the active language.<\/p><p><\/p>\n<p style=\"color: #666666;\"><span style=\"font-weight: bold; color: #222222;\"><a href=\"https:\/\/www.enerjigazetesi.ist\/wp-content\/uploads\/2015\/12\/biyogaz-fuar-1900x700_c.png\"><img loading=\"lazy\" class=\"alignleft size-medium wp-image-47372\" src=\"https:\/\/www.enerjigazetesi.ist\/wp-content\/uploads\/2015\/12\/biyogaz-fuar-1900x700_c-300x110.png\" alt=\"biyogaz-fuar-1900x700_c\" width=\"300\" height=\"110\" srcset=\"https:\/\/www.enerjigazetesi.ist\/wp-content\/uploads\/2015\/12\/biyogaz-fuar-1900x700_c-300x110.png 300w, https:\/\/www.enerjigazetesi.ist\/wp-content\/uploads\/2015\/12\/biyogaz-fuar-1900x700_c-1024x377.png 1024w, https:\/\/www.enerjigazetesi.ist\/wp-content\/uploads\/2015\/12\/biyogaz-fuar-1900x700_c-500x184.png 500w, https:\/\/www.enerjigazetesi.ist\/wp-content\/uploads\/2015\/12\/biyogaz-fuar-1900x700_c-80x29.png 80w, https:\/\/www.enerjigazetesi.ist\/wp-content\/uploads\/2015\/12\/biyogaz-fuar-1900x700_c.png 1900w\" sizes=\"(max-width: 300px) 100vw, 300px\" \/><\/a>2016 y\u0131l\u0131n\u0131n ilk enerji ihtisas fuar\u0131 olan\u00a0ve\u00a021-23 Ocak tarihleri aras\u0131nda Ankara Congresium\u2019da Demos Fuarc\u0131l\u0131k taraf\u0131ndan d\u00fczenlenen POWERNEXT FAIRS, Biyogaz ve Biyoenerji Teknolojileri Fuar ve Konferans\u0131na da ev sahipli\u011fi yapacak.\u00a0<\/span><span style=\"font-weight: bold; color: #222222;\">Etkinlik b\u00fcnyesindeki Konferans alternatifenerji.com taraf\u0131ndan d\u00fczenleniyor.\u00a0\u00a0<\/span><\/p>\n<p style=\"color: #666666;\">Gerek tar\u0131m gerek hayvanc\u0131l\u0131k alan\u0131nda b\u00fcy\u00fck bir potansiyeli olan \u00fclkemizde, maalesef biyogaz\/biyoenerji teknolojilerinden elektrik \u00fcretimi hak etti\u011fi yerde bulunmamaktad\u0131r.Oysa biyogaz, di\u011fer enerji \u00fcretim t\u00fcrlerinden farkl\u0131 olarak \u00e7evreci boyutu hayli y\u00fcksek olan bir enerjidir. Hammaddesi genellikle at\u0131k olan biyogaz tesisleri; do\u011faya, \u00e7evreye zarar veren, tar\u0131m ve hayvanc\u0131l\u0131k sekt\u00f6rlerinin en b\u00fcy\u00fck s\u0131k\u0131nt\u0131s\u0131 olan hayvan d\u0131\u015fk\u0131lar\u0131 ve tar\u0131m at\u0131klar\u0131n\u0131n bertaraf\u0131n\u0131 sa\u011flayarak bu sekt\u00f6rleri destekler niteliktedir.<\/p>\n<p style=\"color: #666666;\">21-23 Ocak tarihleri aras\u0131nda\u00a0\u00a0<span style=\"font-weight: bold; color: #222222;\">Demos Fuarc\u0131l\u0131k<\/span>\u00a0taraf\u0131ndan organize edilmekte olan PowerNext Fuarlar\u0131 kapsam\u0131nda ger\u00e7ekle\u015fecek olan\u00a0<span style=\"font-weight: bold; color: #222222;\">Biyogaz Teknolojileri Fuar ve Konferans\u0131<\/span>,\u00a0kamu ve \u00f6zel sekt\u00f6r\u00fcn bir araya gelmesi, konuya yat\u0131r\u0131m yapan t\u00fcm kurum ve kurulu\u015flar\u0131n vizyonlar\u0131n\u0131 payla\u015farak \u00fcst d\u00fczeyde bilgi al\u0131\u015fveri\u015finin ger\u00e7ekle\u015fmesi ve Biyogaz \/ Biyoenerji teknolojileri konusunda \u00e7al\u0131\u015fma yapanlar\u0131n aras\u0131nda sinerji yarat\u0131lmas\u0131 hedefi ile yola \u00e7\u0131kt\u0131.<\/p>\n<p style=\"color: #666666;\">\u00dclkemizde yap\u0131lm\u0131\u015f ve yap\u0131lmakta olan \u00e7al\u0131\u015fmalar\u0131n bir araya gelece\u011fi, Biyogaz yat\u0131r\u0131mlar\u0131 alan\u0131nda ya\u015fanmakta olan sorunlar\u0131n tart\u0131\u015f\u0131laca\u011f\u0131\u00a0Biyogaz Teknolojileri Fuar ve Konferans\u0131<span style=\"font-weight: bold; color: #222222;\">\u00a0Ankara Congressium Kongre Merkezinde<\/span>\u00a0ger\u00e7ekle\u015fecek.<\/p>\n<p style=\"color: #666666;\">BESTMER, BiyoDer, BiyogazDer gibi STK\u2019lar\u0131n yan\u0131s\u0131ra \u0130ZAYDA\u015e, S\u00fcta\u015f, Ya\u015far Holding, BioConstruct, Altaca, Exergy, Es\u00e7em \u00c7evre, MCE Alternatif Enerji, MRU Baca Sistemleri, Triveni Turbine, Herz Energie, Forsen Makina, Akal Makina, Hochreiter, Sebigaz ve Trend Enerji gibi sekt\u00f6rdeki \u00f6nemli yerli ve yabanc\u0131 \u015firketlerin kat\u0131laca\u011f\u0131 etkinlik hakk\u0131nda ayr\u0131nt\u0131l\u0131 bilgi i\u00e7in\u00a0<a style=\"color: #fc8d8d;\" href=\"http:\/\/www.demosfuar.com.tr\/\">www.demosfuar.com.tr<\/a>\u00a0\u00a0ve\u00a0\u00a0<a style=\"color: #fc8d8d;\" href=\"http:\/\/powernextfair.com\/fuar\/Biyogaz,%20Biyok%C3%BCtle,%20Biyodizel%20Enerji%20Teknolojileri%20ve%20Ekipmanlar%C4%B1%20Fuar%C4%B1%20\/4\/detail\">www.powernextfair.com<\/a>\u00a0adreslerini ziyaret edebilirsiniz.<\/p>\n<p style=\"color: #666666;\">\n<p style=\"color: #666666;\"><img loading=\"lazy\" class=\"aligncenter visible animated\" src=\"http:\/\/powernextfair.com\/content\/upload\/fair_image\/BIOMASS%20BANNER%20.jpg\" alt=\"Biyogaz, Biyok\u00fctle, Biyodizel Enerji Teknolojileri ve Ekipmanlar\u0131 Fuar\u0131 Banner\" width=\"684\" height=\"185\" \/><\/p>\n<p><\/p>","protected":false},"excerpt":{"rendered":"<p>Sorry, this entry is only available in Turkish. For the sake of viewer convenience, the content is shown below in the alternative language. You may click the link to switch the active language. 2016 y\u0131l\u0131n\u0131n ilk enerji ihtisas fuar\u0131 olan\u00a0ve\u00a021-23 Ocak tarihleri aras\u0131nda Ankara Congresium\u2019da Demos Fuarc\u0131l\u0131k taraf\u0131ndan d\u00fczenlenen POWERNEXT FAIRS, Biyogaz ve Biyoenerji Teknolojileri [&hellip;]<\/p>\n","protected":false},"author":1,"featured_media":47371,"comment_status":"open","ping_status":"open","sticky":false,"template":"","format":"standard","meta":[],"categories":[22893,53],"tags":[3119,640],"views":1011,"_links":{"self":[{"href":"https:\/\/www.enerjigazetesi.ist\/en\/wp-json\/wp\/v2\/posts\/47370"}],"collection":[{"href":"https:\/\/www.enerjigazetesi.ist\/en\/wp-json\/wp\/v2\/posts"}],"about":[{"href":"https:\/\/www.enerjigazetesi.ist\/en\/wp-json\/wp\/v2\/types\/post"}],"author":[{"embeddable":true,"href":"https:\/\/www.enerjigazetesi.ist\/en\/wp-json\/wp\/v2\/users\/1"}],"replies":[{"embeddable":true,"href":"https:\/\/www.enerjigazetesi.ist\/en\/wp-json\/wp\/v2\/comments?post=47370"}],"version-history":[{"count":1,"href":"https:\/\/www.enerjigazetesi.ist\/en\/wp-json\/wp\/v2\/posts\/47370\/revisions"}],"predecessor-version":[{"id":47373,"href":"https:\/\/www.enerjigazetesi.ist\/en\/wp-json\/wp\/v2\/posts\/47370\/revisions\/47373"}],"wp:featuredmedia":[{"embeddable":true,"href":"https:\/\/www.enerjigazetesi.ist\/en\/wp-json\/wp\/v2\/media\/47371"}],"wp:attachment":[{"href":"https:\/\/www.enerjigazetesi.ist\/en\/wp-json\/wp\/v2\/media?parent=47370"}],"wp:term":[{"taxonomy":"category","embeddable":true,"href":"https:\/\/www.enerjigazetesi.ist\/en\/wp-json\/wp\/v2\/categories?post=47370"},{"taxonomy":"post_tag","embeddable":true,"href":"https:\/\/www.enerjigazetesi.ist\/en\/wp-json\/wp\/v2\/tags?post=47370"}],"curies":[{"name":"wp","href":"https:\/\/api.w.org\/{rel}","templated":true}]}}