{"id":47357,"date":"2015-12-02T22:39:38","date_gmt":"2015-12-02T19:39:38","guid":{"rendered":"https:\/\/www.enerjigazetesi.ist\/?p=47357"},"modified":"2015-12-02T22:57:03","modified_gmt":"2015-12-02T19:57:03","slug":"yatirimlar-komurden-yenilenebilir-enerjiye-kayiyor","status":"publish","type":"post","link":"https:\/\/www.enerjigazetesi.ist\/en\/yatirimlar-komurden-yenilenebilir-enerjiye-kayiyor\/","title":{"rendered":"(Turkish) Yat\u0131r\u0131mlar K\u00f6m\u00fcrden Yenilenebilir Enerjiye Kay\u0131yor!"},"content":{"rendered":"<p class=\"qtranxs-available-languages-message qtranxs-available-languages-message-en\">Sorry, this entry is only available in <a href=\"https:\/\/www.enerjigazetesi.ist\/tr\/wp-json\/wp\/v2\/posts\/47357\" class=\"qtranxs-available-language-link qtranxs-available-language-link-tr\" title=\"Turkish\">Turkish<\/a>. For the sake of viewer convenience, the content is shown below in the alternative language. You may click the link to switch the active language.<\/p><p><strong>Birle\u015fmi\u015f Milletler \u0130klim Konferans\u0131\u2019n\u0131n ikinci g\u00fcn\u00fcnde Enerji Ekonomisi ve Finansal Analiz Enstit\u00fcs\u00fc (IIEFA) k\u00fcresel enerji pazar\u0131ndaki e\u011filimleri g\u00f6steren Carpe Diem: K\u00fcresel Enerji Piyasas\u0131n\u0131n D\u00f6n\u00fc\u015f\u00fcm\u00fcne Yat\u0131r\u0131m Yap<a href=\"https:\/\/www.enerjigazetesi.ist\/wp-content\/uploads\/2015\/12\/yatirimlar-komurden-yenilenebilir-enerjiye-kayiyor.jpg\"><img loading=\"lazy\" class=\"alignleft size-medium wp-image-47358\" src=\"https:\/\/www.enerjigazetesi.ist\/wp-content\/uploads\/2015\/12\/yatirimlar-komurden-yenilenebilir-enerjiye-kayiyor-300x225.jpg\" alt=\"yatirimlar-komurden-yenilenebilir-enerjiye-kayiyor\" width=\"300\" height=\"225\" srcset=\"https:\/\/www.enerjigazetesi.ist\/wp-content\/uploads\/2015\/12\/yatirimlar-komurden-yenilenebilir-enerjiye-kayiyor-300x225.jpg 300w, https:\/\/www.enerjigazetesi.ist\/wp-content\/uploads\/2015\/12\/yatirimlar-komurden-yenilenebilir-enerjiye-kayiyor-500x375.jpg 500w, https:\/\/www.enerjigazetesi.ist\/wp-content\/uploads\/2015\/12\/yatirimlar-komurden-yenilenebilir-enerjiye-kayiyor-66x50.jpg 66w, https:\/\/www.enerjigazetesi.ist\/wp-content\/uploads\/2015\/12\/yatirimlar-komurden-yenilenebilir-enerjiye-kayiyor.jpg 900w\" sizes=\"(max-width: 300px) 100vw, 300px\" \/><\/a>mak i\u00e7in Tam Zaman\u0131 oldu\u011funu g\u00f6steren Sekiz \u0130\u015faret adl\u0131 bir rapor yay\u0131nlad\u0131.<\/strong><\/p>\n<p>Rapor \u00f6zellikle yenilebilir enerjideki geli\u015fmelerin ve k\u00f6m\u00fcre kar\u015f\u0131 giderek artan yapt\u0131r\u0131mlar\u0131n, enerji pazar\u0131nda \u00f6nemli geli\u015fmelere sebep oldu\u011funu belirtiyor. Bu geli\u015fmeler \u0131\u015f\u0131\u011f\u0131nda k\u00f6m\u00fcre talebin giderek azald\u0131\u011f\u0131n\u0131 ve k\u00fcresel pazarlarda yat\u0131r\u0131m sermayelerinin h\u0131zl\u0131 bir bi\u00e7imde k\u00f6m\u00fcrden yenilenebilire kayd\u0131\u011f\u0131n\u0131 ifade ediyor. K\u00f6m\u00fcr konusunda T\u00fcrkiye\u2019nin de kilit pazarlardan biri oldu\u011fu ifade edilen raporda, T\u00fcrkiye\u2019de var olan k\u00f6m\u00fcr destekleri ve k\u00f6m\u00fcr odakl\u0131 enerji politikalar\u0131na ra\u011fmen k\u00f6m\u00fcr t\u00fcketiminde 2015 y\u00fczde 13 azalma oldu\u011fu belirtiyor.<\/p>\n<p><span style=\"color: #000000;\">\u00a0<\/span>Raporun \u00f6ne \u00e7\u0131kan ba\u015fl\u0131klar\u0131 \u015f\u00f6yle:<br \/>\n\u2022 Kilit pazarlarda k\u00f6m\u00fcr\u00fcn elektrik \u00fcretimindeki pay\u0131 d\u00fc\u015f\u00fcyor. IEEFA bu d\u00f6n\u00fc\u015f\u00fcm\u00fcn bir\u00e7ok analizin bekledi\u011finden daha h\u0131zl\u0131 oldu\u011funu belirtiyor. \u00d6rne\u011fin, raporda k\u00f6m\u00fcrl\u00fc termik santraller konusunda kilit pazarlardan biri olarak g\u00f6sterilen T\u00fcrkiye\u2019de var olan k\u00f6m\u00fcr destekleri ve k\u00f6m\u00fcr odakl\u0131 enerji politikalar\u0131na ra\u011fmen k\u00f6m\u00fcr t\u00fcketiminde 2015\u2019te y\u00fczde 13 azalma oldu\u011fu vurgulan\u0131yor.<br \/>\n\u2022 Deniz yoluyla ta\u015f\u0131nan k\u00f6m\u00fcre talep azal\u0131yor, fiyatlar d\u00fc\u015f\u00fcyor. IEEFA uluslararas\u0131 ticarete konu olan k\u00f6m\u00fcr\u00fcn 2014 y\u0131l\u0131nda 1,113 tonla, b\u00fcy\u00fck ihtimalle zirve yapt\u0131\u011f\u0131n\u0131 ve art\u0131k azalma e\u011filimi g\u00f6sterdi\u011fini s\u00f6yl\u00fcyor. IEEFA\u2019n\u0131n analizi, 2021\u2019e kadar bu miktar\u0131n y\u00fczde 30 azalaca\u011f\u0131n\u0131 g\u00f6steriyor.<br \/>\n\u2022 Yenilenebilir enerji ucuzluyor. Teknolojik yenilikler ve b\u00fcy\u00fck ekonomilerdeki yenilenebilir enerji talebi, yenilebilir enerji yat\u0131r\u0131m maliyetlerini d\u00fc\u015f\u00fcr\u00fcyor. G\u00fcne\u015f enerjisinin maliyeti y\u0131lda iki haneli y\u00fczdelerle d\u00fc\u015f\u00fcyor, g\u00fcne\u015f bir\u00e7ok enerji pazar\u0131nda giderek rekabet\u00e7ili\u011fini art\u0131yor. Pil ve depolama teknolojilerinin maliyetlerindeki h\u0131zl\u0131 d\u00fc\u015f\u00fc\u015f, ademi merkeziyet\u00e7i enerji yat\u0131r\u0131mlar\u0131n\u0131 artt\u0131racak ve fosil yak\u0131t temelli yat\u0131r\u0131mlar\u0131 sekteye u\u011fratacakt\u0131r.<br \/>\n\u2022 Yat\u0131r\u0131m sermayesi h\u0131zl\u0131 bir \u015fekilde k\u00f6m\u00fcrden yenilenebilire kay\u0131yor. Ge\u00e7en on y\u0131lda, yat\u0131r\u0131mc\u0131lar ba\u015fta g\u00fcne\u015f ve r\u00fczg\u00e2r olmak \u00fczere yenilenebilir enerji kaynaklar\u0131na 1,5 trilyon dolar yat\u0131r\u0131m yapt\u0131.<br \/>\n\u2022 Yenilenebilir enerji kapasitesi bu d\u00f6nemde daha da h\u0131zl\u0131 bir bi\u00e7imde artt\u0131. Bu e\u011filimler, finansal marketlerin yap\u0131sal olarak k\u00f6m\u00fcr yerine d\u00fc\u015f\u00fck karbonlu yat\u0131r\u0131mlara y\u00f6nelmesini giderek artt\u0131r\u0131yor.<br \/>\n\u2022 D\u00fcnya\u2019n\u0131n en b\u00fcy\u00fck h\u00fck\u00fbmet fonu olan Norve\u00e7 Emeklilik Fonu\u2019nun k\u00f6m\u00fcre yat\u0131r\u0131mdan vazge\u00e7mesi ve D\u00fcnya\u2019n\u0131n en b\u00fcy\u00fck sigorta \u015firketi olan Allianz\u2019\u0131n da Norve\u00e7\u2019i takip ederek k\u00f6m\u00fcr firmalar\u0131na yat\u0131r\u0131mlar\u0131n\u0131 durdurmas\u0131 2015 y\u0131l\u0131ndaki finansal geli\u015fmelerden sadece ikisi. Bu iki karar toplamda 10 milyar dolarl\u0131k yat\u0131r\u0131m\u0131n k\u00f6m\u00fcrs\u00fczle\u015fmesi anlam\u0131na geliyor.<br \/>\n\u2022 Gere\u011finden fazla k\u00f6m\u00fcr santrali in\u015fa edilmi\u015f. \u00c7in destekleyebilece\u011finden daha fazla k\u00f6m\u00fcr santrali in\u015fa etti, Hindistan yenilebilir enerjiye y\u00f6neliyor ve ABD k\u00f6m\u00fcr santrallerini emekliye ay\u0131r\u0131yor.<br \/>\n\u2022 K\u00f6m\u00fcr firmalar\u0131 b\u00fcy\u00fck finansal sorunlarla u\u011fra\u015f\u0131yor. K\u00f6m\u00fcr firmalar\u0131, enerji verimlili\u011fi kazan\u00e7lar\u0131, elektrik talebindeki de\u011fi\u015fiklikler, giderek artan do\u011falgazl\u0131 santraller, geni\u015fleyen yenilenebilir enerji projeleri ve kirlilik kontrol d\u00fczenlemeleri y\u00fcz\u00fcnden ciddi finansal krizler ile kar\u015f\u0131 kar\u015f\u0131ya.<br \/>\n\u2022 K\u00f6m\u00fcr talebini yap\u0131sal olarak d\u00fc\u015f\u00fcrme k\u00fcresel bir ortak g\u00f6r\u00fc\u015f.<br \/>\n\u2022 K\u00fcresel Bankalar odaklar\u0131n\u0131 yenilenebilire do\u011fru de\u011fi\u015ftiriyor. Giderek artan say\u0131da global finans gruplar\u0131 k\u00f6m\u00fcr konusundaki ka\u00e7\u0131n\u0131lmaz olan d\u00fczenlemeleri g\u00f6z \u00f6n\u00fcnde bulundurmaya ba\u015fl\u0131yor ve fosil yak\u0131tlara olan yat\u0131r\u0131mlar\u0131n\u0131 g\u00f6zden ge\u00e7iriyor.<\/p>\n<p><span style=\"color: #000000;\">Raporun tamam\u0131 i\u00e7in <a style=\"color: #000000;\" href=\"http:\/\/ieefa.org\/wp-content\/uploads\/2015\/11\/Carpe-Diem-Report.pdf\" target=\"_blank\"><span style=\"color: #800000;\">t\u0131klay\u0131n&gt;&gt;&gt;<\/span><\/a><\/span><\/p>\n<p>Kaynak: ieefa.org<\/p>","protected":false},"excerpt":{"rendered":"<p>Sorry, this entry is only available in Turkish. For the sake of viewer convenience, the content is shown below in the alternative language. You may click the link to switch the active language.Birle\u015fmi\u015f Milletler \u0130klim Konferans\u0131\u2019n\u0131n ikinci g\u00fcn\u00fcnde Enerji Ekonomisi ve Finansal Analiz Enstit\u00fcs\u00fc (IIEFA) k\u00fcresel enerji pazar\u0131ndaki e\u011filimleri g\u00f6steren Carpe Diem: K\u00fcresel Enerji Piyasas\u0131n\u0131n [&hellip;]<\/p>\n","protected":false},"author":1,"featured_media":47358,"comment_status":"open","ping_status":"open","sticky":false,"template":"","format":"standard","meta":[],"categories":[53,49,24649,50],"tags":[63,27195,67,1009,2698,165,24884,27196,18489,1675,23099,105,358],"views":1077,"_links":{"self":[{"href":"https:\/\/www.enerjigazetesi.ist\/en\/wp-json\/wp\/v2\/posts\/47357"}],"collection":[{"href":"https:\/\/www.enerjigazetesi.ist\/en\/wp-json\/wp\/v2\/posts"}],"about":[{"href":"https:\/\/www.enerjigazetesi.ist\/en\/wp-json\/wp\/v2\/types\/post"}],"author":[{"embeddable":true,"href":"https:\/\/www.enerjigazetesi.ist\/en\/wp-json\/wp\/v2\/users\/1"}],"replies":[{"embeddable":true,"href":"https:\/\/www.enerjigazetesi.ist\/en\/wp-json\/wp\/v2\/comments?post=47357"}],"version-history":[{"count":2,"href":"https:\/\/www.enerjigazetesi.ist\/en\/wp-json\/wp\/v2\/posts\/47357\/revisions"}],"predecessor-version":[{"id":47363,"href":"https:\/\/www.enerjigazetesi.ist\/en\/wp-json\/wp\/v2\/posts\/47357\/revisions\/47363"}],"wp:featuredmedia":[{"embeddable":true,"href":"https:\/\/www.enerjigazetesi.ist\/en\/wp-json\/wp\/v2\/media\/47358"}],"wp:attachment":[{"href":"https:\/\/www.enerjigazetesi.ist\/en\/wp-json\/wp\/v2\/media?parent=47357"}],"wp:term":[{"taxonomy":"category","embeddable":true,"href":"https:\/\/www.enerjigazetesi.ist\/en\/wp-json\/wp\/v2\/categories?post=47357"},{"taxonomy":"post_tag","embeddable":true,"href":"https:\/\/www.enerjigazetesi.ist\/en\/wp-json\/wp\/v2\/tags?post=47357"}],"curies":[{"name":"wp","href":"https:\/\/api.w.org\/{rel}","templated":true}]}}