{"id":47350,"date":"2015-12-02T22:19:29","date_gmt":"2015-12-02T19:19:29","guid":{"rendered":"https:\/\/www.enerjigazetesi.ist\/?p=47350"},"modified":"2015-12-02T22:19:29","modified_gmt":"2015-12-02T19:19:29","slug":"elektrikte-reklam-geliri-yuzde-25-oraninda-tuketiciye-yansitilacak","status":"publish","type":"post","link":"https:\/\/www.enerjigazetesi.ist\/en\/elektrikte-reklam-geliri-yuzde-25-oraninda-tuketiciye-yansitilacak\/","title":{"rendered":"(Turkish) Elektrikte Reklam Geliri Y\u00fczde 25 Oran\u0131nda T\u00fcketiciye Yans\u0131t\u0131lacak!"},"content":{"rendered":"<p class=\"qtranxs-available-languages-message qtranxs-available-languages-message-en\">Sorry, this entry is only available in <a href=\"https:\/\/www.enerjigazetesi.ist\/tr\/wp-json\/wp\/v2\/posts\/47350\" class=\"qtranxs-available-language-link qtranxs-available-language-link-tr\" title=\"Turkish\">Turkish<\/a>. For the sake of viewer convenience, the content is shown below in the alternative language. You may click the link to switch the active language.<\/p><p><\/p>\n<p style=\"color: #0a0a0a;\"><strong>EPDK, elektrik da\u011f\u0131t\u0131m \u015febekeleri \u00fczerinden elde edilen reklam ve benzeri gelirlerin y\u00fczde 75\u2019inin da\u011f\u0131t\u0131m \u015firketlerine b\u0131rak\u0131lmas\u0131na, y\u00fczde 25\u2019inin ise tarifelere yans\u0131t\u0131lmas\u0131na karar verdi.<\/strong><span id=\"more-74379\"><\/span><\/p>\n<p style=\"color: #0a0a0a;\">Enerji Piyasas\u0131 D\u00fcze<a href=\"https:\/\/www.enerjigazetesi.ist\/wp-content\/uploads\/2015\/12\/elektrikte-reklam-geliri-yuzde-25-oraninda-tuketiciye-yansitilacak.jpg\"><img loading=\"lazy\" class=\"alignleft size-medium wp-image-47351\" src=\"https:\/\/www.enerjigazetesi.ist\/wp-content\/uploads\/2015\/12\/elektrikte-reklam-geliri-yuzde-25-oraninda-tuketiciye-yansitilacak-300x165.jpg\" alt=\"elektrikte-reklam-geliri-yuzde-25-oraninda-tuketiciye-yansitilacak\" width=\"300\" height=\"165\" srcset=\"https:\/\/www.enerjigazetesi.ist\/wp-content\/uploads\/2015\/12\/elektrikte-reklam-geliri-yuzde-25-oraninda-tuketiciye-yansitilacak-300x165.jpg 300w, https:\/\/www.enerjigazetesi.ist\/wp-content\/uploads\/2015\/12\/elektrikte-reklam-geliri-yuzde-25-oraninda-tuketiciye-yansitilacak-500x276.jpg 500w, https:\/\/www.enerjigazetesi.ist\/wp-content\/uploads\/2015\/12\/elektrikte-reklam-geliri-yuzde-25-oraninda-tuketiciye-yansitilacak-80x44.jpg 80w, https:\/\/www.enerjigazetesi.ist\/wp-content\/uploads\/2015\/12\/elektrikte-reklam-geliri-yuzde-25-oraninda-tuketiciye-yansitilacak.jpg 696w\" sizes=\"(max-width: 300px) 100vw, 300px\" \/><\/a>nleme Kurumu (EPDK)\u2019n\u0131n ald\u0131\u011f\u0131 kararla da\u011f\u0131t\u0131m \u015firketlerinin b\u00f6lgelerinde i\u015fletti\u011fi \u015febekeler \u00fczerinden elde etti\u011fi Reklam, kira ile baz istasyonu, ara\u00e7, bina, arazi, veri transferi ileti\u015fim alt yap\u0131s\u0131 kullan\u0131m gelirlerinin y\u00fczde 75\u2019i da\u011f\u0131t\u0131m \u015firketlerine b\u0131rak\u0131lacak. Bu gelirlerin y\u00fczde 25\u2019i ise tarifelere indirim olarak yans\u0131yacak.<\/p>\n<p style=\"color: #0a0a0a;\">Bu kararla \u015firketlerin te\u015fvik edilmeleri ve elde edilen gelir ile tarifelerde indirim imkan\u0131 sa\u011flanmas\u0131n\u0131n \u00f6n\u00fc a\u00e7\u0131lm\u0131\u015f oluyor. De\u011fi\u015fiklik ile ayr\u0131ca \u015firketlerin elde etti\u011fi gelirlere ba\u011fl\u0131 olarak elektrik faturalar\u0131nda da indirime gitmeleri bekleniyor.<\/p>\n<p style=\"color: #0a0a0a;\">EPDK Ba\u015fkan\u0131 Mustafa Y\u0131lmaz, elektrik \u00fcretim ve da\u011f\u0131t\u0131m \u015firketlerinin \u00f6zellikle dolar kurunun art\u0131\u015f\u0131ndan kaynaklanan sorunlar\u0131n\u0131 bildiklerini belirterek, da\u011f\u0131t\u0131m \u015firketlerini belli bir \u00f6l\u00e7\u00fcde rahatlatacak, \u201cgelir yarat\u0131c\u0131\u201d baz\u0131 \u00e7al\u0131\u015fmalar yapt\u0131klar\u0131n\u0131 a\u00e7\u0131klam\u0131\u015ft\u0131.<\/p>\n<p style=\"color: #0a0a0a;\">Kaynak: Enerji Enstit\u00fcs\u00fc<\/p>\n<p><\/p>","protected":false},"excerpt":{"rendered":"<p>Sorry, this entry is only available in Turkish. For the sake of viewer convenience, the content is shown below in the alternative language. You may click the link to switch the active language. EPDK, elektrik da\u011f\u0131t\u0131m \u015febekeleri \u00fczerinden elde edilen reklam ve benzeri gelirlerin y\u00fczde 75\u2019inin da\u011f\u0131t\u0131m \u015firketlerine b\u0131rak\u0131lmas\u0131na, y\u00fczde 25\u2019inin ise tarifelere yans\u0131t\u0131lmas\u0131na karar [&hellip;]<\/p>\n","protected":false},"author":1,"featured_media":47351,"comment_status":"open","ping_status":"open","sticky":false,"template":"","format":"standard","meta":[],"categories":[51,53],"tags":[68,61,19638,1451,2873,25842,27194,63,67,1009,2698,1046,165,750,12996],"views":821,"_links":{"self":[{"href":"https:\/\/www.enerjigazetesi.ist\/en\/wp-json\/wp\/v2\/posts\/47350"}],"collection":[{"href":"https:\/\/www.enerjigazetesi.ist\/en\/wp-json\/wp\/v2\/posts"}],"about":[{"href":"https:\/\/www.enerjigazetesi.ist\/en\/wp-json\/wp\/v2\/types\/post"}],"author":[{"embeddable":true,"href":"https:\/\/www.enerjigazetesi.ist\/en\/wp-json\/wp\/v2\/users\/1"}],"replies":[{"embeddable":true,"href":"https:\/\/www.enerjigazetesi.ist\/en\/wp-json\/wp\/v2\/comments?post=47350"}],"version-history":[{"count":1,"href":"https:\/\/www.enerjigazetesi.ist\/en\/wp-json\/wp\/v2\/posts\/47350\/revisions"}],"predecessor-version":[{"id":47352,"href":"https:\/\/www.enerjigazetesi.ist\/en\/wp-json\/wp\/v2\/posts\/47350\/revisions\/47352"}],"wp:featuredmedia":[{"embeddable":true,"href":"https:\/\/www.enerjigazetesi.ist\/en\/wp-json\/wp\/v2\/media\/47351"}],"wp:attachment":[{"href":"https:\/\/www.enerjigazetesi.ist\/en\/wp-json\/wp\/v2\/media?parent=47350"}],"wp:term":[{"taxonomy":"category","embeddable":true,"href":"https:\/\/www.enerjigazetesi.ist\/en\/wp-json\/wp\/v2\/categories?post=47350"},{"taxonomy":"post_tag","embeddable":true,"href":"https:\/\/www.enerjigazetesi.ist\/en\/wp-json\/wp\/v2\/tags?post=47350"}],"curies":[{"name":"wp","href":"https:\/\/api.w.org\/{rel}","templated":true}]}}