{"id":47321,"date":"2015-12-02T10:01:14","date_gmt":"2015-12-02T07:01:14","guid":{"rendered":"https:\/\/www.enerjigazetesi.ist\/?p=47321"},"modified":"2015-12-02T10:01:14","modified_gmt":"2015-12-02T07:01:14","slug":"yuzde-30-yenilenebilir-enerji-hedefimize-ulasacagiz","status":"publish","type":"post","link":"https:\/\/www.enerjigazetesi.ist\/en\/yuzde-30-yenilenebilir-enerji-hedefimize-ulasacagiz\/","title":{"rendered":"(Turkish) \u201cY\u00fczde 30 Yenilenebilir Enerji Hedefimize Ula\u015faca\u011f\u0131z&#8230;\u201d"},"content":{"rendered":"<p class=\"qtranxs-available-languages-message qtranxs-available-languages-message-en\">Sorry, this entry is only available in <a href=\"https:\/\/www.enerjigazetesi.ist\/tr\/wp-json\/wp\/v2\/posts\/47321\" class=\"qtranxs-available-language-link qtranxs-available-language-link-tr\" title=\"Turkish\">Turkish<\/a>. For the sake of viewer convenience, the content is shown below in the alternative language. You may click the link to switch the active language.<\/p><p><\/p>\n<p style=\"color: #666666;\"><span style=\"font-weight: bold; color: #222222;\">\u00c7evre ve \u015eehircilik Bakan\u0131 Fatma G\u00fcldemet Sar\u0131: \u201c2023 y\u0131l\u0131 y\u00fczde 30 yenilenebilir enerji hedefimize \u015f\u00fcphesiz ula\u015faca\u011f\u0131z.\u201d<a href=\"https:\/\/www.enerjigazetesi.ist\/wp-content\/uploads\/2015\/12\/alternatif-enerji-yenilenebilir-enerji-500x500_c.jpg\"><img loading=\"lazy\" class=\"alignright size-medium wp-image-47322\" src=\"https:\/\/www.enerjigazetesi.ist\/wp-content\/uploads\/2015\/12\/alternatif-enerji-yenilenebilir-enerji-500x500_c-300x300.jpg\" alt=\"alternatif-enerji-yenilenebilir-enerji-500x500_c\" width=\"300\" height=\"300\" srcset=\"https:\/\/www.enerjigazetesi.ist\/wp-content\/uploads\/2015\/12\/alternatif-enerji-yenilenebilir-enerji-500x500_c-300x300.jpg 300w, https:\/\/www.enerjigazetesi.ist\/wp-content\/uploads\/2015\/12\/alternatif-enerji-yenilenebilir-enerji-500x500_c-150x150.jpg 150w, https:\/\/www.enerjigazetesi.ist\/wp-content\/uploads\/2015\/12\/alternatif-enerji-yenilenebilir-enerji-500x500_c-400x400.jpg 400w, https:\/\/www.enerjigazetesi.ist\/wp-content\/uploads\/2015\/12\/alternatif-enerji-yenilenebilir-enerji-500x500_c-50x50.jpg 50w, https:\/\/www.enerjigazetesi.ist\/wp-content\/uploads\/2015\/12\/alternatif-enerji-yenilenebilir-enerji-500x500_c.jpg 500w\" sizes=\"(max-width: 300px) 100vw, 300px\" \/><\/a><\/span><\/p>\n<p style=\"color: #666666;\">T\u00fcrkiye\u2019nin 2023 y\u0131l\u0131 i\u00e7in y\u00fczde 30\u00a0<span style=\"font-weight: bold; color: #222222;\">yenilebilir enerjiye<\/span>\u00a0ula\u015f\u0131p ula\u015fmayaca\u011f\u0131 tart\u0131\u015fma konusu olmay\u0131 s\u00fcrd\u00fcr\u00fcyor.<\/p>\n<p style=\"color: #666666;\">enerjienstitusu.com\u2019un haberine g\u00f6re, \u00c7evre ve \u015eehircilik Bakan\u0131 Fatma G\u00fcldemet Sar\u0131, 2030 y\u0131l\u0131na kadar sera gaz\u0131 emisyonlar\u0131n\u0131 normal seyrinin y\u00fczde 21\u2019ine kadar azaltmay\u0131 hedeflediklerini s\u00f6yledi.<\/p>\n<p style=\"color: #666666;\">Birle\u015fmi\u015f Milletler (BM) \u0130klim De\u011fi\u015fikli\u011fi Taraflar Konferans\u0131 (COP21) i\u00e7in Paris\u2019te bulunan Bakan Sar\u0131, T\u00fcrkiye\u2019nin iklim de\u011fi\u015fikli\u011fiyle m\u00fccadeledeki hedefleri ve COP21 hakk\u0131nda yaz\u0131l\u0131 a\u00e7\u0131klama yapt\u0131.<br \/>\nSar\u0131, zirveye ilk defa g\u00f6n\u00fcll\u00fc olarak iyi niyetli katk\u0131lar\u0131n\u0131 sundu\u011funu belirterek, \u201cT\u00fcrkiye 2030 y\u0131l\u0131na kadar\u00a0<span style=\"font-weight: bold; color: #222222;\">sera gaz\u0131 emisyonlar\u0131n\u0131<\/span>\u00a0normal seyrinin y\u00fczde 21\u2019ine kadar indirmeyi iyi niyetli olarak d\u00fcnyaya duyurmu\u015ftur. Bu T\u00fcrkiye i\u00e7in yeni bir ba\u015flang\u0131\u00e7t\u0131r.<span style=\"font-weight: bold; color: #222222;\">\u00a0\u0130klim de\u011fi\u015fikli\u011fi<\/span>konusunda beyaz bir sayfa a\u00e7an T\u00fcrkiye, sorumluluklar\u0131n\u0131 yerine getirmek i\u00e7in elinden geleni yapmaya \u00e7al\u0131\u015facakt\u0131r\u201d ifadesini kulland\u0131.<br \/>\nBakan Sar\u0131,\u00a0<span style=\"font-weight: bold; color: #222222;\">k\u00fcresel iklim de\u011fi\u015fikli\u011fi\u00a0<\/span>sorununun bug\u00fcnk\u00fc neslin yan\u0131nda gelecek nesiller i\u00e7in de b\u00fcy\u00fck bir tehdit arz etti\u011fini vurgulad\u0131.<br \/>\n<span style=\"font-weight: bold; color: #222222;\"><br \/>\n\u201cGeli\u015fmi\u015f \u00fclkeler taahh\u00fctlerini yerine getirmeli\u201d<\/span><br \/>\nYerk\u00fcre s\u0131cakl\u0131\u011f\u0131n\u0131n sanayi devriminden bug\u00fcne neredeyse 1 derece artt\u0131\u011f\u0131n\u0131 ve g\u00fcvenli bir gelecek i\u00e7in k\u00fcresel \u0131s\u0131nmay\u0131 maksimum 2 derecede tutman\u0131n \u015fart oldu\u011funun alt\u0131n\u0131 \u00e7izen Sar\u0131, \u201cBunun i\u00e7in d\u00fcnya \u00fclkelerinin \u00e7ok b\u00fcy\u00fck \u00e7aba sarf etmesi gerekir.<span style=\"font-weight: bold; color: #222222;\">\u00a0Enerji<\/span>\u00a0ba\u015fta olmak \u00fczere,\u00a0<span style=\"font-weight: bold; color: #222222;\">ula\u015ft\u0131rmada, \u015fehirle\u015fmede, at\u0131k y\u00f6netiminde<\/span>, her alanda \u00fcretim s\u00fcre\u00e7lerinin de\u011fi\u015ftirilmesi gerekiyor. D\u00fcnya,\u00a0<span style=\"font-weight: bold; color: #222222;\">iklim de\u011fi\u015fikli\u011fi<\/span>konusunda Kyoto Protokol\u00fc\u2019nden bu yana ne yaz\u0131k ki ciddi bir mesafe alamad\u0131. 2015 Paris \u0130klim Zirvesi\u2019nde d\u00fcnya \u00fclkelerinin belli bir sorumluluk almas\u0131 konusunda umut doluyuz\u201d de\u011ferlendirmesini yapt\u0131.<\/p>\n<p style=\"color: #666666;\">Haberin devam\u0131 i\u00e7in<a style=\"color: #fc8d8d;\" href=\"http:\/\/enerjienstitusu.com\/2015\/12\/01\/2023-yili-yuzde-30-yenilenebilir-enerji-hedefimize-suphesiz-ulasacagiz\/\" target=\"_blank\">\u00a0t\u0131klay\u0131n<\/a><\/p>\n<p><\/p>","protected":false},"excerpt":{"rendered":"<p>Sorry, this entry is only available in Turkish. For the sake of viewer convenience, the content is shown below in the alternative language. You may click the link to switch the active language. \u00c7evre ve \u015eehircilik Bakan\u0131 Fatma G\u00fcldemet Sar\u0131: \u201c2023 y\u0131l\u0131 y\u00fczde 30 yenilenebilir enerji hedefimize \u015f\u00fcphesiz ula\u015faca\u011f\u0131z.\u201d T\u00fcrkiye\u2019nin 2023 y\u0131l\u0131 i\u00e7in y\u00fczde 30\u00a0yenilebilir [&hellip;]<\/p>\n","protected":false},"author":1,"featured_media":47322,"comment_status":"open","ping_status":"open","sticky":false,"template":"","format":"standard","meta":[],"categories":[53],"tags":[3119,1999,2372,105],"views":1034,"_links":{"self":[{"href":"https:\/\/www.enerjigazetesi.ist\/en\/wp-json\/wp\/v2\/posts\/47321"}],"collection":[{"href":"https:\/\/www.enerjigazetesi.ist\/en\/wp-json\/wp\/v2\/posts"}],"about":[{"href":"https:\/\/www.enerjigazetesi.ist\/en\/wp-json\/wp\/v2\/types\/post"}],"author":[{"embeddable":true,"href":"https:\/\/www.enerjigazetesi.ist\/en\/wp-json\/wp\/v2\/users\/1"}],"replies":[{"embeddable":true,"href":"https:\/\/www.enerjigazetesi.ist\/en\/wp-json\/wp\/v2\/comments?post=47321"}],"version-history":[{"count":1,"href":"https:\/\/www.enerjigazetesi.ist\/en\/wp-json\/wp\/v2\/posts\/47321\/revisions"}],"predecessor-version":[{"id":47323,"href":"https:\/\/www.enerjigazetesi.ist\/en\/wp-json\/wp\/v2\/posts\/47321\/revisions\/47323"}],"wp:featuredmedia":[{"embeddable":true,"href":"https:\/\/www.enerjigazetesi.ist\/en\/wp-json\/wp\/v2\/media\/47322"}],"wp:attachment":[{"href":"https:\/\/www.enerjigazetesi.ist\/en\/wp-json\/wp\/v2\/media?parent=47321"}],"wp:term":[{"taxonomy":"category","embeddable":true,"href":"https:\/\/www.enerjigazetesi.ist\/en\/wp-json\/wp\/v2\/categories?post=47321"},{"taxonomy":"post_tag","embeddable":true,"href":"https:\/\/www.enerjigazetesi.ist\/en\/wp-json\/wp\/v2\/tags?post=47321"}],"curies":[{"name":"wp","href":"https:\/\/api.w.org\/{rel}","templated":true}]}}